{"id":118846,"date":"2025-12-17T14:09:10","date_gmt":"2025-12-17T14:09:10","guid":{"rendered":"https:\/\/www.europesays.com\/fi\/118846\/"},"modified":"2025-12-17T14:09:10","modified_gmt":"2025-12-17T14:09:10","slug":"fanit-kummastelevat-elon-musk-kommentoi-hammentavalla-tavalla-sydney-sweeneyn-rintoja","status":"publish","type":"post","link":"https:\/\/www.europesays.com\/fi\/118846\/","title":{"rendered":"Fanit kummastelevat: Elon Musk kommentoi h\u00e4mment\u00e4v\u00e4ll\u00e4 tavalla Sydney Sweeneyn rintoja"},"content":{"rendered":"<p><strong>Elon Musk<\/strong> on her\u00e4tt\u00e4nyt kummastusta kommentillaan<strong> Sydney Sweeneyn<\/strong> rinnoista.<\/p>\n<p>Sweeney n\u00e4htiin maanantaina 2. tammikuuta meill\u00e4 ensi-iltansa saavan Kotiapulainen-trillerin punaisella matolla valkoisessa, melko n\u00e4ytt\u00e4v\u00e4ss\u00e4 juhlamekossa.<\/p>\n<p>Lue my\u00f6s: <a href=\"https:\/\/www.episodi.fi\/uutiset\/uskoisitko-sydney-sweeneyn-uutukainen-sai-paremmat-arvosanat-kuin-james-cameronin-scifi-jatti\/\" title=\"Uskoisitko? Sydney Sweeneyn uutukainen sai paremmat arvosanat kuin James Cameronin scifi-j\u00e4tti\" class=\"underline-custom !font-montserrat !font-bold !underline-offset-4 !decoration-4 !decoration-episodi-blue !text-md\" rel=\"nofollow noopener\" target=\"_blank\">Uskoisitko? Sydney Sweeneyn uutukainen sai paremmat arvosanat kuin James Cameronin scifi-j\u00e4tti<\/a><\/p>\n<p>Lue my\u00f6s: <a href=\"https:\/\/www.episodi.fi\/uutiset\/wicked-for-good-antoi-lippukassoilla-kyytia-parhaalle-pirates-of-the-caribbean-leffalle\/\" title=\"Wicked: For Good antoi lippukassoilla kyyti\u00e4 parhaalle Pirates of the Caribbean -leffalle\" class=\"underline-custom !font-montserrat !font-bold !underline-offset-4 !decoration-4 !decoration-episodi-blue !text-md\" rel=\"nofollow noopener\" target=\"_blank\">Wicked: For Good antoi lippukassoilla kyyti\u00e4 parhaalle Pirates of the Caribbean -leffalle<\/a><\/p>\n<p>Variety julkaisi videon, jossa n\u00e4hd\u00e4\u00e4n Sweeney poseeraamassa kameran edess\u00e4. Fanit kehuivat nuoren t\u00e4hden ulkon\u00e4k\u00f6\u00e4.<\/p>\n<p>Muskilla olivat kuitenkin toiset asiat mieless\u00e4.<\/p>\n<p>Musk jakoi teko\u00e4lyll\u00e4 luodun meemin, jossa n\u00e4htiin isorintainen nainen \u201dMilt\u00e4 se n\u00e4ytt\u00e4\u00e4\u201d -tekstill\u00e4 sek\u00e4 kuva kipe\u00e4st\u00e4 sel\u00e4st\u00e4 tekstill\u00e4 \u201dMilt\u00e4 se tuntuu\u201d.<\/p>\n<p>\u2013 Ei ole helppoa, Musk kirjoitti.<\/p>\n<p>Alla video ja meemi.<\/p>\n<p>Lue my\u00f6s: <a href=\"https:\/\/www.episodi.fi\/uutiskirje\/?uutiskirjemainos=tekstilinkkimainos\" title=\"Tilaa Episodin uutiskirje ja voit voittaa leffalippuja! Nappaa tv-vinkit suoraan s\u00e4hk\u00f6postiin t\u00e4st\u00e4.\" class=\"underline-custom !font-montserrat !font-bold !underline-offset-4 !decoration-4 !decoration-episodi-blue !text-md\" rel=\"nofollow noopener\" target=\"_blank\">Tilaa Episodin uutiskirje ja voit voittaa leffalippuja! Nappaa katseluvinkit suoraan s\u00e4hk\u00f6postiin t\u00e4st\u00e4.<\/a><\/p>\n","protected":false},"excerpt":{"rendered":"Elon Musk on her\u00e4tt\u00e4nyt kummastusta kommentillaan Sydney Sweeneyn rinnoista. Sweeney n\u00e4htiin maanantaina 2. tammikuuta meill\u00e4 ensi-iltansa saavan Kotiapulainen-trillerin&hellip;\n","protected":false},"author":2,"featured_media":118847,"comment_status":"","ping_status":"","sticky":false,"template":"","format":"standard","meta":{"footnotes":""},"categories":[136],"tags":[407,1797,137,33,31,30,408,21521,32,4184,109],"class_list":{"0":"post-118846","1":"post","2":"type-post","3":"status-publish","4":"format-standard","5":"has-post-thumbnail","7":"category-julkkikset","8":"tag-celebrities","9":"tag-elon-musk","10":"tag-entertainment","11":"tag-fi","12":"tag-finland","13":"tag-finnish","14":"tag-julkkikset","15":"tag-kotiapulainen","16":"tag-suomi","17":"tag-sydney-sweeney","18":"tag-viihde"},"share_on_mastodon":{"url":"https:\/\/pubeurope.com\/@fi\/115735308724442149","error":""},"_links":{"self":[{"href":"https:\/\/www.europesays.com\/fi\/wp-json\/wp\/v2\/posts\/118846","targetHints":{"allow":["GET"]}}],"collection":[{"href":"https:\/\/www.europesays.com\/fi\/wp-json\/wp\/v2\/posts"}],"about":[{"href":"https:\/\/www.europesays.com\/fi\/wp-json\/wp\/v2\/types\/post"}],"author":[{"embeddable":true,"href":"https:\/\/www.europesays.com\/fi\/wp-json\/wp\/v2\/users\/2"}],"replies":[{"embeddable":true,"href":"https:\/\/www.europesays.com\/fi\/wp-json\/wp\/v2\/comments?post=118846"}],"version-history":[{"count":0,"href":"https:\/\/www.europesays.com\/fi\/wp-json\/wp\/v2\/posts\/118846\/revisions"}],"wp:featuredmedia":[{"embeddable":true,"href":"https:\/\/www.europesays.com\/fi\/wp-json\/wp\/v2\/media\/118847"}],"wp:attachment":[{"href":"https:\/\/www.europesays.com\/fi\/wp-json\/wp\/v2\/media?parent=118846"}],"wp:term":[{"taxonomy":"category","embeddable":true,"href":"https:\/\/www.europesays.com\/fi\/wp-json\/wp\/v2\/categories?post=118846"},{"taxonomy":"post_tag","embeddable":true,"href":"https:\/\/www.europesays.com\/fi\/wp-json\/wp\/v2\/tags?post=118846"}],"curies":[{"name":"wp","href":"https:\/\/api.w.org\/{rel}","templated":true}]}}