{"id":118850,"date":"2025-12-17T14:13:10","date_gmt":"2025-12-17T14:13:10","guid":{"rendered":"https:\/\/www.europesays.com\/fi\/118850\/"},"modified":"2025-12-17T14:13:10","modified_gmt":"2025-12-17T14:13:10","slug":"keskisuomalaista-paattavaisyytta-ja-metalliosaamista-parhaimmillaan-serpent-gates-julkaisi-debyytin-ensisinglen","status":"publish","type":"post","link":"https:\/\/www.europesays.com\/fi\/118850\/","title":{"rendered":"Keskisuomalaista p\u00e4\u00e4tt\u00e4v\u00e4isyytt\u00e4 ja metalliosaamista parhaimmillaan &#8211; Serpent Gates julkaisi debyytin ensisinglen"},"content":{"rendered":"<p>Rumpali <strong>Juho Hakalaxin<\/strong> ja kitaristi <strong>Tuomas V\u00e4stil\u00e4n<\/strong> muodostama suolahtelaisl\u00e4ht\u00f6inen <strong>Serpent Gates<\/strong> julkaisee intohimolla ja pieteetill\u00e4 syntyneen The Veil of Darkness -esikoislevyns\u00e4 alkuvuodesta 2026. Levyll\u00e4 kuullaan sessiosolistina <strong>Antony Parviaista<\/strong> (<strong>Psychework<\/strong>, <strong>Machine Men<\/strong>), jonka lis\u00e4ksi laulajan b\u00e4nditoveri <strong>J-V Hintikka<\/strong> n\u00e4ytt\u00e4\u00e4 osaamistaan kitarasoolon muodossa yhdell\u00e4 kappaleella.<\/p>\n<p>Vuosien suunnittelun ja ty\u00f6n vaatineelta levylt\u00e4 on nyt julkaistu ensimm\u00e4isen\u00e4 n\u00e4ytteen\u00e4 kappale Metamorphosis, jonka sanoittaja <strong>Jegori Miinin<\/strong> tiivist\u00e4\u00e4 olevan vertauskuva levytyksen loppuunsaattamisesta sek\u00e4 muunnelma er\u00e4\u00e4st\u00e4 Berserk-mangan juonikuviosta.<\/p>\n<p>\u201dHenkil\u00f6kohtaisesti koko levyprojekti oli monellakin tapaa hyvin kivikkoinen sek\u00e4 minulle ett\u00e4 Jegorille. Synkimmill\u00e4 hetkill\u00e4 v\u00e4rit alkoivat haalistua el\u00e4m\u00e4st\u00e4, mik\u00e4 v\u00e4littyy niin musiikillisessa kuin visuaalisessa ilmeess\u00e4 sek\u00e4 tietysti my\u00f6s teksteiss\u00e4 ja levyn nimess\u00e4\u201d, kertoo s\u00e4vellysty\u00f6st\u00e4 vastannut Hakalax.<\/p>\n<p>\u201dP\u00e4\u00e4tt\u00e4v\u00e4isyys vei kuitenkin lopulta voiton ja Metamorphosis onkin voimakas kannanotto unelmien kantamisesta eteenp\u00e4in l\u00e4pi vaikeidenkin aikojen.\u201d<\/p>\n<p><img loading=\"lazy\" decoding=\"async\" alt=\"YouTube video\" width=\"480\" height=\"360\" data-pin-nopin=\"true\" nopin=\"nopin\" class=\"perfmatters-lazy\" src=\"https:\/\/www.europesays.com\/fi\/wp-content\/uploads\/2025\/12\/1765980790_711_hqdefault.jpg\"\/><\/p>\n<p>Lue my\u00f6s: <a href=\"https:\/\/www.inferno.fi\/uutiskirje\/\" title=\"Tilaa Infernon uutiskirje\" class=\"underline-custom !font-montserrat !font-bold !underline-offset-4 !decoration-4 !decoration-red-600 !text-md\" rel=\"nofollow noopener\" target=\"_blank\">Tilaa Infernon uutiskirje ja tied\u00e4t mist\u00e4 kahvitauolla puhutaan! Nappaa raskaan musiikin uutiset ja puheenaiheet suoraan s\u00e4hk\u00f6postiin t\u00e4st\u00e4.<\/a><\/p>\n","protected":false},"excerpt":{"rendered":"Rumpali Juho Hakalaxin ja kitaristi Tuomas V\u00e4stil\u00e4n muodostama suolahtelaisl\u00e4ht\u00f6inen Serpent Gates julkaisee intohimolla ja pieteetill\u00e4 syntyneen The Veil&hellip;\n","protected":false},"author":2,"featured_media":118851,"comment_status":"","ping_status":"","sticky":false,"template":"","format":"standard","meta":{"footnotes":""},"categories":[132],"tags":[12497,137,33,31,30,195,47,1244,32,1245,109],"class_list":{"0":"post-118850","1":"post","2":"type-post","3":"status-publish","4":"format-standard","5":"has-post-thumbnail","7":"category-musiikki","8":"tag-debyytti","9":"tag-entertainment","10":"tag-fi","11":"tag-finland","12":"tag-finnish","13":"tag-music","14":"tag-musiikki","15":"tag-single","16":"tag-suomi","17":"tag-tuleva-levy","18":"tag-viihde"},"share_on_mastodon":{"url":"https:\/\/pubeurope.com\/@fi\/115735324746402178","error":""},"_links":{"self":[{"href":"https:\/\/www.europesays.com\/fi\/wp-json\/wp\/v2\/posts\/118850","targetHints":{"allow":["GET"]}}],"collection":[{"href":"https:\/\/www.europesays.com\/fi\/wp-json\/wp\/v2\/posts"}],"about":[{"href":"https:\/\/www.europesays.com\/fi\/wp-json\/wp\/v2\/types\/post"}],"author":[{"embeddable":true,"href":"https:\/\/www.europesays.com\/fi\/wp-json\/wp\/v2\/users\/2"}],"replies":[{"embeddable":true,"href":"https:\/\/www.europesays.com\/fi\/wp-json\/wp\/v2\/comments?post=118850"}],"version-history":[{"count":0,"href":"https:\/\/www.europesays.com\/fi\/wp-json\/wp\/v2\/posts\/118850\/revisions"}],"wp:featuredmedia":[{"embeddable":true,"href":"https:\/\/www.europesays.com\/fi\/wp-json\/wp\/v2\/media\/118851"}],"wp:attachment":[{"href":"https:\/\/www.europesays.com\/fi\/wp-json\/wp\/v2\/media?parent=118850"}],"wp:term":[{"taxonomy":"category","embeddable":true,"href":"https:\/\/www.europesays.com\/fi\/wp-json\/wp\/v2\/categories?post=118850"},{"taxonomy":"post_tag","embeddable":true,"href":"https:\/\/www.europesays.com\/fi\/wp-json\/wp\/v2\/tags?post=118850"}],"curies":[{"name":"wp","href":"https:\/\/api.w.org\/{rel}","templated":true}]}}