{"id":118858,"date":"2025-12-17T14:21:07","date_gmt":"2025-12-17T14:21:07","guid":{"rendered":"https:\/\/www.europesays.com\/fi\/118858\/"},"modified":"2025-12-17T14:21:07","modified_gmt":"2025-12-17T14:21:07","slug":"putin-raivosi-euroopan-johtajista-pienet-porsaat-uutissuomalainen","status":"publish","type":"post","link":"https:\/\/www.europesays.com\/fi\/118858\/","title":{"rendered":"Putin raivosi Euroopan johtajista: &#8221;Pienet porsaat&#8221; | Uutissuomalainen"},"content":{"rendered":"<p>Ven\u00e4j\u00e4n presidentti <strong>Vladimir Putin<\/strong> piti keskiviikkona puheen Ven\u00e4j\u00e4n puolustusministeri\u00f6n hallituksen kokouksessa.<\/p>\n<p><a href=\"https:\/\/www.theguardian.com\/world\/live\/2025\/dec\/17\/ukraine-russia-war-eu-european-council-frozen-assets-zelenskyy-europe-live-news\" rel=\"nofollow noopener\" target=\"_blank\">The Guardianin<\/a> mukaan Putinin puhe kulki tuttuja latuja: h\u00e4n sanoi muun muassa Ven\u00e4j\u00e4n saavuttavan v\u00e4ist\u00e4m\u00e4tt\u00e4 &#8221;sotilaallisen erikoisoperaation&#8221; tavoitteet.<\/p>\n<p>\u2013\u2009Jos he eiv\u00e4t halua kunnollista keskustelua, Ven\u00e4j\u00e4 vapauttaa historialliset maansa taistelukent\u00e4ll\u00e4, Putin laukoi.<\/p>\n<p>Erityist\u00e4 raivoa Putin kohdisti puheessa Yhdysvaltain entist\u00e4 presidentti\u00e4 <strong>Joe Bidenia<\/strong> sek\u00e4 Euroopan maiden johtajia kohtaan. H\u00e4n v\u00e4itti Bidenin hallinnon ohjanneen konfliktia kohti aseellista yhteenottoa, pyrkimyksen\u00e4\u00e4n heikent\u00e4\u00e4 Ven\u00e4j\u00e4\u00e4 tai jopa tuhota sen.<\/p>\n<p>\u2013\u2009Euroopan pienet porsaat liittyiv\u00e4t heti Yhdysvaltojen edellisen hallinnon kelkkaan, toivoen voivansa hy\u00f6ty\u00e4 maamme romahduksesta.<\/p>\n<p>Yhdysvaltalaisl\u00e4hteiden mukaan Berliiniss\u00e4 Ukrainan kanssa pidetyt neuvottelut onnistuivat ratkaisemaan suurimman osan rauhanneuvotteluja vaivanneista ongelmista. Putinin halukkuus rauhaan on kuitenkin her\u00e4tt\u00e4nyt ep\u00e4ilyksi\u00e4.<\/p>\n<p>Kokouksessa puhui my\u00f6s puolustusministeri <strong>Andrei Belousov<\/strong>, joka syytti Natoa valmistautumisesta sotilaalliseen yhteenottoon.<\/p>\n","protected":false},"excerpt":{"rendered":"Ven\u00e4j\u00e4n presidentti Vladimir Putin piti keskiviikkona puheen Ven\u00e4j\u00e4n puolustusministeri\u00f6n hallituksen kokouksessa. The Guardianin mukaan Putinin puhe kulki tuttuja&hellip;\n","protected":false},"author":2,"featured_media":118859,"comment_status":"","ping_status":"","sticky":false,"template":"","format":"standard","meta":{"footnotes":""},"categories":[14],"tags":[22,23,2267,26,27,33,31,30,17,24,25,28,29,15,18,21,142,637,144,32,19,20,21377,56,16,547,2257,59,60,61],"class_list":{"0":"post-118858","1":"post","2":"type-post","3":"status-publish","4":"format-standard","5":"has-post-thumbnail","7":"category-ulkomaat","8":"tag-breaking-news","9":"tag-breakingnews","10":"tag-eurooppa","11":"tag-featured-news","12":"tag-featurednews","13":"tag-fi","14":"tag-finland","15":"tag-finnish","16":"tag-headlines","17":"tag-latest-news","18":"tag-latestnews","19":"tag-main-news","20":"tag-mainnews","21":"tag-news","22":"tag-otsikot","23":"tag-paauutiset","24":"tag-poliitikot","25":"tag-politiikka","26":"tag-presidentti","27":"tag-suomi","28":"tag-top-stories","29":"tag-topstories","30":"tag-ukrainan-kriisi","31":"tag-ulkomaat","32":"tag-uutiset","33":"tag-venaja","34":"tag-vladimir-putin","35":"tag-world","36":"tag-world-news","37":"tag-worldnews"},"share_on_mastodon":{"url":"https:\/\/pubeurope.com\/@fi\/115735356071874588","error":""},"_links":{"self":[{"href":"https:\/\/www.europesays.com\/fi\/wp-json\/wp\/v2\/posts\/118858","targetHints":{"allow":["GET"]}}],"collection":[{"href":"https:\/\/www.europesays.com\/fi\/wp-json\/wp\/v2\/posts"}],"about":[{"href":"https:\/\/www.europesays.com\/fi\/wp-json\/wp\/v2\/types\/post"}],"author":[{"embeddable":true,"href":"https:\/\/www.europesays.com\/fi\/wp-json\/wp\/v2\/users\/2"}],"replies":[{"embeddable":true,"href":"https:\/\/www.europesays.com\/fi\/wp-json\/wp\/v2\/comments?post=118858"}],"version-history":[{"count":0,"href":"https:\/\/www.europesays.com\/fi\/wp-json\/wp\/v2\/posts\/118858\/revisions"}],"wp:featuredmedia":[{"embeddable":true,"href":"https:\/\/www.europesays.com\/fi\/wp-json\/wp\/v2\/media\/118859"}],"wp:attachment":[{"href":"https:\/\/www.europesays.com\/fi\/wp-json\/wp\/v2\/media?parent=118858"}],"wp:term":[{"taxonomy":"category","embeddable":true,"href":"https:\/\/www.europesays.com\/fi\/wp-json\/wp\/v2\/categories?post=118858"},{"taxonomy":"post_tag","embeddable":true,"href":"https:\/\/www.europesays.com\/fi\/wp-json\/wp\/v2\/tags?post=118858"}],"curies":[{"name":"wp","href":"https:\/\/api.w.org\/{rel}","templated":true}]}}