{"id":11886,"date":"2025-08-21T06:56:09","date_gmt":"2025-08-21T06:56:09","guid":{"rendered":"https:\/\/www.europesays.com\/fi\/11886\/"},"modified":"2025-08-21T06:56:09","modified_gmt":"2025-08-21T06:56:09","slug":"esko-eerikainen-olen-aiheuttanut-lapselleni-traumoja","status":"publish","type":"post","link":"https:\/\/www.europesays.com\/fi\/11886\/","title":{"rendered":"Esko Eerik\u00e4inen: &#8221;Olen aiheuttanut lapselleni traumoja&#8221;"},"content":{"rendered":"<p>            ATTE KAJOVA\n        <\/p>\n<p class=\"subtitle \">Mediapersoona on huolissaan nuorisosta.<\/p>\n<p class=\"article-content article-content-width !bg-background\">Radiojuontaja , 51, on ylpe\u00e4 is\u00e4. H\u00e4nen ja \u00a0tyt\u00e4r , 15, aloitti hiljattain lukion.\u00a0<\/p>\n<p class=\"font-weight-bold m-font-weight-bold article-content article-content-width !bg-background\">Arkistovideo: Esko Eerik\u00e4inen k\u00e4vi kauneusoperaatiossa:<\/p>\n<p class=\"article-content article-content-width !bg-background\">Vicke on Eskolle kaikki kaikessa. Jotain kaksikon l\u00e4heisist\u00e4 v\u00e4leist\u00e4 kertoo, ett\u00e4 he soittelevat ja viestittelev\u00e4t toisilleen kymmeni\u00e4 kertoja p\u00e4iv\u00e4ss\u00e4. Lis\u00e4ksi Esko on kuskannut j\u00e4lkikasvuaan aamuisin kouluun, jotta heill\u00e4 olisi aikaa jutella.\u00a0<\/p>\n<p>        <a itemprop=\"url\" href=\"https:\/\/www.seiska.fi\/kotimaa\/esko-eerikainen-yllattava-perheuutinen\/1903842\" rel=\"nofollow noopener\" target=\"_blank\"><\/p>\n<p>\nEsko Eerik\u00e4inen\n<\/p>\n<p class=\"section-date\">\n        <strong class=\"article-section\" data-section=\"kotimaa\"><br \/>\n            kotimaa<br \/>\n        <\/strong><br \/>\n        20.8. 08:28\n    <\/p>\n<p>    Esko Eerik\u00e4inen: Yll\u00e4tt\u00e4v\u00e4 perheuutinen!<\/p>\n<p itemprop=\"description\" class=\"subtitle \">\n    Eskon el\u00e4m\u00e4ss\u00e4 pyyhkii juuri nyt oikein mukavasti.\n<\/p>\n<p>        <\/a><\/p>\n<p class=\"article-content article-content-width !bg-background\">Esko ja Martina erosivat vuonna 2011. Romanttisen suhteen lopahtamisesta huolimatta he ovat onnistuneet luomaan melko saumattoman yhteisvanhemmuuden. Pelis\u00e4\u00e4nn\u00f6ist\u00e4 sovitaan aina yhdess\u00e4.\u00a0<\/p>\n<p class=\"article-content article-content-width !bg-background\">\u2013 Meill\u00e4 on Martinan kanssa yhtenev\u00e4inen kasvatuslinja. Jos toinen sanoo jotain, niin siit\u00e4 pidet\u00e4\u00e4n kiinni, Esko kertoo Seiskalle.<\/p>\n<p>Avoin kasvatus<\/p>\n<p class=\"article-content article-content-width !bg-background\">Kuten useimmissa lapsiperheiss\u00e4, my\u00f6s Eerik\u00e4isill\u00e4 on s\u00e4\u00e4nt\u00f6j\u00e4 esimerkiksi y\u00f6kyl\u00e4ilyn suhteen. Esko uskoo kuitenkin avoimuuteen. Asioista voidaan siis keskustella, ja tarvittaessa joustoa l\u00f6ytyy puolin ja toisin.\u00a0<\/p>\n<p>                <img decoding=\"async\" src=\"https:\/\/www.europesays.com\/fi\/wp-content\/uploads\/2025\/08\/1905343.webp\" width=\"576\" height=\"720\" alt=\"Esko on yh\u00e4 yst\u00e4v\u00e4 ex-vaimonsa Martinan kanssa.\" loading=\"lazy\" \/>            <\/p>\n<p>\n            Esko on yh\u00e4 yst\u00e4v\u00e4 ex-vaimonsa Martinan kanssa.<br \/>\n            Timo Korhonen\n        <\/p>\n<p class=\"article-content article-content-width !bg-background\">\u2013 On t\u00e4rke\u00e4\u00e4, ett\u00e4 s\u00e4\u00e4nt\u00f6jen lis\u00e4ksi l\u00f6ytyy luottamusta. Lapsen pit\u00e4\u00e4 tiet\u00e4\u00e4, ett\u00e4 kotiin voi aina tulla ja aina voi soittaa, vaikka mit\u00e4 olisi tapahtunut, Esko avaa ajatuksiaan.\u00a0<\/p>\n<p>        <a itemprop=\"url\" href=\"https:\/\/www.seiska.fi\/kotimaa\/esko-eerikaiselle-surullinen-uutinen-aidistaan\/1896053\" rel=\"nofollow noopener\" target=\"_blank\"><\/p>\n<p>\nEsko Eerik\u00e4inen\n<\/p>\n<p class=\"section-date\">\n        <strong class=\"article-section\" data-section=\"kotimaa\"><br \/>\n            kotimaa<br \/>\n        <\/strong><br \/>\n        11.8. 15:28\n    <\/p>\n<p>    Esko Eerik\u00e4iselle surullinen uutinen \u00e4idist\u00e4\u00e4n<\/p>\n<p itemprop=\"description\" class=\"subtitle \">\n    Esko Eerik\u00e4inen sai siskoltaan hetki sitten ik\u00e4vi\u00e4 uutisia \u00e4idist\u00e4\u00e4n.\n<\/p>\n<p>        <\/a><\/p>\n<p class=\"article-content article-content-width !bg-background\">\u2013 Etenkin kun teini-i\u00e4ss\u00e4 tulee uusia kavereita, on olennaista tiet\u00e4\u00e4, miss\u00e4 lapsi py\u00f6rii ja kenen kanssa, h\u00e4n lis\u00e4\u00e4.<\/p>\n<p>Raaka maailma<\/p>\n<p class=\"article-content article-content-width !bg-background\">Eskon mukaan on t\u00e4rke\u00e4\u00e4, ett\u00e4 lapsi kavereineen huomaa, ett\u00e4 n\u00e4iden asiat kiinnostavat vanhempia. Avoimesta linjasta huolimatta on my\u00f6s asioita, joissa Esko on tiukkana: Kotiintuloajat sek\u00e4 se, ett\u00e4 viesteihin pit\u00e4\u00e4 vastata.<\/p>\n<p>        <a itemprop=\"url\" href=\"https:\/\/www.seiska.fi\/vain-seiskassa\/esko-eerikainen-kasi-kadessa-naisen-kanssa-suviyossa-salakuvat\/1888489\" rel=\"nofollow noopener\" target=\"_blank\"><\/p>\n<p>\nNyt jys\u00e4hti!\n<\/p>\n<p class=\"section-date\">\n        <strong class=\"article-section\" data-section=\"vain seiskassa\"><br \/>\n            vain seiskassa<br \/>\n        <\/strong><br \/>\n        4.8. 17:00\n    <\/p>\n<p>    Esko Eerik\u00e4inen k\u00e4si k\u00e4dess\u00e4 naisen kanssa suviy\u00f6ss\u00e4 \u2013 salakuvat!<\/p>\n<p itemprop=\"description\" class=\"subtitle \">\n    Eskon oma selitys on sen sorttinen, ett\u00e4 totuus j\u00e4\u00e4nee asiassa kuulijan itsens\u00e4 varaan.\n<\/p>\n<p>        <\/a><\/p>\n<p class=\"article-content article-content-width !bg-background\">\u2013 Muuten huolestun, Esko selitt\u00e4\u00e4 jatkaen:<\/p>\n<p class=\"article-content article-content-width !bg-background\">\u2013 Lapsen pit\u00e4\u00e4 saada olla lapsi, enk\u00e4 haluaisi tartuttaa h\u00e4neen ylim\u00e4\u00e4r\u00e4ist\u00e4 pelkoa. Nykymeno kuitenkin huolestuttaa minua.<\/p>\n<p>                <img decoding=\"async\" src=\"https:\/\/www.europesays.com\/fi\/wp-content\/uploads\/2025\/08\/1905362.webp\" width=\"576\" height=\"692\" alt=\"Eskon mukaan minimivaatimus vanhemmille on tiet\u00e4\u00e4, miss\u00e4 j\u00e4lkikasvu luuraa ja kenen seurassa.\" loading=\"lazy\" \/>            <\/p>\n<p>\n            Eskon mukaan minimivaatimus vanhemmille on tiet\u00e4\u00e4, miss\u00e4 j\u00e4lkikasvu luuraa ja kenen seurassa.<br \/>\n            Timo Korhonen\n        <\/p>\n<p class=\"article-content article-content-width !bg-background\">Nykymenolla Esko viittaa jengiytymiseen sek\u00e4 nuorten lis\u00e4\u00e4ntyneeseen huumeidenk\u00e4ytt\u00f6\u00f6n. Mediapersoona tiedostaa omassakin lapsuudessaan olleen vaaroja. Ne olivat kuitenkin erilaisia.\u00a0<\/p>\n<p class=\"article-content article-content-width !bg-background\">\u2013 On hullua, ett\u00e4 nuoret kantavat puukkoa mukana. Tytt\u00e4ren is\u00e4n\u00e4 my\u00f6s seksuaalinen ahdistelu huolestuttaa. Maailma on mennyt raa&#8217;aksi.<\/p>\n<p>        <a itemprop=\"url\" href=\"https:\/\/www.seiska.fi\/kotimaa\/podcast-martinan-raju-pyoraonnettomuus-eskoa-puukotettiin-muistatko-nama-karmeat-tilanteet\/1884642\" rel=\"nofollow noopener\" target=\"_blank\"><\/p>\n<p>\nPodcast:\n<\/p>\n<p class=\"section-date\">\n        <strong class=\"article-section\" data-section=\"kotimaa\"><br \/>\n            kotimaa<br \/>\n        <\/strong><br \/>\n        30.7. 19:00\n    <\/p>\n<p>    Podcast: Martinan raju py\u00f6r\u00e4onnettomuus, Eskoa puukotettiin \u2013 muistatko n\u00e4m\u00e4 karmeat tilanteet?<\/p>\n<p itemprop=\"description\" class=\"subtitle \">\n    Martina ja Esko vakavoituvat keskustellessaan, kuinka l\u00e4hell\u00e4 hengenl\u00e4ht\u00f6 oli.\n<\/p>\n<p>        <\/a><\/p>\n<p>Pyrkii parhaimpaansa<\/p>\n<p class=\"article-content article-content-width !bg-background\">Esko per\u00e4\u00e4nkuuluttaa vanhempien vastuuta. Aikuisten velvollisuus on taata lapselleen turvallinen olo. Niin ik\u00e4\u00e4n l\u00e4sn\u00e4olo on t\u00e4rke\u00e4\u00e4. Esko onkin pyrkinyt tekem\u00e4\u00e4n is\u00e4\u00e4 kaiken mahdollisimman hyvin.\u00a0<\/p>\n<p class=\"article-content article-content-width !bg-background\">\u2013 Ihan varmasti olen aiheuttanut lapselleni my\u00f6s traumoja, vaikken niit\u00e4 itse tiedosta, Esko naurahtaa.<\/p>\n<p>                <img decoding=\"async\" src=\"https:\/\/www.europesays.com\/fi\/wp-content\/uploads\/2025\/08\/1905379.webp\" width=\"576\" height=\"720\" alt=\"- T\u00e4ysi-ik\u00e4isen\u00e4 Vicke on 100 prosenttisesti vastuussa itsest\u00e4\u00e4n. Siit\u00e4 huolimatta h\u00e4n tytt\u00e4reni, vaikka olisi 50-vuotias, Esko sanoo.\" loading=\"lazy\" \/>            <\/p>\n<p>\n            &#8211; T\u00e4ysi-ik\u00e4isen\u00e4 Vicke on 100 prosenttisesti vastuussa itsest\u00e4\u00e4n. Siit\u00e4 huolimatta h\u00e4n tytt\u00e4reni, vaikka olisi 50-vuotias, Esko sanoo.<br \/>\n            Timo Korhonen\n        <\/p>\n<p class=\"article-content article-content-width !bg-background\">\u2013 Olen ehk\u00e4 ylisuojelevainen. Itse sain lapsena menn\u00e4, miten halusin. Vicke\u00e4 tietysti \u00e4rsytt\u00e4\u00e4, kun soittelen per\u00e4\u00e4n, mutta teen niin silti.<\/p>\n<p>        <a itemprop=\"url\" href=\"https:\/\/www.seiska.fi\/kotimaa\/nousukiito-katkesi-martina-aitolehden-bisnekset-rajusti-tappiolla\/1877362\" rel=\"nofollow noopener\" target=\"_blank\"><\/p>\n<p>\nMartina Aitolehti\n<\/p>\n<p class=\"section-date\">\n        <strong class=\"article-section\" data-section=\"kotimaa\"><br \/>\n            kotimaa<br \/>\n        <\/strong><br \/>\n        28.7. 06:00\n    <\/p>\n<p>    Nousukiito katkesi! Martina Aitolehden bisnekset rajusti tappiolla<\/p>\n<p itemprop=\"description\" class=\"subtitle \">\n    Hyvinvointivalmentajan yrityskuvioissa n\u00e4kyy aussirakkaan h\u00e4ipyminen toimitusjohtajan pestist\u00e4.\n<\/p>\n<p>        <\/a><\/p>\n","protected":false},"excerpt":{"rendered":"ATTE KAJOVA Mediapersoona on huolissaan nuorisosta. Radiojuontaja , 51, on ylpe\u00e4 is\u00e4. H\u00e4nen ja \u00a0tyt\u00e4r , 15, aloitti&hellip;\n","protected":false},"author":2,"featured_media":11887,"comment_status":"","ping_status":"","sticky":false,"template":"","format":"standard","meta":{"footnotes":""},"categories":[136],"tags":[407,137,1176,33,31,30,408,5118,2878,5119,98,32,5117,109],"class_list":{"0":"post-11886","1":"post","2":"type-post","3":"status-publish","4":"format-standard","5":"has-post-thumbnail","7":"category-julkkikset","8":"tag-celebrities","9":"tag-entertainment","10":"tag-esko-eerikainen","11":"tag-fi","12":"tag-finland","13":"tag-finnish","14":"tag-julkkikset","15":"tag-kasvatus","16":"tag-martina-aitolehti","17":"tag-nuoriso","18":"tag-perhe","19":"tag-suomi","20":"tag-victoria-eerikainen","21":"tag-viihde"},"share_on_mastodon":{"url":"","error":""},"_links":{"self":[{"href":"https:\/\/www.europesays.com\/fi\/wp-json\/wp\/v2\/posts\/11886","targetHints":{"allow":["GET"]}}],"collection":[{"href":"https:\/\/www.europesays.com\/fi\/wp-json\/wp\/v2\/posts"}],"about":[{"href":"https:\/\/www.europesays.com\/fi\/wp-json\/wp\/v2\/types\/post"}],"author":[{"embeddable":true,"href":"https:\/\/www.europesays.com\/fi\/wp-json\/wp\/v2\/users\/2"}],"replies":[{"embeddable":true,"href":"https:\/\/www.europesays.com\/fi\/wp-json\/wp\/v2\/comments?post=11886"}],"version-history":[{"count":0,"href":"https:\/\/www.europesays.com\/fi\/wp-json\/wp\/v2\/posts\/11886\/revisions"}],"wp:featuredmedia":[{"embeddable":true,"href":"https:\/\/www.europesays.com\/fi\/wp-json\/wp\/v2\/media\/11887"}],"wp:attachment":[{"href":"https:\/\/www.europesays.com\/fi\/wp-json\/wp\/v2\/media?parent=11886"}],"wp:term":[{"taxonomy":"category","embeddable":true,"href":"https:\/\/www.europesays.com\/fi\/wp-json\/wp\/v2\/categories?post=11886"},{"taxonomy":"post_tag","embeddable":true,"href":"https:\/\/www.europesays.com\/fi\/wp-json\/wp\/v2\/tags?post=11886"}],"curies":[{"name":"wp","href":"https:\/\/api.w.org\/{rel}","templated":true}]}}