{"id":118860,"date":"2025-12-17T14:22:08","date_gmt":"2025-12-17T14:22:08","guid":{"rendered":"https:\/\/www.europesays.com\/fi\/118860\/"},"modified":"2025-12-17T14:22:08","modified_gmt":"2025-12-17T14:22:08","slug":"pelastuslautakunta-hyvaksyi-ensihoitopalvelujen-jarjestamissopimuksen-vantaan-ja-keravan-hyvinvointialue","status":"publish","type":"post","link":"https:\/\/www.europesays.com\/fi\/118860\/","title":{"rendered":"Pelastuslautakunta hyv\u00e4ksyi ensihoitopalvelujen j\u00e4rjest\u00e4missopimuksen | Vantaan ja Keravan hyvinvointialue"},"content":{"rendered":"<p><strong><\/p>\n<p>Vantaan ja Keravan ja Keski-Uudenmaan hyvinvointialueiden pelastuslautakunta kokoontui 16. joulukuuta 2025 p\u00e4\u00e4tt\u00e4m\u00e4\u00e4n alueen pelastustoimen ajankohtaisista asioista. Kokouksessa tehtiin linjauksia muun muassa ensihoitopalveluiden j\u00e4rjest\u00e4misest\u00e4, sopimuspalokuntien toiminnasta ja virkanimikkeen muutoksesta.<\/p>\n<p><\/strong><\/p>\n<p>Pelastuslautakunta hyv\u00e4ksyi kokouksessaan HUS-yhtym\u00e4n ja Vantaan ja Keravan hyvinvointialueen v\u00e4lisen ensihoitopalvelun ja ensivastetoiminnan j\u00e4rjest\u00e4missopimuksen. Se astuu voimaan 1.1.2026 ja korvaa aiemman yhteisty\u00f6sopimuksen.<\/p>\n<p>Sopimuksen tarkoituksena on hy\u00f6dynt\u00e4\u00e4 sopijapuolten asiantuntemusta ja resursseja tehokkaalla tavalla sek\u00e4 tehostaa sopijapuolten toimintaa ja henkil\u00f6- ja muiden voimavarojen k\u00e4ytt\u00f6\u00e4 ensihoitopalvelun ja ensivastetoiminnan toteuttamisessa.<\/p>\n<p>Sopimuksen tarkoituksena on my\u00f6s varmistaa osapuolten ty\u00f6njaon, yhteisty\u00f6n ja toiminnan yhteensovittamisen toteutuminen silt\u00e4 osin kuin se on tarpeellista osapuolten lakis\u00e4\u00e4teisten teht\u00e4vien hoitamisen ja terveydenhuollon kustannusvaikuttavuuden turvaamiseksi.<\/p>\n<p>Lautakunta p\u00e4\u00e4tti p\u00e4ivitt\u00e4\u00e4 sopimuspalokuntien neuvottelukunnan teht\u00e4v\u00e4t ja toimintatavat sek\u00e4 nimesi uudet j\u00e4senet ja varaj\u00e4senet toimikaudelle 2026\u20132027. Lis\u00e4ksi hyv\u00e4ksyttiin pelastusp\u00e4\u00e4llik\u00f6n virkanimikkeen muuttaminen palop\u00e4\u00e4llik\u00f6ksi 1.2.2026 alkaen, mik\u00e4 liittyy organisaation johtamisrakenteen uudistamiseen.<\/p>\n<p>Lautakunta k\u00e4sitteli kaksi oikaisuvaatimusta liittyen valmiussuunnittelijan ja valmiusp\u00e4\u00e4llik\u00f6n virkojen t\u00e4ytt\u00e4miseen. Molemmat oikaisuvaatimukset hyl\u00e4ttiin, sill\u00e4 rekrytointiprosessien todettiin edenneen lainmukaisesti ja asiakirjat toimitettiin m\u00e4\u00e4r\u00e4aikojen puitteissa.<\/p>\n<p>Lopuksi p\u00e4\u00e4tettiin pelastuslautakunnan kev\u00e4\u00e4n 2026 kokousaikatauluista. Kokoukset j\u00e4rjestet\u00e4\u00e4n 5.2., 18.3., 28.4. ja 3.6.2026, ja osa kokouksista pidet\u00e4\u00e4n Kerava-Tuusulan ja J\u00e4rvenp\u00e4\u00e4n paloasemilla.<\/p>\n<p><a href=\"https:\/\/vakehyva.cloudnc.fi\/fi-FI\" rel=\"nofollow noopener\" target=\"_blank\">P\u00f6yt\u00e4kirja my\u00f6hemmin verkossa.<\/a><\/p>\n<p><a href=\"https:\/\/vakehyva.cloudnc.fi\/fi-FI\/Toimielimet\/Pelastuslautakunta\/Kokous_16122025\" rel=\"nofollow noopener\" target=\"_blank\">Esityslista verkossa.<\/a><\/p>\n","protected":false},"excerpt":{"rendered":"Vantaan ja Keravan ja Keski-Uudenmaan hyvinvointialueiden pelastuslautakunta kokoontui 16. joulukuuta 2025 p\u00e4\u00e4tt\u00e4m\u00e4\u00e4n alueen pelastustoimen ajankohtaisista asioista. Kokouksessa tehtiin&hellip;\n","protected":false},"author":2,"featured_media":118861,"comment_status":"","ping_status":"","sticky":false,"template":"","format":"standard","meta":{"footnotes":""},"categories":[12],"tags":[22,23,26,27,33,31,30,17,24,25,28,29,15,18,21,32,19,20,16],"class_list":{"0":"post-118860","1":"post","2":"type-post","3":"status-publish","4":"format-standard","5":"has-post-thumbnail","7":"category-suomi","8":"tag-breaking-news","9":"tag-breakingnews","10":"tag-featured-news","11":"tag-featurednews","12":"tag-fi","13":"tag-finland","14":"tag-finnish","15":"tag-headlines","16":"tag-latest-news","17":"tag-latestnews","18":"tag-main-news","19":"tag-mainnews","20":"tag-news","21":"tag-otsikot","22":"tag-paauutiset","23":"tag-suomi","24":"tag-top-stories","25":"tag-topstories","26":"tag-uutiset"},"share_on_mastodon":{"url":"https:\/\/pubeurope.com\/@fi\/115735359940535677","error":""},"_links":{"self":[{"href":"https:\/\/www.europesays.com\/fi\/wp-json\/wp\/v2\/posts\/118860","targetHints":{"allow":["GET"]}}],"collection":[{"href":"https:\/\/www.europesays.com\/fi\/wp-json\/wp\/v2\/posts"}],"about":[{"href":"https:\/\/www.europesays.com\/fi\/wp-json\/wp\/v2\/types\/post"}],"author":[{"embeddable":true,"href":"https:\/\/www.europesays.com\/fi\/wp-json\/wp\/v2\/users\/2"}],"replies":[{"embeddable":true,"href":"https:\/\/www.europesays.com\/fi\/wp-json\/wp\/v2\/comments?post=118860"}],"version-history":[{"count":0,"href":"https:\/\/www.europesays.com\/fi\/wp-json\/wp\/v2\/posts\/118860\/revisions"}],"wp:featuredmedia":[{"embeddable":true,"href":"https:\/\/www.europesays.com\/fi\/wp-json\/wp\/v2\/media\/118861"}],"wp:attachment":[{"href":"https:\/\/www.europesays.com\/fi\/wp-json\/wp\/v2\/media?parent=118860"}],"wp:term":[{"taxonomy":"category","embeddable":true,"href":"https:\/\/www.europesays.com\/fi\/wp-json\/wp\/v2\/categories?post=118860"},{"taxonomy":"post_tag","embeddable":true,"href":"https:\/\/www.europesays.com\/fi\/wp-json\/wp\/v2\/tags?post=118860"}],"curies":[{"name":"wp","href":"https:\/\/api.w.org\/{rel}","templated":true}]}}