{"id":118862,"date":"2025-12-17T14:23:12","date_gmt":"2025-12-17T14:23:12","guid":{"rendered":"https:\/\/www.europesays.com\/fi\/118862\/"},"modified":"2025-12-17T14:23:12","modified_gmt":"2025-12-17T14:23:12","slug":"uudenvuoden-ilotulitukset-turku-fi","status":"publish","type":"post","link":"https:\/\/www.europesays.com\/fi\/118862\/","title":{"rendered":"Uudenvuoden ilotulitukset | Turku.fi"},"content":{"rendered":"<p>Kaupungin ilotulitukset:<\/p>\n<ul>\n<li><strong>Lapsille klo 18.00 Kupittaanpuistossa.<\/strong> Maauimalan alueelta l\u00e4hetett\u00e4viss\u00e4 ilotulitteissa pyrit\u00e4\u00e4n k\u00e4ytt\u00e4m\u00e4\u00e4n tavallista hiljaisempia raketteja. Lapsen korvia voi suojata kuulosuojaimilla.\n<\/li>\n<li><strong>Keskiy\u00f6ll\u00e4 Samppalinnanm\u00e4elt\u00e4<\/strong>. Parhaimmat katselupaikat ilotulituksen seuraamiseen ovat jokirannassa ja sen l\u00e4heisyydess\u00e4.\n<\/li>\n<\/ul>\n<p>Ilotulitteiden k\u00e4yt\u00f6n kieltoalue Turussa<\/p>\n<p>Vaikka ilotulittaminen on sallittua yleisesti uudenvuodenaaton klo 18 ja uudenvuodenp\u00e4iv\u00e4n aamun klo 2 v\u00e4lisen\u00e4 aikana, on pelastuslaitos kielt\u00e4nyt ilotulittamisen kokonaan ydinkeskustassa ja osassa muutakin kaupunkia.\u00a0<\/p>\n<p>Kieltoalue kartalla. Kieltoalue kattaa keskustan lis\u00e4ksi my\u00f6s sataman ja satamatoimintojen alueita, osan Iso-Heikkil\u00e4\u00e4 sek\u00e4 Kupittaa-It\u00e4harju -aluetta. L\u00e4hde: Pelastuslaitos<\/p>\n","protected":false},"excerpt":{"rendered":"Kaupungin ilotulitukset: Lapsille klo 18.00 Kupittaanpuistossa. Maauimalan alueelta l\u00e4hetett\u00e4viss\u00e4 ilotulitteissa pyrit\u00e4\u00e4n k\u00e4ytt\u00e4m\u00e4\u00e4n tavallista hiljaisempia raketteja. Lapsen korvia voi&hellip;\n","protected":false},"author":2,"featured_media":118863,"comment_status":"","ping_status":"","sticky":false,"template":"","format":"standard","meta":{"footnotes":""},"categories":[5],"tags":[22,23,26,27,33,31,30,17,24,25,28,29,15,18,21,32,19,20,16],"class_list":{"0":"post-118862","1":"post","2":"type-post","3":"status-publish","4":"format-standard","5":"has-post-thumbnail","7":"category-otsikot","8":"tag-breaking-news","9":"tag-breakingnews","10":"tag-featured-news","11":"tag-featurednews","12":"tag-fi","13":"tag-finland","14":"tag-finnish","15":"tag-headlines","16":"tag-latest-news","17":"tag-latestnews","18":"tag-main-news","19":"tag-mainnews","20":"tag-news","21":"tag-otsikot","22":"tag-paauutiset","23":"tag-suomi","24":"tag-top-stories","25":"tag-topstories","26":"tag-uutiset"},"share_on_mastodon":{"url":"https:\/\/pubeurope.com\/@fi\/115735364174664297","error":""},"_links":{"self":[{"href":"https:\/\/www.europesays.com\/fi\/wp-json\/wp\/v2\/posts\/118862","targetHints":{"allow":["GET"]}}],"collection":[{"href":"https:\/\/www.europesays.com\/fi\/wp-json\/wp\/v2\/posts"}],"about":[{"href":"https:\/\/www.europesays.com\/fi\/wp-json\/wp\/v2\/types\/post"}],"author":[{"embeddable":true,"href":"https:\/\/www.europesays.com\/fi\/wp-json\/wp\/v2\/users\/2"}],"replies":[{"embeddable":true,"href":"https:\/\/www.europesays.com\/fi\/wp-json\/wp\/v2\/comments?post=118862"}],"version-history":[{"count":0,"href":"https:\/\/www.europesays.com\/fi\/wp-json\/wp\/v2\/posts\/118862\/revisions"}],"wp:featuredmedia":[{"embeddable":true,"href":"https:\/\/www.europesays.com\/fi\/wp-json\/wp\/v2\/media\/118863"}],"wp:attachment":[{"href":"https:\/\/www.europesays.com\/fi\/wp-json\/wp\/v2\/media?parent=118862"}],"wp:term":[{"taxonomy":"category","embeddable":true,"href":"https:\/\/www.europesays.com\/fi\/wp-json\/wp\/v2\/categories?post=118862"},{"taxonomy":"post_tag","embeddable":true,"href":"https:\/\/www.europesays.com\/fi\/wp-json\/wp\/v2\/tags?post=118862"}],"curies":[{"name":"wp","href":"https:\/\/api.w.org\/{rel}","templated":true}]}}