{"id":118864,"date":"2025-12-17T14:24:12","date_gmt":"2025-12-17T14:24:12","guid":{"rendered":"https:\/\/www.europesays.com\/fi\/118864\/"},"modified":"2025-12-17T14:24:12","modified_gmt":"2025-12-17T14:24:12","slug":"porvarinlahden-etelarannan-luonnon-suojelualueelle-hoito-ja-kayttosuunnitelma","status":"publish","type":"post","link":"https:\/\/www.europesays.com\/fi\/118864\/","title":{"rendered":"Porvarinlahden etel\u00e4rannan luonnon- suojelualueelle hoito- ja k\u00e4ytt\u00f6suunnitelma"},"content":{"rendered":"<p class=\"byline vcard\">Jaa: <a href=\"https:\/\/www.facebook.com\/sharer\/sharer.php?u=https%3A%2F%2Fvuosaarilehti.fi%2F2025%2F12%2F17%2Fporvarinlahden-etelarannan-luonnon-suojelualueelle-hoito-ja-kayttosuunnitelma%2F\" target=\"_blank\" class=\"small-share-facebook\" rel=\"nofollow noopener\"><\/a> <a href=\"https:\/\/twitter.com\/intent\/tweet?url=https%3A%2F%2Fvuosaarilehti.fi%3Fp%3D18795&amp;text=Porvarinlahden+etel%C3%A4rannan+luonnon-+suojelualueelle+hoito-+ja+k%C3%A4ytt%C3%B6suunnitelma\" target=\"_blank\" class=\"small-share-twitter\" rel=\"nofollow noopener\"><\/a> <a href=\"https:\/\/vuosaarilehti.fi\/2025\/12\/17\/porvarinlahden-etelarannan-luonnon-suojelualueelle-hoito-ja-kayttosuunnitelma\/whatsapp:\/\/send?text=Porvarinlahden+etel%C3%A4rannan+luonnon-+suojelualueelle+hoito-+ja+k%C3%A4ytt%C3%B6suunnitelma+https%3A%2F%2Fvuosaarilehti.fi%2F2025%2F12%2F17%2Fporvarinlahden-etelarannan-luonnon-suojelualueelle-hoito-ja-kayttosuunnitelma%2F\" data-action=\"share\/whatsapp\/share\" class=\"whatsapp-share\" rel=\"nofollow noopener\" target=\"_blank\"><img decoding=\"async\" src=\"https:\/\/vuosaarilehti.fi\/wp-content\/themes\/uusi-verkkolehti\/vuosaarilehti\/whatsapp-share.svg\" class=\"whatsapp-icon\"\/><\/a><a href=\"https:\/\/vuosaarilehti.fi\/author\/toimitus\/\" title=\"Kirjoittanut: Toimitus\" rel=\"author nofollow noopener\" target=\"_blank\">Toimitus<\/a> Julkaistu 17.12.2025 16:04 <a href=\"https:\/\/vuosaarilehti.fi\/category\/luonto\/\" rel=\"category tag nofollow noopener\" target=\"_blank\">Luonto<\/a>, <a href=\"https:\/\/vuosaarilehti.fi\/category\/uutisnostot\/\" rel=\"category tag nofollow noopener\" target=\"_blank\">Uutisnostot<\/a> <\/p>\n<p>\t\t\t\t\t\t\t\t<img decoding=\"async\" src=\"https:\/\/www.europesays.com\/fi\/wp-content\/uploads\/2025\/12\/Nayttokuva-2025-12-17-kello-15.59.11-150x150.png\" style=\"display: none;\" class=\"hidden_featured_image\" itemprop=\"image\" alt=\"Porvarinlahden etel\u00e4rannan luonnon- suojelualueelle hoito- ja k\u00e4ytt\u00f6suunnitelma\"\/><br \/>\n\t\t\t\t\t\t\t\t\t<img fetchpriority=\"high\" decoding=\"async\" aria-describedby=\"caption-attachment-18796\" class=\"size-large wp-image-18796\" src=\"https:\/\/www.europesays.com\/fi\/wp-content\/uploads\/2025\/12\/Nayttokuva-2025-12-17-kello-15.59.11-1024x769.png\" alt=\"Porvarinlahden etel\u00e4rannan ranta-aluetta Porvarinlahden puolella. Virpi Kar\u00e9n\" width=\"620\" height=\"466\"  \/><\/p>\n<p id=\"caption-attachment-18796\" class=\"wp-caption-text\">Porvarinlahden etel\u00e4rannan ranta-aluetta Porvarinlahden puolella. Kuva: <strong>Virpi Kar\u00e9n<\/strong><\/p>\n<p class=\"p1\">Maaliskuussa perustetulle Porvarinlahden etel\u00e4rannan luonnonsuojelualueelle on valmisteltu hoito- ja k\u00e4ytt\u00f6suunnitelma. Luonnonsuojelualueelle ei ole tarkoitus perustaa isoja rakenteita. Alueen virkistysk\u00e4ytt\u00f6 pyrit\u00e4\u00e4n pit\u00e4m\u00e4\u00e4n mahdollisimman luontoyst\u00e4v\u00e4llisen\u00e4. Kulkua ohjataan keskittym\u00e4\u00e4n alueen halki kulkevalle Tryvikintielle ja ohjatuille poluille mets\u00e4isill\u00e4 alueilla. Tryvikintien varteen tuodaan istuinpenkki luonnon havainnointia varten.<\/p>\n<p class=\"p2\">Luonnonsuojelualueen reunoille sijoitetaan opastaulut, ja merkitt\u00e4vimmille alueille asennetaan kohdeopasteita kertomaan alueen historiasta, luonnosta ja muinaisj\u00e4\u00e4nn\u00f6ksist\u00e4.<\/p>\n<p class=\"p2\">Porvarinlahden etel\u00e4osan luonnonsuojelualueen luontoarvot ovat moninaiset ja alueella esiintyy useita uhanalaisia luontotyyppej\u00e4 sek\u00e4 Euroopan unionin direktiivin luontotyyppej\u00e4. Porvarinlahti kuuluu valtakunnallisen lintuvesiensuojeluohjelman alueisiin, ja on osa Mustavuoren lehdon ja \u00d6stersundomin lintuvesien Natura 2000 -aluetta.<\/p>\n<p class=\"p2\">Hoito- ja k\u00e4ytt\u00f6suunnitelmassa keskityt\u00e4\u00e4n luonnonsuojeluohjelmassa mainittujen suojeluarvojen eli kasvistoltaan ja el\u00e4imist\u00f6lt\u00e4\u00e4n arvokkaan mets\u00e4- ja ranta-alueen s\u00e4ilytt\u00e4miseen, mets\u00e4isen suojavy\u00f6hykkeen s\u00e4ilytt\u00e4miseen sataman ja Porvarinlahden lintuvesialueen v\u00e4liss\u00e4 sek\u00e4 turvaamaan lintuvesialueen suojeluarvot.<\/p>\n<p class=\"p2\">Kaupunkiymp\u00e4rist\u00f6lautakunnan ymp\u00e4rist\u00f6- ja lupajaosto k\u00e4sittelee Porvarinlahden hoito- ja k\u00e4ytt\u00f6suunnitelmia kokouksessaan 18.12.2025. Jaoston esityksest\u00e4 kaupunginhallitus p\u00e4\u00e4tt\u00e4\u00e4 luonnonsuojelualueen perustamishakemuksen tekemisest\u00e4 valtion luonnonsuojeluviranomaiselle.<\/p>\n<p class=\"tags\">Lue lis\u00e4\u00e4 aiheesta: <a href=\"https:\/\/vuosaarilehti.fi\/tag\/luonnonsuojelualue\/\" rel=\"tag nofollow noopener\" target=\"_blank\">luonnonsuojelualue<\/a> <a href=\"https:\/\/vuosaarilehti.fi\/tag\/luonto\/\" rel=\"tag nofollow noopener\" target=\"_blank\">luonto<\/a> <a href=\"https:\/\/vuosaarilehti.fi\/tag\/mustavuori\/\" rel=\"tag nofollow noopener\" target=\"_blank\">Mustavuori<\/a> <a href=\"https:\/\/vuosaarilehti.fi\/tag\/porvarinlahti\/\" rel=\"tag nofollow noopener\" target=\"_blank\">Porvarinlahti<\/a><\/p>\n<p>Jaa: <a href=\"https:\/\/www.facebook.com\/sharer\/sharer.php?u=https%3A%2F%2Fvuosaarilehti.fi%2F2025%2F12%2F17%2Fporvarinlahden-etelarannan-luonnon-suojelualueelle-hoito-ja-kayttosuunnitelma%2F\" target=\"_blank\" class=\"small-share-facebook\" rel=\"nofollow noopener\"><\/a> <a href=\"https:\/\/twitter.com\/intent\/tweet?url=https%3A%2F%2Fvuosaarilehti.fi%3Fp%3D18795&amp;text=Porvarinlahden+etel%C3%A4rannan+luonnon-+suojelualueelle+hoito-+ja+k%C3%A4ytt%C3%B6suunnitelma\" target=\"_blank\" class=\"small-share-twitter\" rel=\"nofollow noopener\"><\/a> <a href=\"https:\/\/vuosaarilehti.fi\/2025\/12\/17\/porvarinlahden-etelarannan-luonnon-suojelualueelle-hoito-ja-kayttosuunnitelma\/whatsapp:\/\/send?text=Porvarinlahden+etel%C3%A4rannan+luonnon-+suojelualueelle+hoito-+ja+k%C3%A4ytt%C3%B6suunnitelma+https%3A%2F%2Fvuosaarilehti.fi%2F2025%2F12%2F17%2Fporvarinlahden-etelarannan-luonnon-suojelualueelle-hoito-ja-kayttosuunnitelma%2F\" data-action=\"share\/whatsapp\/share\" class=\"whatsapp-share\" rel=\"nofollow noopener\" target=\"_blank\"><img decoding=\"async\" src=\"https:\/\/vuosaarilehti.fi\/wp-content\/themes\/uusi-verkkolehti\/vuosaarilehti\/whatsapp-share.svg\" class=\"whatsapp-icon\"\/><\/a><\/p>\n<p>\t\t\t\t\t\t\t<script async src=\"https:\/\/platform.twitter.com\/widgets.js\" charset=\"utf-8\"><\/script><\/p>\n","protected":false},"excerpt":{"rendered":"Jaa: Toimitus Julkaistu 17.12.2025 16:04 Luonto, Uutisnostot Porvarinlahden etel\u00e4rannan ranta-aluetta Porvarinlahden puolella. Kuva: Virpi Kar\u00e9n Maaliskuussa perustetulle Porvarinlahden&hellip;\n","protected":false},"author":2,"featured_media":118865,"comment_status":"","ping_status":"","sticky":false,"template":"","format":"standard","meta":{"footnotes":""},"categories":[117],"tags":[33,31,30,72,476,118,32,119,477],"class_list":{"0":"post-118864","1":"post","2":"type-post","3":"status-publish","4":"format-standard","5":"has-post-thumbnail","7":"category-luonto","8":"tag-fi","9":"tag-finland","10":"tag-finnish","11":"tag-luonto","12":"tag-nature","13":"tag-science","14":"tag-suomi","15":"tag-tiede","16":"tag-wildlife"},"share_on_mastodon":{"url":"https:\/\/pubeurope.com\/@fi\/115735368083083537","error":""},"_links":{"self":[{"href":"https:\/\/www.europesays.com\/fi\/wp-json\/wp\/v2\/posts\/118864","targetHints":{"allow":["GET"]}}],"collection":[{"href":"https:\/\/www.europesays.com\/fi\/wp-json\/wp\/v2\/posts"}],"about":[{"href":"https:\/\/www.europesays.com\/fi\/wp-json\/wp\/v2\/types\/post"}],"author":[{"embeddable":true,"href":"https:\/\/www.europesays.com\/fi\/wp-json\/wp\/v2\/users\/2"}],"replies":[{"embeddable":true,"href":"https:\/\/www.europesays.com\/fi\/wp-json\/wp\/v2\/comments?post=118864"}],"version-history":[{"count":0,"href":"https:\/\/www.europesays.com\/fi\/wp-json\/wp\/v2\/posts\/118864\/revisions"}],"wp:featuredmedia":[{"embeddable":true,"href":"https:\/\/www.europesays.com\/fi\/wp-json\/wp\/v2\/media\/118865"}],"wp:attachment":[{"href":"https:\/\/www.europesays.com\/fi\/wp-json\/wp\/v2\/media?parent=118864"}],"wp:term":[{"taxonomy":"category","embeddable":true,"href":"https:\/\/www.europesays.com\/fi\/wp-json\/wp\/v2\/categories?post=118864"},{"taxonomy":"post_tag","embeddable":true,"href":"https:\/\/www.europesays.com\/fi\/wp-json\/wp\/v2\/tags?post=118864"}],"curies":[{"name":"wp","href":"https:\/\/api.w.org\/{rel}","templated":true}]}}