{"id":118872,"date":"2025-12-17T14:40:09","date_gmt":"2025-12-17T14:40:09","guid":{"rendered":"https:\/\/www.europesays.com\/fi\/118872\/"},"modified":"2025-12-17T14:40:09","modified_gmt":"2025-12-17T14:40:09","slug":"onko-sielta-tulossa-viela-it-chapter-three-nain-tuottaja-vastaa","status":"publish","type":"post","link":"https:\/\/www.europesays.com\/fi\/118872\/","title":{"rendered":"Onko sielt\u00e4 tulossa viel\u00e4 It: Chapter Three? \u2013 N\u00e4in tuottaja vastaa"},"content":{"rendered":"<p>Erinomainen It: Chapter One sai ensi-iltansa 2017.<strong> Bill Skarsg\u00e5rd<\/strong> nousi samalla kaikkien aikojen leffapahisten a-listalle.<\/p>\n<p>It: Chapter Two n\u00e4htiin vuonna 2019, mutta ik\u00e4v\u00e4 kyll\u00e4 se menetti suuren osan siit\u00e4 tehosta, jonka ensimm\u00e4inen elokuva onnistui luomaan. Hyv\u00e4 se silti oli.<\/p>\n<p>Lue my\u00f6s: <a href=\"https:\/\/www.episodi.fi\/uutiset\/pennywise-ei-kuole-koskaan-stephen-king-antoi-uudelle-sarjalle-siunauksensa\/\" title=\"Pennywise ei kuole koskaan \u2013\u00a0Stephen King antoi uudelle sarjalle siunauksensa\" class=\"underline-custom !font-montserrat !font-bold !underline-offset-4 !decoration-4 !decoration-episodi-blue !text-md\" rel=\"nofollow noopener\" target=\"_blank\">Pennywise ei kuole koskaan \u2013\u00a0Stephen King antoi uudelle sarjalle siunauksensa<\/a><\/p>\n<p>Lue my\u00f6s: <a href=\"https:\/\/www.episodi.fi\/uutiset\/bill-skarsgard-on-tosielaman-kidnappaaja-katso-dead-mans-wiren-traileri\/\" title=\"Bill Skarsg\u00e5rd on tosiel\u00e4m\u00e4n kidnappaaja \u2013 katso Dead Man\u2019s Wiren traileri\" class=\"underline-custom !font-montserrat !font-bold !underline-offset-4 !decoration-4 !decoration-episodi-blue !text-md\" rel=\"nofollow noopener\" target=\"_blank\">Bill Skarsg\u00e5rd on tosiel\u00e4m\u00e4n kidnappaaja \u2013 katso Dead Man\u2019s Wiren traileri<\/a><\/p>\n<p>HBO Maxin It: Welcome to Derry -esiosasarja p\u00e4\u00e4ttyi maanantaina melko mielenkiintoisissa merkeiss\u00e4, kun Pennywise sidottiin<strong> Stephen Kingin<\/strong> massiiviseen Musta torni -universumiin.<\/p>\n<p>Mit\u00e4 on siis tiedossa?<\/p>\n<p>Annetaan It-tuottaja <strong>Barbara Muschiettin<\/strong> puhua.<\/p>\n<p>\u2013 Katsellaan. Se on universumi, josta l\u00f6ytyy kiehtovia hahmoja. Siell\u00e4 on my\u00f6s aukkoja. Uskon, ett\u00e4 Stephen King j\u00e4tti n\u00e4m\u00e4 aukot tarkoituksella kirjoihinsa. Ne ovat siit\u00e4kin huolimatta hienoja, vaikkei h\u00e4n olisikaan tehnyt niit\u00e4 tietoisesti. Ne saattavat olla upeita sattumuksia, mutta meille ne ovat ihmeit\u00e4, Muschietti sanoi.<\/p>\n<p>Kirjoihin palaaminen veljens\u00e4, ohjaaja-k\u00e4sikirjoittaja <strong>Andy Muschiettin<\/strong> kanssa varttuneemmalla i\u00e4ll\u00e4 muutti heid\u00e4n suhtautumistaan Kingin tuttuun tarinaan.<\/p>\n<p>\u2013 T\u00e4ytimme joitain n\u00e4it\u00e4 aukkoja sarjan ensimm\u00e4isell\u00e4 kaudella. Ja kyll\u00e4h\u00e4n se kirjan tarina on erilainen 14-15-vuotiaana kuin 52-53-vuotiaana. Meill\u00e4 on my\u00f6s lapsia, joten perspektiivimme on muuttunut. En tied\u00e4\u2026 en usko, ett\u00e4 t\u00e4m\u00e4 oli loppu. En sano muuta, Muschietti kertoi.<\/p>\n<p>It: Welcome to Derry -sarjan lopussa vihjaillaan jo jatkosta \u2013 tai oikeastaan esiosan esiosasta.<\/p>\n<p>L\u00e4hde: <a href=\"https:\/\/www.comingsoon.net\/movies\/news\/2074167-it-chapter-3-movie-sequel-update\" target=\"_blank\" rel=\"noreferrer noopener nofollow\">Comingsoon<\/a><\/p>\n<p>Lue my\u00f6s: <a href=\"https:\/\/www.episodi.fi\/uutiskirje\/?uutiskirjemainos=tekstilinkkimainos\" title=\"Tilaa Episodin uutiskirje ja voit voittaa leffalippuja! Nappaa tv-vinkit suoraan s\u00e4hk\u00f6postiin t\u00e4st\u00e4.\" class=\"underline-custom !font-montserrat !font-bold !underline-offset-4 !decoration-4 !decoration-episodi-blue !text-md\" rel=\"nofollow noopener\" target=\"_blank\">Tilaa Episodin uutiskirje ja voit voittaa leffalippuja! Nappaa katseluvinkit suoraan s\u00e4hk\u00f6postiin t\u00e4st\u00e4.<\/a><\/p>\n","protected":false},"excerpt":{"rendered":"Erinomainen It: Chapter One sai ensi-iltansa 2017. Bill Skarsg\u00e5rd nousi samalla kaikkien aikojen leffapahisten a-listalle. It: Chapter Two&hellip;\n","protected":false},"author":2,"featured_media":118873,"comment_status":"","ping_status":"","sticky":false,"template":"","format":"standard","meta":{"footnotes":""},"categories":[131],"tags":[21526,155,137,33,173,31,30,280,7640,3057,172,32,109],"class_list":{"0":"post-118872","1":"post","2":"type-post","3":"status-publish","4":"format-standard","5":"has-post-thumbnail","7":"category-elokuvat","8":"tag-barbara-muschietti","9":"tag-elokuvat","10":"tag-entertainment","11":"tag-fi","12":"tag-film","13":"tag-finland","14":"tag-finnish","15":"tag-hbo-max","16":"tag-it-welcome-to-derry","17":"tag-kauhu","18":"tag-movies","19":"tag-suomi","20":"tag-viihde"},"share_on_mastodon":{"url":"https:\/\/pubeurope.com\/@fi\/115735430653146869","error":""},"_links":{"self":[{"href":"https:\/\/www.europesays.com\/fi\/wp-json\/wp\/v2\/posts\/118872","targetHints":{"allow":["GET"]}}],"collection":[{"href":"https:\/\/www.europesays.com\/fi\/wp-json\/wp\/v2\/posts"}],"about":[{"href":"https:\/\/www.europesays.com\/fi\/wp-json\/wp\/v2\/types\/post"}],"author":[{"embeddable":true,"href":"https:\/\/www.europesays.com\/fi\/wp-json\/wp\/v2\/users\/2"}],"replies":[{"embeddable":true,"href":"https:\/\/www.europesays.com\/fi\/wp-json\/wp\/v2\/comments?post=118872"}],"version-history":[{"count":0,"href":"https:\/\/www.europesays.com\/fi\/wp-json\/wp\/v2\/posts\/118872\/revisions"}],"wp:featuredmedia":[{"embeddable":true,"href":"https:\/\/www.europesays.com\/fi\/wp-json\/wp\/v2\/media\/118873"}],"wp:attachment":[{"href":"https:\/\/www.europesays.com\/fi\/wp-json\/wp\/v2\/media?parent=118872"}],"wp:term":[{"taxonomy":"category","embeddable":true,"href":"https:\/\/www.europesays.com\/fi\/wp-json\/wp\/v2\/categories?post=118872"},{"taxonomy":"post_tag","embeddable":true,"href":"https:\/\/www.europesays.com\/fi\/wp-json\/wp\/v2\/tags?post=118872"}],"curies":[{"name":"wp","href":"https:\/\/api.w.org\/{rel}","templated":true}]}}