{"id":118880,"date":"2025-12-17T14:47:11","date_gmt":"2025-12-17T14:47:11","guid":{"rendered":"https:\/\/www.europesays.com\/fi\/118880\/"},"modified":"2025-12-17T14:47:11","modified_gmt":"2025-12-17T14:47:11","slug":"venalaisoligarkilta-takavarikoidut-miljardit-annetaan-ukrainalle","status":"publish","type":"post","link":"https:\/\/www.europesays.com\/fi\/118880\/","title":{"rendered":"Ven\u00e4l\u00e4isoligarkilta takavarikoidut miljardit annetaan Ukrainalle"},"content":{"rendered":"<p>Oligarkki ja miljard\u00f6\u00f6ri Roman Abramovit\u0161 pit\u00e4\u00e4 rahoja panttivankina tilill\u00e4\u00e4n.<\/p>\n<p><img decoding=\"async\" class=\"image image-show image-preview\" src=\"https:\/\/www.europesays.com\/fi\/wp-content\/uploads\/2025\/12\/5ad2f9bf5bf49fe758a1dde5952ef25d7b78ae54b8f0f736ae0e4b87a4c7cf1e.jpg\" alt=\"\"\/><img decoding=\"async\" class=\"image image-show\" src=\"https:\/\/www.europesays.com\/fi\/wp-content\/uploads\/2025\/12\/1765982831_9_5ad2f9bf5bf49fe758a1dde5952ef25d7b78ae54b8f0f736ae0e4b87a4c7cf1e.jpg\" alt=\"\"\/><\/p>\n<p>Roman Abramovit\u0161 omisti jalkapalloseura Chelsean. H\u00e4n joutui myym\u00e4\u00e4n sen Ven\u00e4j\u00e4n hy\u00f6k\u00e4tty\u00e4 Ukrainaan. AOP<\/p>\n<p class=\"paragraph\">Iso-Britannia aikoo siirt\u00e4\u00e4 ven\u00e4l\u00e4isoligarkki <strong>Roman Abramovit\u0161ilta<\/strong> takavarikoidut 2,5 miljardia puntaa Ukrainalle humanit\u00e4\u00e4risist\u00e4 syist\u00e4.<\/p>\n<p class=\"paragraph\">The Guardianin mukaan Abramovit\u0161ia odottavat oikeustoimet, mik\u00e4li h\u00e4n ei suostu noudattamaan allekirjoittamaansa sopimusta.<\/p>\n<p class=\"paragraph\">Abramovit\u0161 joutui myym\u00e4\u00e4n omistamansa jalkapalloseura Chelsean vuonna 2022 sen j\u00e4lkeen, kun Ven\u00e4j\u00e4 oli hy\u00f6k\u00e4nnyt Ukrainaan. Kremlin hallintoa l\u00e4hell\u00e4 oleva Abramovit\u0161 asetettiin kansainv\u00e4liselle pakotelistalle.<\/p>\n<p class=\"paragraph\">Seuran myydess\u00e4\u00e4n Abramovit\u0161 sitoutui k\u00e4ytt\u00e4m\u00e4\u00e4n myynnist\u00e4 saamansa rahat ukrainalaisten hyv\u00e4ksi. Rahat siirrettiin Abramovit\u0161in hallinnoiman Fordstam-yrityksen pankkitilille.<\/p>\n<p class=\"paragraph\">Varat j\u00e4\u00e4dytettiin tilille, kun Abramovit\u0161 ja viranomaiset riitaantuivat siit\u00e4, miten varoja voisi k\u00e4ytt\u00e4\u00e4 ja siirt\u00e4\u00e4.<\/p>\n<p class=\"paragraph\"><a href=\"https:\/\/www.forbes.com\/profile\/roman-abramovich\/\" target=\"_blank\" rel=\"noopener nofollow\">Forbesin mukaan<\/a> Abramovit\u0161in omaisuuden arvo on yli yhdeks\u00e4n miljardia dollaria, joten Chelsean myymisest\u00e4 saatujen rahojen antaminen ukrainalaisille ei sys\u00e4isi miest\u00e4 vararikkoon.<\/p>\n<p class=\"paragraph\">Tilanne on ollut vuosia pattitilanteessa. Abramovit\u0161 ei voi itse k\u00e4ytt\u00e4\u00e4 rahoja, mutta niit\u00e4 ei ole saatu liioin ukrainalaisten avuksi. Ukrainan auttamista varten perustetun j\u00e4rjest\u00f6n johtaja <strong>Rachel Reeves<\/strong> ei arvosta Abramovit\u0161in toimettomuutta.<\/p>\n<p class=\"paragraph\">\u2013 On t\u00e4ysin ep\u00e4hyv\u00e4ksytt\u00e4v\u00e4\u00e4, ett\u00e4 yli 2,5 miljardin punnan edest\u00e4 ukrainalaisille kuuluvaa omaisuutta pysyy j\u00e4\u00e4dytettyn\u00e4 brittil\u00e4isell\u00e4 pankkitilill\u00e4. Roman Abramovit\u0161in on aika maksaa. Jos h\u00e4n ei tee niin, olemme valmiita tekem\u00e4\u00e4n kaikkemme saadaksemme rahat ukrainalaisten avuksi, Reeves sanoi tiedotustilaisuudessa.<\/p>\n","protected":false},"excerpt":{"rendered":"Oligarkki ja miljard\u00f6\u00f6ri Roman Abramovit\u0161 pit\u00e4\u00e4 rahoja panttivankina tilill\u00e4\u00e4n. Roman Abramovit\u0161 omisti jalkapalloseura Chelsean. H\u00e4n joutui myym\u00e4\u00e4n sen&hellip;\n","protected":false},"author":2,"featured_media":118881,"comment_status":"","ping_status":"","sticky":false,"template":"","format":"standard","meta":{"footnotes":""},"categories":[14],"tags":[35,22,23,26,27,33,31,30,17,43,42,24,25,28,29,15,18,21,637,6752,32,19,20,56,16,59,60,61,21527],"class_list":{"0":"post-118880","1":"post","2":"type-post","3":"status-publish","4":"format-standard","5":"has-post-thumbnail","7":"category-ulkomaat","8":"tag-24h","9":"tag-breaking-news","10":"tag-breakingnews","11":"tag-featured-news","12":"tag-featurednews","13":"tag-fi","14":"tag-finland","15":"tag-finnish","16":"tag-headlines","17":"tag-jalkapallo","18":"tag-jalkapalloon-perustuvat-lajit","19":"tag-latest-news","20":"tag-latestnews","21":"tag-main-news","22":"tag-mainnews","23":"tag-news","24":"tag-otsikot","25":"tag-paauutiset","26":"tag-politiikka","27":"tag-sopimukset","28":"tag-suomi","29":"tag-top-stories","30":"tag-topstories","31":"tag-ulkomaat","32":"tag-uutiset","33":"tag-world","34":"tag-world-news","35":"tag-worldnews","36":"tag-yhteiskunnalliset-tuotokset"},"share_on_mastodon":{"url":"https:\/\/pubeurope.com\/@fi\/115735458536582040","error":""},"_links":{"self":[{"href":"https:\/\/www.europesays.com\/fi\/wp-json\/wp\/v2\/posts\/118880","targetHints":{"allow":["GET"]}}],"collection":[{"href":"https:\/\/www.europesays.com\/fi\/wp-json\/wp\/v2\/posts"}],"about":[{"href":"https:\/\/www.europesays.com\/fi\/wp-json\/wp\/v2\/types\/post"}],"author":[{"embeddable":true,"href":"https:\/\/www.europesays.com\/fi\/wp-json\/wp\/v2\/users\/2"}],"replies":[{"embeddable":true,"href":"https:\/\/www.europesays.com\/fi\/wp-json\/wp\/v2\/comments?post=118880"}],"version-history":[{"count":0,"href":"https:\/\/www.europesays.com\/fi\/wp-json\/wp\/v2\/posts\/118880\/revisions"}],"wp:featuredmedia":[{"embeddable":true,"href":"https:\/\/www.europesays.com\/fi\/wp-json\/wp\/v2\/media\/118881"}],"wp:attachment":[{"href":"https:\/\/www.europesays.com\/fi\/wp-json\/wp\/v2\/media?parent=118880"}],"wp:term":[{"taxonomy":"category","embeddable":true,"href":"https:\/\/www.europesays.com\/fi\/wp-json\/wp\/v2\/categories?post=118880"},{"taxonomy":"post_tag","embeddable":true,"href":"https:\/\/www.europesays.com\/fi\/wp-json\/wp\/v2\/tags?post=118880"}],"curies":[{"name":"wp","href":"https:\/\/api.w.org\/{rel}","templated":true}]}}