{"id":118882,"date":"2025-12-17T14:48:08","date_gmt":"2025-12-17T14:48:08","guid":{"rendered":"https:\/\/www.europesays.com\/fi\/118882\/"},"modified":"2025-12-17T14:48:08","modified_gmt":"2025-12-17T14:48:08","slug":"tilastot-ja-tutkimukset-kuukausitiedote-joulukuu-2025-espoon-kaupunki","status":"publish","type":"post","link":"https:\/\/www.europesays.com\/fi\/118882\/","title":{"rendered":"Tilastot ja tutkimukset -kuukausitiedote joulukuu 2025 | Espoon kaupunki"},"content":{"rendered":"<p>Eetvartti 4\/2025 on julkaistu<\/p>\n<p>Ajankohtaista Eetvartti \u2013 Espoon toimintaymp\u00e4rist\u00f6katsauksessa:<\/p>\n<ul type=\"disc\">\n<li>Kouluterveyskyselyst\u00e4 t\u00e4rke\u00e4\u00e4 tietoa lasten ja nuorten hyvinvoinnista<\/li>\n<li>Espoon elinvoima edelleen Suomen kuntien k\u00e4rkip\u00e4\u00e4t\u00e4, vaikka sijoitus listalla hieman putosikin<\/li>\n<li>Espoon kaupungin asiat ja p\u00e4\u00e4t\u00f6ksenteko kiinnostavat kuntalaisia<\/li>\n<\/ul>\n<p><a href=\"https:\/\/eur03.safelinks.protection.outlook.com\/?url=https%3A%2F%2Fwww.espoo.fi%2Ffi%2Feetvartti-neljannesvuosijulkaisu&amp;data=05%7C02%7C%7C6e7560f285e74c118aad08de3ca8e219%7C6bb04228cfa542139f39172454d82584%7C1%7C0%7C639014893276999073%7CUnknown%7CTWFpbGZsb3d8eyJFbXB0eU1hcGkiOnRydWUsIlYiOiIwLjAuMDAwMCIsIlAiOiJXaW4zMiIsIkFOIjoiTWFpbCIsIldUIjoyfQ%3D%3D%7C0%7C%7C%7C&amp;sdata=5imkgCV%2BB3OcY0hE1E59FIuz4GKRgI2ed6W9Pc1ivvU%3D&amp;reserved=0\" rel=\"nofollow noopener\" target=\"_blank\">Eetvartti-nelj\u00e4nnesvuosijulkaisu<\/a><\/p>\n<p>Espoon v\u00e4kiluku oli lokakuun 2025 lopussa ennakkotietojen mukaan 325 510<\/p>\n<p>Tammi-lokakuussa Espoon v\u00e4est\u00f6 kasvoi noin 4<strong>\u00a0<\/strong>580 asukkaalla Tilastokeskuksen ennakkotietojen mukaan, mik\u00e4 on 960 asukasta v\u00e4hemm\u00e4n kuin vastaavana ajankohtana vuonna 2024. Kuntien v\u00e4linen nettomuutto oli 250 asukasta pienempi kuin vuosi sitten vastavana aikana. Espoon v\u00e4est\u00f6\u00e4 lis\u00e4si tammi-lokakuussa 2025 eniten nettosiirtolaisuus (47<strong>\u00a0<\/strong>prosenttia). Seuraavaksi eniten v\u00e4est\u00f6\u00e4 lis\u00e4si luonnollinen v\u00e4est\u00f6nkasvu (31<strong>\u00a0<\/strong>prosenttia). Kuntien v\u00e4linen muutto lis\u00e4si v\u00e4est\u00f6\u00e4 22 prosenttia.<\/p>\n<p>Espooseen syntyneiden lasten m\u00e4\u00e4r\u00e4 (2\u00a0950 lasta) oli 10 enemm\u00e4n kuin vuotta aiemmin. Kuolleiden m\u00e4\u00e4r\u00e4 (1<strong>\u00a0<\/strong>550 henke\u00e4) oli noin 70 henke\u00e4 suurempi kuin vuotta aiemmin. Luonnollinen v\u00e4est\u00f6nmuutos, eli syntyneiden enemmyys, oli edelleen positiivinen (1\u00a0400 henke\u00e4), mutta se lis\u00e4si kuitenkin v\u00e4est\u00f6\u00e4 noin 60 henke\u00e4 vuotta aiempaa v\u00e4hemm\u00e4n.<\/p>\n<p>Jos Espoon v\u00e4est\u00f6nkasvu jatkuisi alkuvuoden tapaan, niin v\u00e4est\u00f6 kasvaisi kuluvana vuonna noin 5<strong>\u00a0<\/strong>500 hengell\u00e4. Ennustetietoa tarkennetaan vuoden edetess\u00e4.<\/p>\n<p>V\u00e4est\u00f6nmuutosten ennakkotiedot <a href=\"https:\/\/eur03.safelinks.protection.outlook.com\/?url=https%3A%2F%2Fapp.powerbi.com%2Fview%3Fr%3DeyJrIjoiM2YzNmZlZDAtZjk4Zi00MGE0LTlmMTktNzc2NzZjNWJhNTdlIiwidCI6IjZiYjA0MjI4LWNmYTUtNDIxMy05ZjM5LTE3MjQ1NGQ4MjU4NCIsImMiOjh9&amp;data=05%7C02%7C%7C57c0e7a07d194aec132908de371d9a65%7C6bb04228cfa542139f39172454d82584%7C1%7C0%7C639008797536219712%7CUnknown%7CTWFpbGZsb3d8eyJFbXB0eU1hcGkiOnRydWUsIlYiOiIwLjAuMDAwMCIsIlAiOiJXaW4zMiIsIkFOIjoiTWFpbCIsIldUIjoyfQ%3D%3D%7C0%7C%7C%7C&amp;sdata=%2FBQVZJVqF34msjR%2BJbxw4RtCr9E6iYl0LMO4Gl8pa4s%3D&amp;reserved=0\" rel=\"nofollow noopener\" target=\"_blank\">PowerBI-esityksen\u00e4<\/a><\/p>\n<p>Laajempi nelj\u00e4nnesvuosittainen katsaus v\u00e4est\u00f6nmuutoksista <a href=\"https:\/\/eur03.safelinks.protection.outlook.com\/?url=https%3A%2F%2Fwww.espoo.fi%2Ffi%2Feetvartti-neljannesvuosijulkaisu&amp;data=05%7C02%7C%7C57c0e7a07d194aec132908de371d9a65%7C6bb04228cfa542139f39172454d82584%7C1%7C0%7C639008797536235519%7CUnknown%7CTWFpbGZsb3d8eyJFbXB0eU1hcGkiOnRydWUsIlYiOiIwLjAuMDAwMCIsIlAiOiJXaW4zMiIsIkFOIjoiTWFpbCIsIldUIjoyfQ%3D%3D%7C0%7C%7C%7C&amp;sdata=7LzmRdaFXgMg6NKPACh5W7UcTQBt08EzYckhDMFYyQQ%3D&amp;reserved=0\" rel=\"nofollow noopener\" target=\"_blank\">Eetvartti-julkaisussa<\/a><\/p>\n<p>Etenkin pitk\u00e4aikais- ja nuorisoty\u00f6tt\u00f6myys kasvoivat voimakkaasti<\/p>\n<p>Lokakuun 2025 lopulla Espoossa oli ty\u00f6tt\u00f6mi\u00e4 yhteens\u00e4 17 640 ja ty\u00f6tt\u00f6mien osuus ty\u00f6voimasta oli 10,7 %. Koko maassa ty\u00f6tt\u00f6mien osuus ty\u00f6voimasta oli 11,6 %. Alle 25-vuotiaita oli Espoossa ty\u00f6tt\u00f6m\u00e4n\u00e4 1594 ja 50 vuotta t\u00e4ytt\u00e4neit\u00e4 5645. Naisia oli 47,1 % ty\u00f6tt\u00f6mist\u00e4. Pitk\u00e4aikaisty\u00f6tt\u00f6mi\u00e4 (yli vuoden yht\u00e4jaksoisesti ty\u00f6tt\u00f6m\u00e4n\u00e4 olleita) oli 7739 eli 43,9 % ty\u00f6tt\u00f6mist\u00e4. Espoon ty\u00f6llisyyspalveluissa oli 648 avointa ty\u00f6paikkaa.<\/p>\n<p>Ty\u00f6tt\u00f6myys on kasvanut yht\u00e4jaksoisesti vuoden 2023 maaliskuusta l\u00e4htien. Verrattuna kuuden vuoden takaiseen tilanteeseen, jolloin koronapandemia ei vaikuttanut ty\u00f6tt\u00f6myyslukuihin, oli lokakuussa 2025 ty\u00f6tt\u00f6mien osuus ty\u00f6voimasta 3,4 prosenttiyksikk\u00f6\u00e4 korkeampi ja ty\u00f6tt\u00f6mi\u00e4 oli 7197 enemm\u00e4n. Kev\u00e4\u00e4n 2020 ty\u00f6tt\u00f6myyshuipun j\u00e4lkeen ty\u00f6tt\u00f6myys ei ole miss\u00e4\u00e4n vaiheessa palautunut pandemiaa edelt\u00e4v\u00e4lle tasolle.<\/p>\n<p>Vuodentakaiseen tilanteeseen verrattuna Espoossa oli lokakuun lopulla ty\u00f6tt\u00f6mi\u00e4 8,6 % (1403 henke\u00e4) enemm\u00e4n ja ty\u00f6tt\u00f6mien osuus ty\u00f6voimasta oli 0,5 prosenttiyksikk\u00f6\u00e4 suurempi. Koko maassa ty\u00f6tt\u00f6mi\u00e4 oli 10 % enemm\u00e4n kuin vuotta aiemmin. Alle 25-vuotiaita ty\u00f6tt\u00f6mi\u00e4 oli Espoossa 20,7 % (273 henke\u00e4) enemm\u00e4n kuin vuotta aiemmin. Pitk\u00e4aikaisty\u00f6tt\u00f6mi\u00e4 oli 36,1 % (2053 henke\u00e4) vuodentakaista enemm\u00e4n. Avointen ty\u00f6paikkojen m\u00e4\u00e4r\u00e4 supistui edelleen. Lokakuun lopussa avoimia ty\u00f6paikkoja oli 14,3 % (108 ty\u00f6paikkaa) v\u00e4hemm\u00e4n kuin vuotta aiemmin. Avointen ty\u00f6paikkojen m\u00e4\u00e4r\u00e4 on supistunut vuodentakaiseen verrattuna vuoden 2022 marraskuusta l\u00e4htien.<\/p>\n<p>Tuoreimmat ty\u00f6tt\u00f6myysluvut <a href=\"https:\/\/eur03.safelinks.protection.outlook.com\/?url=https%3A%2F%2Fapp.powerbi.com%2Fview%3Fr%3DeyJrIjoiZGFkYTk5ODUtYmJiZi00N2IzLWE1OTYtYzZlNzQxOGMxYTNhIiwidCI6IjZiYjA0MjI4LWNmYTUtNDIxMy05ZjM5LTE3MjQ1NGQ4MjU4NCIsImMiOjh9&amp;data=05%7C02%7C%7C57c0e7a07d194aec132908de371d9a65%7C6bb04228cfa542139f39172454d82584%7C1%7C0%7C639008797536250997%7CUnknown%7CTWFpbGZsb3d8eyJFbXB0eU1hcGkiOnRydWUsIlYiOiIwLjAuMDAwMCIsIlAiOiJXaW4zMiIsIkFOIjoiTWFpbCIsIldUIjoyfQ%3D%3D%7C0%7C%7C%7C&amp;sdata=si83HPGCU8nyG1HGTBHNPb6yaWj3HYrt4Ot2jB9ZbAE%3D&amp;reserved=0\" rel=\"nofollow noopener\" target=\"_blank\">PowerBI-esityksen\u00e4<\/a><br \/>Kuukausikatsaus Espoon ty\u00f6tt\u00f6myydest\u00e4: <a href=\"https:\/\/eur03.safelinks.protection.outlook.com\/?url=https%3A%2F%2Fwww.espoo.fi%2Ffi%2Ftyossakaynti-tyopaikat-ja-tyottomyys%23section-17188&amp;data=05%7C02%7C%7C57c0e7a07d194aec132908de371d9a65%7C6bb04228cfa542139f39172454d82584%7C1%7C0%7C639008797536263757%7CUnknown%7CTWFpbGZsb3d8eyJFbXB0eU1hcGkiOnRydWUsIlYiOiIwLjAuMDAwMCIsIlAiOiJXaW4zMiIsIkFOIjoiTWFpbCIsIldUIjoyfQ%3D%3D%7C0%7C%7C%7C&amp;sdata=AXEeg45knfn06Y64IJ8YukPOHEBdHMl2IujrePIyWy0%3D&amp;reserved=0\" rel=\"nofollow noopener\" target=\"_blank\">Ty\u00f6tt\u00f6myys kuukausittain<\/a><br \/>Laajempi katsaus ty\u00f6llisyydest\u00e4 ja ty\u00f6tt\u00f6myydest\u00e4 nelj\u00e4nnesvuosittain <a href=\"https:\/\/eur03.safelinks.protection.outlook.com\/?url=https%3A%2F%2Fwww.espoo.fi%2Ffi%2Feetvartti-neljannesvuosijulkaisu&amp;data=05%7C02%7C%7C57c0e7a07d194aec132908de371d9a65%7C6bb04228cfa542139f39172454d82584%7C1%7C0%7C639008797536275668%7CUnknown%7CTWFpbGZsb3d8eyJFbXB0eU1hcGkiOnRydWUsIlYiOiIwLjAuMDAwMCIsIlAiOiJXaW4zMiIsIkFOIjoiTWFpbCIsIldUIjoyfQ%3D%3D%7C0%7C%7C%7C&amp;sdata=PFcrJfQi1NUuI8LEjHCs%2FG8370qrRYdtUmLXYTcqR4k%3D&amp;reserved=0\" rel=\"nofollow noopener\" target=\"_blank\">Eetvartti-julkaisussa<\/a><br \/>Ajankohtaista tietoa Helsingin seudun kehityksest\u00e4 <a href=\"https:\/\/eur03.safelinks.protection.outlook.com\/?url=https%3A%2F%2Fwww.helsinginseudunsuunnat.fi%2F&amp;data=05%7C02%7C%7C57c0e7a07d194aec132908de371d9a65%7C6bb04228cfa542139f39172454d82584%7C1%7C0%7C639008797536285671%7CUnknown%7CTWFpbGZsb3d8eyJFbXB0eU1hcGkiOnRydWUsIlYiOiIwLjAuMDAwMCIsIlAiOiJXaW4zMiIsIkFOIjoiTWFpbCIsIldUIjoyfQ%3D%3D%7C0%7C%7C%7C&amp;sdata=z%2BNfSTjAKgpgp53%2BIvJ6%2B9I%2FBSTmDO8ANdWv0NfSWBA%3D&amp;reserved=0\" rel=\"nofollow noopener\" target=\"_blank\">https:\/\/www.helsinginseudunsuunnat.fi\/<\/a><\/p>\n","protected":false},"excerpt":{"rendered":"Eetvartti 4\/2025 on julkaistu Ajankohtaista Eetvartti \u2013 Espoon toimintaymp\u00e4rist\u00f6katsauksessa: Kouluterveyskyselyst\u00e4 t\u00e4rke\u00e4\u00e4 tietoa lasten ja nuorten hyvinvoinnista Espoon elinvoima&hellip;\n","protected":false},"author":2,"featured_media":118883,"comment_status":"","ping_status":"","sticky":false,"template":"","format":"standard","meta":{"footnotes":""},"categories":[12],"tags":[22,23,26,27,33,31,30,17,24,25,28,29,15,18,21,32,19,20,16],"class_list":{"0":"post-118882","1":"post","2":"type-post","3":"status-publish","4":"format-standard","5":"has-post-thumbnail","7":"category-suomi","8":"tag-breaking-news","9":"tag-breakingnews","10":"tag-featured-news","11":"tag-featurednews","12":"tag-fi","13":"tag-finland","14":"tag-finnish","15":"tag-headlines","16":"tag-latest-news","17":"tag-latestnews","18":"tag-main-news","19":"tag-mainnews","20":"tag-news","21":"tag-otsikot","22":"tag-paauutiset","23":"tag-suomi","24":"tag-top-stories","25":"tag-topstories","26":"tag-uutiset"},"share_on_mastodon":{"url":"https:\/\/pubeurope.com\/@fi\/115735462180504200","error":""},"_links":{"self":[{"href":"https:\/\/www.europesays.com\/fi\/wp-json\/wp\/v2\/posts\/118882","targetHints":{"allow":["GET"]}}],"collection":[{"href":"https:\/\/www.europesays.com\/fi\/wp-json\/wp\/v2\/posts"}],"about":[{"href":"https:\/\/www.europesays.com\/fi\/wp-json\/wp\/v2\/types\/post"}],"author":[{"embeddable":true,"href":"https:\/\/www.europesays.com\/fi\/wp-json\/wp\/v2\/users\/2"}],"replies":[{"embeddable":true,"href":"https:\/\/www.europesays.com\/fi\/wp-json\/wp\/v2\/comments?post=118882"}],"version-history":[{"count":0,"href":"https:\/\/www.europesays.com\/fi\/wp-json\/wp\/v2\/posts\/118882\/revisions"}],"wp:featuredmedia":[{"embeddable":true,"href":"https:\/\/www.europesays.com\/fi\/wp-json\/wp\/v2\/media\/118883"}],"wp:attachment":[{"href":"https:\/\/www.europesays.com\/fi\/wp-json\/wp\/v2\/media?parent=118882"}],"wp:term":[{"taxonomy":"category","embeddable":true,"href":"https:\/\/www.europesays.com\/fi\/wp-json\/wp\/v2\/categories?post=118882"},{"taxonomy":"post_tag","embeddable":true,"href":"https:\/\/www.europesays.com\/fi\/wp-json\/wp\/v2\/tags?post=118882"}],"curies":[{"name":"wp","href":"https:\/\/api.w.org\/{rel}","templated":true}]}}