{"id":118884,"date":"2025-12-17T14:49:07","date_gmt":"2025-12-17T14:49:07","guid":{"rendered":"https:\/\/www.europesays.com\/fi\/118884\/"},"modified":"2025-12-17T14:49:07","modified_gmt":"2025-12-17T14:49:07","slug":"espanja-perustaa-hellesuojia-eri-puolille-maata-uutisia-lyhyesti","status":"publish","type":"post","link":"https:\/\/www.europesays.com\/fi\/118884\/","title":{"rendered":"Espanja perustaa hellesuojia eri puolille maata | Uutisia lyhyesti"},"content":{"rendered":"<p class=\"aw-1gybjub aw-1p7kakr kEtdKx cEmitX yle__article__paragraph\">Espanja perustaa koko maahan hellesuojia ensi kes\u00e4\u00e4n menness\u00e4 auttaakseen ihmisi\u00e4 selviytym\u00e4\u00e4n yh\u00e4 ankarammiksi k\u00e4yvist\u00e4 helteist\u00e4.<\/p>\n<p class=\"aw-1gybjub aw-1p7kakr kEtdKx cEmitX yle__article__paragraph\">Asiasta kertoi Espanjan p\u00e4\u00e4ministeri <strong class=\"aw-ak79eh KyCXm yle__article__strong\">Pedro S\u00e1nchez<\/strong> Madridin ilmastokonferenssissa.<\/p>\n<p class=\"aw-1gybjub aw-1p7kakr kEtdKx cEmitX yle__article__paragraph\">P\u00e4\u00e4ministerin mukaan tuhoisat kuivuusjaksot ja helleaallot ovat yleistym\u00e4ss\u00e4 Espanjassa kes\u00e4isin, eik\u00e4 kyse ole en\u00e4\u00e4 yksitt\u00e4isist\u00e4 s\u00e4\u00e4ilmi\u00f6ist\u00e4.<\/p>\n<p class=\"aw-1gybjub aw-1p7kakr kEtdKx cEmitX yle__article__paragraph\">\u2013 T\u00e4m\u00e4 on uusi normaali, S\u00e1nchez sanoi.<\/p>\n<p class=\"aw-1gybjub aw-1p7kakr kEtdKx cEmitX yle__article__paragraph\">Katalonian p\u00e4\u00e4kaupunki Barcelona on ollut edell\u00e4k\u00e4vij\u00e4 muun muassa kirjastojen, koulujen ja muiden julkisten rakennusten hy\u00f6dynt\u00e4misess\u00e4 hellesuojina.<\/p>\n<p class=\"aw-1gybjub aw-1p7kakr kEtdKx cEmitX yle__article__paragraph\">Barcelonan k\u00e4yt\u00e4nt\u00f6\u00e4 on tarkoitus laajentaa koko maahan avaamalla valtion omistamia rakennuksia asukkaiden k\u00e4ytt\u00f6\u00f6n helleaaltojen aikana.<\/p>\n<p>Kuumin kes\u00e4<\/p>\n<p class=\"aw-1gybjub aw-1p7kakr kEtdKx cEmitX yle__article__paragraph\">Espanjassa koettiin t\u00e4n\u00e4 vuonna mittaushistorian kuumin kes\u00e4. Espanjalaisen ilmatieteen laitoksen mukaan kes\u00e4kuukausien keskil\u00e4mp\u00f6tila oli 24,2 astetta.<\/p>\n<p class=\"aw-1gybjub aw-1p7kakr kEtdKx cEmitX yle__article__paragraph\">Aiempi enn\u00e4tys tehtiin vuonna 2022, jolloin lukema oli 24,1 astetta.<\/p>\n<p class=\"aw-1gybjub aw-1p7kakr kEtdKx cEmitX yle__article__paragraph\">Espanjan terveysministeri\u00f6n mukaan helteisiin liittyvi\u00e4 kuolemia kirjattiin 16. toukokuuta ja 30. syyskuuta v\u00e4lisen\u00e4 aikana 3 832.<\/p>\n","protected":false},"excerpt":{"rendered":"Espanja perustaa koko maahan hellesuojia ensi kes\u00e4\u00e4n menness\u00e4 auttaakseen ihmisi\u00e4 selviytym\u00e4\u00e4n yh\u00e4 ankarammiksi k\u00e4yvist\u00e4 helteist\u00e4. Asiasta kertoi Espanjan&hellip;\n","protected":false},"author":2,"featured_media":74,"comment_status":"","ping_status":"","sticky":false,"template":"","format":"standard","meta":{"footnotes":""},"categories":[5],"tags":[22,23,1819,26,27,33,31,30,17,1709,1423,24,25,2959,28,29,15,18,21,710,32,19,20,16],"class_list":{"0":"post-118884","1":"post","2":"type-post","3":"status-publish","4":"format-standard","5":"has-post-thumbnail","7":"category-otsikot","8":"tag-breaking-news","9":"tag-breakingnews","10":"tag-espanja","11":"tag-featured-news","12":"tag-featurednews","13":"tag-fi","14":"tag-finland","15":"tag-finnish","16":"tag-headlines","17":"tag-helle","18":"tag-lampotila","19":"tag-latest-news","20":"tag-latestnews","21":"tag-madrid","22":"tag-main-news","23":"tag-mainnews","24":"tag-news","25":"tag-otsikot","26":"tag-paauutiset","27":"tag-saa","28":"tag-suomi","29":"tag-top-stories","30":"tag-topstories","31":"tag-uutiset"},"share_on_mastodon":{"url":"https:\/\/pubeurope.com\/@fi\/115735466046340960","error":""},"_links":{"self":[{"href":"https:\/\/www.europesays.com\/fi\/wp-json\/wp\/v2\/posts\/118884","targetHints":{"allow":["GET"]}}],"collection":[{"href":"https:\/\/www.europesays.com\/fi\/wp-json\/wp\/v2\/posts"}],"about":[{"href":"https:\/\/www.europesays.com\/fi\/wp-json\/wp\/v2\/types\/post"}],"author":[{"embeddable":true,"href":"https:\/\/www.europesays.com\/fi\/wp-json\/wp\/v2\/users\/2"}],"replies":[{"embeddable":true,"href":"https:\/\/www.europesays.com\/fi\/wp-json\/wp\/v2\/comments?post=118884"}],"version-history":[{"count":0,"href":"https:\/\/www.europesays.com\/fi\/wp-json\/wp\/v2\/posts\/118884\/revisions"}],"wp:featuredmedia":[{"embeddable":true,"href":"https:\/\/www.europesays.com\/fi\/wp-json\/wp\/v2\/media\/74"}],"wp:attachment":[{"href":"https:\/\/www.europesays.com\/fi\/wp-json\/wp\/v2\/media?parent=118884"}],"wp:term":[{"taxonomy":"category","embeddable":true,"href":"https:\/\/www.europesays.com\/fi\/wp-json\/wp\/v2\/categories?post=118884"},{"taxonomy":"post_tag","embeddable":true,"href":"https:\/\/www.europesays.com\/fi\/wp-json\/wp\/v2\/tags?post=118884"}],"curies":[{"name":"wp","href":"https:\/\/api.w.org\/{rel}","templated":true}]}}