{"id":118887,"date":"2025-12-17T15:03:09","date_gmt":"2025-12-17T15:03:09","guid":{"rendered":"https:\/\/www.europesays.com\/fi\/118887\/"},"modified":"2025-12-17T15:03:09","modified_gmt":"2025-12-17T15:03:09","slug":"jasmin-vahakankaalta-kovia-vaitteita-vappu-pimiasta-olin-silloin-teini-ikainen","status":"publish","type":"post","link":"https:\/\/www.europesays.com\/fi\/118887\/","title":{"rendered":"Jasmin V\u00e4h\u00e4kankaalta kovia v\u00e4itteit\u00e4 Vappu Pimi\u00e4st\u00e4: \u201dOlin silloin teini-ik\u00e4inen\u201d"},"content":{"rendered":"<p>Jasmin V\u00e4h\u00e4kangas sanoo, ett\u00e4 Vappu Pimi\u00e4 olisi ivannut h\u00e4nt\u00e4 aikoinaan tv:ss\u00e4.<\/p>\n<p><img decoding=\"async\" class=\"image image-show image-preview\" src=\"https:\/\/www.europesays.com\/fi\/wp-content\/uploads\/2025\/12\/78474868ae81cebf290a853aef2746393f97801573d1697006395cabf96a9833.jpg\" alt=\"\"\/><img decoding=\"async\" class=\"image image-show\" src=\"https:\/\/www.europesays.com\/fi\/wp-content\/uploads\/2025\/12\/1765983789_775_78474868ae81cebf290a853aef2746393f97801573d1697006395cabf96a9833.jpg\" alt=\"\"\/><\/p>\n<p>Jasmin V\u00e4h\u00e4kangas esitt\u00e4\u00e4 v\u00e4itteit\u00e4 Vappu Pimi\u00e4st\u00e4, kun h\u00e4n ottaa kantaa viimeaikaiseen Miss Suomi -kohuun. Markku Ruottinen<\/p>\n<p class=\"paragraph\">Ex-malli <strong>Jasmin V\u00e4h\u00e4kangas<\/strong> (ent. M\u00e4ntyl\u00e4), 43, ottaa kantaa missikruununsa menett\u00e4neen <strong>Sarah Dzafcen<\/strong>, 22, rasismikohuun.<\/p>\n<p class=\"paragraph\">V\u00e4h\u00e4kangas painottaa Instagram-julkaisussaan, ett\u00e4 rasismi ja muukin kiusaaminen ovat aina v\u00e4\u00e4rin, mutta kokee, ettei Dzafcen kohutussa kuvassa ollut kyse siit\u00e4. Rasismikohu alkoi, kun anonyymiss\u00e4 viestipalvelu Jodelissa levisi kuva, jossa Dzafce venytti sormillaan silm\u00e4ns\u00e4 vinoon. Kuvaan oli kirjoitettu teksti \u201dkiinalaisen kanssa sy\u00f6m\u00e4ss\u00e4\u201d. Kuva tulkittiin rasistiseksi aasialaisia kohtaan.<\/p>\n<p class=\"paragraph\">\u2013 Juttuhan l\u00e4hti kaverien v\u00e4lisest\u00e4 l\u00e4p\u00e4st\u00e4, joka paisui kuin pullataikina. Suurimpana ongelmana n\u00e4en sen, miten alkuper\u00e4inen t\u00e4m\u00e4n vuoden Miss Suomi Sarah heitettiin susille ja j\u00e4tettiin yksin kantamaan h\u00e4nelle v\u00e4kisin asetettua rasistin viittaa. Oksettava tapaus kaikin puolin, V\u00e4h\u00e4kangas kirjoittaa.<\/p>\n<p>Miss Suomi Sarah Dzafce menetti kruununsa rasismikohun takia. Maarit Pohjanpalo<\/p>\n<p class=\"paragraph\">Aihe saa V\u00e4h\u00e4kankaan muistelemaan omia kauneuskilpailu- ja malliaikojaan, kun h\u00e4n joutui kritisoinnin kohteeksi. V\u00e4h\u00e4kankaan mukaan esimerkiksi juontaja <strong>Vappu Pimi\u00e4<\/strong>, 47, oli ivannut h\u00e4nt\u00e4 aikoinaan MTV:n y\u00f6chatissa.<\/p>\n<p class=\"paragraph\">\u2013 Yhten\u00e4 kertana yll\u00e4tyin sek\u00e4 huvituin, sill\u00e4 siell\u00e4 er\u00e4s juontajalupaus nimelt\u00e4 Vappu Pimi\u00e4 pilkkasi minua ihan olan takaa, matki uikkarikuvausposeerauksiani samalla tuttua nauruaan nauraen. Televisiossa. Ja min\u00e4 olin silloin teini-ik\u00e4inen. Ei se matkiminen\/pilkkaaminen minua haitannut, mutta se oli kiusallista katsottavaa, eik\u00e4 suinkaan minun itseni takia, ex-malli sanoo.<\/p>\n<p class=\"paragraph\">\u2013 T\u00e4m\u00e4 esimerkki siksi, koska nyt n\u00e4m\u00e4 Sarahin p\u00e4\u00e4t\u00e4 lankulle vaatineet toitottivat sit\u00e4, ett\u00e4 vaikka Sarah onkin nuori, h\u00e4n on silti aikuinen. Samaa ik\u00e4luokkaa tuo chattijuontaja oli edell\u00e4 mainitun jutun aikoihin ja h\u00e4nest\u00e4 on tullut nykyp\u00e4iv\u00e4n kansankynttil\u00e4, h\u00e4n lis\u00e4\u00e4.<\/p>\n<p class=\"paragraph\">Mik\u00e4li linkki ei n\u00e4y, voit katsoa julkaisun <a href=\"https:\/\/www.instagram.com\/p\/DSOz3wuiIVW\/?img_index=2\" target=\"_blank\" rel=\"noopener nofollow\">t\u00e4\u00e4lt\u00e4<\/a>.<\/p>\n<p class=\"paragraph\">Pimi\u00e4 kommentoi V\u00e4h\u00e4kankaan sanoja <a href=\"https:\/\/www.seiska.fi\/kotimaa\/jasmin-vahakankaalta-kovia-vaitteita-vappu-pimiasta-nain-kommentoi-vappu\/2021415\" target=\"_blank\" rel=\"noopener nofollow\">Seiskalle<\/a> Los Angelesista, jossa h\u00e4n lomailee parhaillaan perheens\u00e4 kanssa.<\/p>\n<p class=\"paragraph\">\u2013 25 vuotta sitten y\u00f6chatissa sattui ja tapahtui paljon kaikenlaista, juontaja sanoo lehdelle.<\/p>\n<p class=\"paragraph\">\u2013 Ik\u00e4v\u00e4 kyll\u00e4 minulla ei ole t\u00e4st\u00e4 kyseisest\u00e4 tapahtumasta mink\u00e4\u00e4nlaista muistikuvaa, h\u00e4n lis\u00e4\u00e4.<\/p>\n<p class=\"paragraph\">Iltalehti yritti tuloksetta tavoittaa Pimi\u00e4\u00e4 aiheen tiimoilta sek\u00e4 puhelimitse ett\u00e4 tekstiviestitse.<\/p>\n<p class=\"paragraph\">Pimi\u00e4 toimi MTV:n chatjuontajana vuosina 2001\u20132003. Sen j\u00e4lkeen Pimi\u00e4 on juontanut muun muassa Tanssii t\u00e4htien kanssa- ja Maajussille morsian -ohjelmia.<\/p>\n<p>Vappu Pimi\u00e4 juonsi MTV:n chat-palvelua noin kaksi vuotta. Atte Kajova<\/p>\n<p><script async src=\"\/\/www.instagram.com\/embed.js\"><\/script><\/p>\n","protected":false},"excerpt":{"rendered":"Jasmin V\u00e4h\u00e4kangas sanoo, ett\u00e4 Vappu Pimi\u00e4 olisi ivannut h\u00e4nt\u00e4 aikoinaan tv:ss\u00e4. Jasmin V\u00e4h\u00e4kangas esitt\u00e4\u00e4 v\u00e4itteit\u00e4 Vappu Pimi\u00e4st\u00e4, kun&hellip;\n","protected":false},"author":2,"featured_media":118888,"comment_status":"","ping_status":"","sticky":false,"template":"","format":"standard","meta":{"footnotes":""},"categories":[136],"tags":[35,407,137,33,31,30,408,1999,32,2140,140,139,4241,109],"class_list":{"0":"post-118887","1":"post","2":"type-post","3":"status-publish","4":"format-standard","5":"has-post-thumbnail","7":"category-julkkikset","8":"tag-24h","9":"tag-celebrities","10":"tag-entertainment","11":"tag-fi","12":"tag-finland","13":"tag-finnish","14":"tag-julkkikset","15":"tag-suomalaiset-tv-ohjelmat","16":"tag-suomi","17":"tag-tosi-tv-ohjelmat","18":"tag-tv-ja-elokuvat","19":"tag-tv-ohjelmat","20":"tag-tv-persoonat","21":"tag-viihde"},"share_on_mastodon":{"url":"https:\/\/pubeurope.com\/@fi\/115735521430775103","error":""},"_links":{"self":[{"href":"https:\/\/www.europesays.com\/fi\/wp-json\/wp\/v2\/posts\/118887","targetHints":{"allow":["GET"]}}],"collection":[{"href":"https:\/\/www.europesays.com\/fi\/wp-json\/wp\/v2\/posts"}],"about":[{"href":"https:\/\/www.europesays.com\/fi\/wp-json\/wp\/v2\/types\/post"}],"author":[{"embeddable":true,"href":"https:\/\/www.europesays.com\/fi\/wp-json\/wp\/v2\/users\/2"}],"replies":[{"embeddable":true,"href":"https:\/\/www.europesays.com\/fi\/wp-json\/wp\/v2\/comments?post=118887"}],"version-history":[{"count":0,"href":"https:\/\/www.europesays.com\/fi\/wp-json\/wp\/v2\/posts\/118887\/revisions"}],"wp:featuredmedia":[{"embeddable":true,"href":"https:\/\/www.europesays.com\/fi\/wp-json\/wp\/v2\/media\/118888"}],"wp:attachment":[{"href":"https:\/\/www.europesays.com\/fi\/wp-json\/wp\/v2\/media?parent=118887"}],"wp:term":[{"taxonomy":"category","embeddable":true,"href":"https:\/\/www.europesays.com\/fi\/wp-json\/wp\/v2\/categories?post=118887"},{"taxonomy":"post_tag","embeddable":true,"href":"https:\/\/www.europesays.com\/fi\/wp-json\/wp\/v2\/tags?post=118887"}],"curies":[{"name":"wp","href":"https:\/\/api.w.org\/{rel}","templated":true}]}}