{"id":118893,"date":"2025-12-17T15:11:10","date_gmt":"2025-12-17T15:11:10","guid":{"rendered":"https:\/\/www.europesays.com\/fi\/118893\/"},"modified":"2025-12-17T15:11:10","modified_gmt":"2025-12-17T15:11:10","slug":"pate-mustajarven-firman-surullinen-tilanne-paljastui","status":"publish","type":"post","link":"https:\/\/www.europesays.com\/fi\/118893\/","title":{"rendered":"Pate Mustaj\u00e4rven firman surullinen tilanne paljastui"},"content":{"rendered":"<p>Pate Mustaj\u00e4rven yhti\u00f6n liikevaihto romahti tuoreimmalla tilikaudella. Yhti\u00f6n kassatilanne on silti edelleen hyv\u00e4. <\/p>\n<p><img decoding=\"async\" class=\"image image-show image-preview\" src=\"https:\/\/www.europesays.com\/fi\/wp-content\/uploads\/2025\/09\/b4dce428e22d61b3cc09b0f0bb9d27905c043cd66c981d7dd569736c000638cd.jpg\" alt=\"\"\/><img decoding=\"async\" class=\"image image-show\" src=\"https:\/\/www.europesays.com\/fi\/wp-content\/uploads\/2025\/09\/1758526868_44_b4dce428e22d61b3cc09b0f0bb9d27905c043cd66c981d7dd569736c000638cd.jpg\" alt=\"\"\/><\/p>\n<p>Pate Mustaj\u00e4rven yritys teki tappiota viime tilikaudella. Atte Kajova<\/p>\n<p class=\"paragraph\">Muusikko <a href=\"https:\/\/www.iltalehti.fi\/henkilot\/Pate Mustaj\u00e4rvi\" class=\"article-link-person-page\" rel=\"nofollow noopener\" target=\"_blank\">Pate Mustaj\u00e4rven<\/a> yhti\u00f6 Ikurin Turpiini Oy teki toukokuussa 2025 p\u00e4\u00e4ttyneell\u00e4 tilikaudella 252\u00a0298 euron tappion.<\/p>\n<p class=\"paragraph\">Yhti\u00f6n liikevaihto romahti edellisen vuoden 645\u00a0513 eurosta 173\u00a0989 euroon. Laskua kertyi 471\u00a0524 euroa eli 73 prosenttia.<\/p>\n<p class=\"paragraph\">Liikevaihdon romahduksen my\u00f6t\u00e4 yhti\u00f6n tulos painui 252\u00a0289 euroa tappiolle. Yll\u00e4tt\u00e4v\u00e4\u00e4 on, ett\u00e4 yhti\u00f6n toimintakulut kasvoivat vaikka liikevaihto romahti.<\/p>\n<p class=\"paragraph\">Esimerkiksi palkat kasvoivat 49\u00a0633 eurolla nostaen ne 225\u00a0815 euroon. Yhti\u00f6ss\u00e4 ty\u00f6skentelee tilinp\u00e4\u00e4t\u00f6ksen mukaan kaksi henkil\u00f6\u00e4, joten tasan jaettuna palkkaa on maksettu yli 100\u00a0000 euroa per henkil\u00f6.<\/p>\n<p class=\"paragraph\">Pate Mustaj\u00e4rven lis\u00e4ksi yhti\u00f6ss\u00e4 vastuuhenkil\u00f6n\u00e4 toimii h\u00e4nen tytt\u00e4rens\u00e4 <strong>Jenni Mustaj\u00e4rvi<\/strong>. Hein\u00e4kuusta 2025 l\u00e4htien yhti\u00f6n vastuuhenkil\u00f6n\u00e4 on toiminut my\u00f6s Pate Mustaj\u00e4rven <strong>Tiina<\/strong>-puoliso.<\/p>\n<p class=\"paragraph\">YEL-maksuista puhutaan parhaillaan paljon. Mustaj\u00e4rven yhti\u00f6 on maksanut YEL-maksuja palkoistaan vain 22\u00a0469 euroa eli 10 prosenttia, palkkasumman perusteinen taso olisi 24 prosenttia.<\/p>\n<p class=\"paragraph\">Viime vuonna Mustaj\u00e4rvi oli viel\u00e4 68-vuotias. Suomessa yritt\u00e4j\u00e4n\u00e4 toimivat 18\u201368-vuotiaat ovat YEL-velvollisia.<\/p>\n<p class=\"paragraph\">Vuosina 2018-2022 YEL-maksua maksettiin vuosittain vain viidest\u00e4 kahdeksaan tuhatta euroa vuodessa.<\/p>\n<p>Takana suuri voitto<\/p>\n<p class=\"paragraph\">Edellisell\u00e4 tilikaudella Mustaj\u00e4rven yhti\u00f6 teki roiman 302\u00a0578 euron voiton.<\/p>\n<p class=\"paragraph\">Osinkoa Mustaj\u00e4rvi nosti yhti\u00f6st\u00e4\u00e4n 37\u00a0000 euroa. Yhti\u00f6kokous on p\u00e4\u00e4tt\u00e4nyt, ett\u00e4 tilikaudelta jaetaan osinkoa 13\u00a0000 euroa, joka on nostettavissa 1.tammikuuta 2026.<\/p>\n<p class=\"paragraph\">Liikevaihdon laskun ja toimintakulujen kasvun my\u00f6t\u00e4 yhti\u00f6n kassavarat supistuivat 275\u00a0190 eurolla. Tilikauden lopussa kassavaroja oli 192\u00a0361 euroa.<\/p>\n<p class=\"paragraph\">Yhti\u00f6ll\u00e4 on velkoja 113\u00a0802 euroa, joten kassavarat riitt\u00e4v\u00e4t hyvin velkojen maksuun.<\/p>\n<p class=\"paragraph\">Tappion my\u00f6t\u00e4 my\u00f6s voitonjakokelpoiset varat supistuivat selv\u00e4sti. Tilikauden alussa niit\u00e4 oli 460\u00a0732 euroa ja lopussa en\u00e4\u00e4 171\u00a0434 euroa.<\/p>\n<p class=\"paragraph\">Pate Mustaj\u00e4rven omat verotettavat tulot vuonna 2024 olivat per\u00e4ti 194 448 euroa.<\/p>\n<p class=\"paragraph\">Mustaj\u00e4rvi <a href=\"https:\/\/www.iltalehti.fi\/musiikki\/f372881f-da50-430c-b231-5bed014e4b52\" rel=\"nofollow noopener\" target=\"_blank\">kertoi<\/a> lokakuun puoliv\u00e4liss\u00e4, ett\u00e4 h\u00e4nen kehostaan on l\u00f6ytynyt tuumori. Samalla Mustaj\u00e4rvi perui siihen asti ilmoitetut keikkansa. Marraskuussa Mustaj\u00e4rvi <a href=\"https:\/\/www.iltalehti.fi\/viihdeuutiset\/8209d863-6b95-4f1f-8094-a9c8d90872fa\" rel=\"nofollow noopener\" target=\"_blank\">vahvisti<\/a>, ett\u00e4 kyse on sy\u00f6v\u00e4st\u00e4.<\/p>\n<p class=\"paragraph\">Mustaj\u00e4rvelt\u00e4 ilmestyy ensi kev\u00e4\u00e4n\u00e4 <a href=\"https:\/\/www.iltalehti.fi\/viihdeuutiset\/4dc83119-67ee-4b96-b234-805ab9cd9667\" rel=\"nofollow noopener\" target=\"_blank\">el\u00e4m\u00e4kerta<\/a>, jonka on kirjoittanut h\u00e4nen puolisonsa.<\/p>\n","protected":false},"excerpt":{"rendered":"Pate Mustaj\u00e4rven yhti\u00f6n liikevaihto romahti tuoreimmalla tilikaudella. Yhti\u00f6n kassatilanne on silti edelleen hyv\u00e4. Pate Mustaj\u00e4rven yritys teki tappiota&hellip;\n","protected":false},"author":2,"featured_media":118894,"comment_status":"","ping_status":"","sticky":false,"template":"","format":"standard","meta":{"footnotes":""},"categories":[130],"tags":[35,137,33,31,30,1322,1320,47,32,1321,1319,109],"class_list":{"0":"post-118893","1":"post","2":"type-post","3":"status-publish","4":"format-standard","5":"has-post-thumbnail","7":"category-viihde","8":"tag-24h","9":"tag-entertainment","10":"tag-fi","11":"tag-finland","12":"tag-finnish","13":"tag-laskentatoimi","14":"tag-liikevaihto","15":"tag-musiikki","16":"tag-suomi","17":"tag-tilintarkastus-ja-laskentatoimi","18":"tag-tulostiedot","19":"tag-viihde"},"share_on_mastodon":{"url":"https:\/\/pubeurope.com\/@fi\/115735552710824134","error":""},"_links":{"self":[{"href":"https:\/\/www.europesays.com\/fi\/wp-json\/wp\/v2\/posts\/118893","targetHints":{"allow":["GET"]}}],"collection":[{"href":"https:\/\/www.europesays.com\/fi\/wp-json\/wp\/v2\/posts"}],"about":[{"href":"https:\/\/www.europesays.com\/fi\/wp-json\/wp\/v2\/types\/post"}],"author":[{"embeddable":true,"href":"https:\/\/www.europesays.com\/fi\/wp-json\/wp\/v2\/users\/2"}],"replies":[{"embeddable":true,"href":"https:\/\/www.europesays.com\/fi\/wp-json\/wp\/v2\/comments?post=118893"}],"version-history":[{"count":0,"href":"https:\/\/www.europesays.com\/fi\/wp-json\/wp\/v2\/posts\/118893\/revisions"}],"wp:featuredmedia":[{"embeddable":true,"href":"https:\/\/www.europesays.com\/fi\/wp-json\/wp\/v2\/media\/118894"}],"wp:attachment":[{"href":"https:\/\/www.europesays.com\/fi\/wp-json\/wp\/v2\/media?parent=118893"}],"wp:term":[{"taxonomy":"category","embeddable":true,"href":"https:\/\/www.europesays.com\/fi\/wp-json\/wp\/v2\/categories?post=118893"},{"taxonomy":"post_tag","embeddable":true,"href":"https:\/\/www.europesays.com\/fi\/wp-json\/wp\/v2\/tags?post=118893"}],"curies":[{"name":"wp","href":"https:\/\/api.w.org\/{rel}","templated":true}]}}