{"id":118897,"date":"2025-12-17T15:15:08","date_gmt":"2025-12-17T15:15:08","guid":{"rendered":"https:\/\/www.europesays.com\/fi\/118897\/"},"modified":"2025-12-17T15:15:08","modified_gmt":"2025-12-17T15:15:08","slug":"harvardin-ruumishuoneen-johtaja-myi-ruumiinosia","status":"publish","type":"post","link":"https:\/\/www.europesays.com\/fi\/118897\/","title":{"rendered":"Harvardin ruumishuoneen johtaja myi ruumiinosia"},"content":{"rendered":"<p><strong class=\"typography-bold\">Harvardin yliopiston l\u00e4\u00e4ketieteellisen tiedekunnan ruumishuoneesta paljastui rikosvyyhti, jossa entinen johtaja myi tutkimukseen lahjoitettuja ruumiinosia eteenp\u00e4in vuosien ajan. Nyt mies on tuomittu pitk\u00e4\u00e4n vankeusrangaistukseen.<\/strong><\/p>\n<p>Harvardin l\u00e4\u00e4ketieteellisen tiedekunnan entinen ruumishuoneen johtaja<strong class=\"typography-bold\"> Cedric Lodge<\/strong> on tuomittu kahdeksaksi vuodeksi vankeuteen ruumiinosien varastamisesta ja myymisest\u00e4.\u00a0<\/p>\n<p>Oikeusministeri\u00f6n mukaan Lodge kaupitteli tieteelliseen tutkimukseen lahjoitettuja ihmisj\u00e4\u00e4nteit\u00e4 vuosina 2018\u20132020. Asiasta uutisoi muun muassa <a class=\"underline\" data-testid=\"external-link\" href=\"https:\/\/www.cbsnews.com\/news\/former-harvard-morgue-manager-sentenced-for-selling-body-parts\/\" rel=\"noopener noreferrer nofollow\" target=\"_blank\" data-sentry-component=\"ExternalLink\" data-sentry-source-file=\"ExternalLink.tsx\">CBS News<\/a>.<\/p>\n<p>Lodge vei ruumiinosia luvatta ty\u00f6paikaltaan ja kuljetti niit\u00e4 yhdess\u00e4 vaimonsa kanssa koteihinsa ja muihin paikkoihin useissa osavaltioissa ennen niiden myymist\u00e4 eteenp\u00e4in. Varastettuihin j\u00e4\u00e4nteisiin kuului muun muassa sis\u00e4elimi\u00e4, aivoja, k\u00e4si\u00e4 ja kasvoja. Harvard erotti Lodgen teht\u00e4vist\u00e4\u00e4n vuonna 2023.<\/p>\n<p>My\u00f6s Lodgen vaimo <strong class=\"typography-bold\">Denise Lodge<\/strong> on tuomittu vuoden vankeuteen. Oikeusministeri\u00f6n mukaan osa ruumiinosista myytiin edelleen voitolla, ja useita ostajia on jo tuomittu tai he odottavat viel\u00e4 tuomiota.<\/p>\n","protected":false},"excerpt":{"rendered":"Harvardin yliopiston l\u00e4\u00e4ketieteellisen tiedekunnan ruumishuoneesta paljastui rikosvyyhti, jossa entinen johtaja myi tutkimukseen lahjoitettuja ruumiinosia eteenp\u00e4in vuosien ajan. Nyt&hellip;\n","protected":false},"author":2,"featured_media":118898,"comment_status":"","ping_status":"","sticky":false,"template":"","format":"standard","meta":{"footnotes":""},"categories":[14],"tags":[22,23,26,27,33,31,30,17,24,25,28,29,15,18,21,32,19,20,56,16,59,60,61],"class_list":{"0":"post-118897","1":"post","2":"type-post","3":"status-publish","4":"format-standard","5":"has-post-thumbnail","7":"category-ulkomaat","8":"tag-breaking-news","9":"tag-breakingnews","10":"tag-featured-news","11":"tag-featurednews","12":"tag-fi","13":"tag-finland","14":"tag-finnish","15":"tag-headlines","16":"tag-latest-news","17":"tag-latestnews","18":"tag-main-news","19":"tag-mainnews","20":"tag-news","21":"tag-otsikot","22":"tag-paauutiset","23":"tag-suomi","24":"tag-top-stories","25":"tag-topstories","26":"tag-ulkomaat","27":"tag-uutiset","28":"tag-world","29":"tag-world-news","30":"tag-worldnews"},"share_on_mastodon":{"url":"https:\/\/pubeurope.com\/@fi\/115735568399650027","error":""},"_links":{"self":[{"href":"https:\/\/www.europesays.com\/fi\/wp-json\/wp\/v2\/posts\/118897","targetHints":{"allow":["GET"]}}],"collection":[{"href":"https:\/\/www.europesays.com\/fi\/wp-json\/wp\/v2\/posts"}],"about":[{"href":"https:\/\/www.europesays.com\/fi\/wp-json\/wp\/v2\/types\/post"}],"author":[{"embeddable":true,"href":"https:\/\/www.europesays.com\/fi\/wp-json\/wp\/v2\/users\/2"}],"replies":[{"embeddable":true,"href":"https:\/\/www.europesays.com\/fi\/wp-json\/wp\/v2\/comments?post=118897"}],"version-history":[{"count":0,"href":"https:\/\/www.europesays.com\/fi\/wp-json\/wp\/v2\/posts\/118897\/revisions"}],"wp:featuredmedia":[{"embeddable":true,"href":"https:\/\/www.europesays.com\/fi\/wp-json\/wp\/v2\/media\/118898"}],"wp:attachment":[{"href":"https:\/\/www.europesays.com\/fi\/wp-json\/wp\/v2\/media?parent=118897"}],"wp:term":[{"taxonomy":"category","embeddable":true,"href":"https:\/\/www.europesays.com\/fi\/wp-json\/wp\/v2\/categories?post=118897"},{"taxonomy":"post_tag","embeddable":true,"href":"https:\/\/www.europesays.com\/fi\/wp-json\/wp\/v2\/tags?post=118897"}],"curies":[{"name":"wp","href":"https:\/\/api.w.org\/{rel}","templated":true}]}}