{"id":118899,"date":"2025-12-17T15:16:10","date_gmt":"2025-12-17T15:16:10","guid":{"rendered":"https:\/\/www.europesays.com\/fi\/118899\/"},"modified":"2025-12-17T15:16:10","modified_gmt":"2025-12-17T15:16:10","slug":"patria-lahella-toistakin-jattipottia-britannia-tekemassa-miljardiluokan-tilauksen","status":"publish","type":"post","link":"https:\/\/www.europesays.com\/fi\/118899\/","title":{"rendered":"Patria l\u00e4hell\u00e4 toistakin j\u00e4ttipottia: Britannia tekem\u00e4ss\u00e4 miljardiluokan tilauksen"},"content":{"rendered":"<p>Asekauppa|Patrian vaunu on suosikki jopa 1\u202f500 panssaroidun miehist\u00f6nkuljetusvaunun hankinnassa Britanniassa. Suurin uhka vaunukaupalle on en\u00e4\u00e4 poliittinen.<\/p>\n<p>Lue tiivistelm\u00e4<\/p>\n<p class=\"article-body mb-nof-24 px-nof-16 sndp-summary-bullet-point-font\">Suomalais-norjalainen puolustusteollisuusyritys Patria on vahvoilla jopa 1 500 panssaroidun miehist\u00f6nkuljetusvaunun kaupassa Britanniaan.<\/p>\n<p class=\"article-body mb-nof-24 px-nof-16 sndp-summary-bullet-point-font\">Patria tekee yhteisty\u00f6t\u00e4 brittil\u00e4isen Babcockin kanssa, joka valmistaisi vaunut maan asevoimille Britanniassa.<\/p>\n<p class=\"article-body mb-nof-24 px-nof-16 sndp-summary-bullet-point-font\">Ensimm\u00e4isist\u00e4 sopimuksista saatetaan kertoa jo ennen kes\u00e4\u00e4.<\/p>\n<p class=\"article-body mb-nof-24 px-nof-16\">Patrian panssaroitujen miehist\u00f6nkuljetusvaunujen tilauskanta saattaa kaksinkertaistua ensi vuoden aikana. Taustalla on Britannian maavoimien suurhanke, jossa uusitaan sen kuljetuskalustoa.<\/p>\n<p class=\"article-body mb-nof-24 px-nof-16\">Patrian <a class=\"article-genericlink\" href=\"https:\/\/www.shephardmedia.com\/news\/landwarfareintl\/medium-knocked-out-of-british-army-vehicle-programme-with-cavs-as-heavyweight-champion\/\" rel=\"nofollow noopener\" target=\"_blank\">arvioidaan olevan<\/a> eritt\u00e4in vahvoilla ohjelmaan kuuluvien panssaroitujen miehist\u00f6kuljetusajoneuvojen hankinnassa. Brittil\u00e4inen puolustustarvikeyhti\u00f6 Babcock on arvioinut, ett\u00e4 Britannian maavoimat ostaa ainakin 1\u202f500 panssaroitua miehist\u00f6nkuljetusvaunua.<\/p>\n<p class=\"article-body mb-nof-24 px-nof-16\">Babcock ja Patria <a class=\"article-genericlink\" href=\"https:\/\/www.babcockinternational.com\/news\/babcock-and-patria-sign-teaming-agreement-as-ministry-of-defence-outlines-plans-to-join-common-armoured-vehicle-programme\/\" rel=\"nofollow noopener\" target=\"_blank\">tekiv\u00e4t aiemmin t\u00e4n\u00e4 vuonna<\/a> yhteisty\u00f6sopimuksen siit\u00e4, ett\u00e4 kaupan toteutuessa Babcock valmistaa Patrian 6&#215;6-miehist\u00f6nkuljetusvaunut Britanniassa. Toteutuessaan kauppa olisi miljardiluokkaa.<\/p>\n<p class=\"article-body mb-nof-24 px-nof-16\">Suurin uhka Patrian vaunukaupalle on en\u00e4\u00e4 poliittinen. Asekaupat ovat aina poliittisia p\u00e4\u00e4t\u00f6ksi\u00e4 eik\u00e4 kukaan voi olla t\u00e4ysin varma, millainen poliittinen ilmapiiri on Britanniassa ensi vuoden aikana.<\/p>\n<p class=\"article-body mb-nof-24 px-nof-16\">Suomalais-norjalainen Patria on brittien vaunuostosta vaitonainen. Patriasta viestitettiin HS:lle, ettei heill\u00e4 ole asiasta t\u00e4ll\u00e4 hetkell\u00e4 tiedotettavaa.<\/p>\n<p class=\"article-body mb-nof-24 px-nof-16\">Britannian tilaus tarkoittaisi sit\u00e4, ett\u00e4 Patrian vaunusta olisi tulossa er\u00e4\u00e4nlainen panssaroitujen miehist\u00f6nkuljetusvaunujen standardi Eurooppaan ja Natoon, sill\u00e4 my\u00f6s Saksan asevoimat on valitsemassa Patrian vaunun k\u00e4ytt\u00f6\u00f6ns\u00e4. Lis\u00e4ksi vaunuja on myyty Suomen lis\u00e4ksi jo esimerkiksi Ruotsiin, Tanskaan ja Latviaan.<\/p>\n<p class=\"article-body mb-nof-24 px-nof-16\">Patrialla onkin 6&#215;6-vaunuista yli tuhannen vaunun tilauskanta. Asiakkaille vaunuja on toimitettu yli 250 kappaletta.<\/p>\n<p class=\"article-body mb-nof-24 px-nof-16\">Brittien panssaroitujen miehist\u00f6nkuljetusvaunujen tarvetta voi verrata esimerkiksi maan jo p\u00e4\u00e4tt\u00e4mien varsinaisten taisteluajoneuvojen hankintam\u00e4\u00e4riin.<\/p>\n<p class=\"article-body mb-nof-24 px-nof-16\">Britannia on tilannut l\u00e4hes 600 teloilla kulkevaa Ajax-rynn\u00e4kk\u00f6panssarivaunua, yli 600 kahdeksanpy\u00f6r\u00e4ist\u00e4 Boxer-taisteluajoneuvoa ja l\u00e4hes 150 Challenger 3 -taistelupanssarivaunua.<\/p>\n<p class=\"article-body mb-nof-24 px-nof-16\">Briteill\u00e4 on ollut suuria vaikeuksia uusien Ajax-vaunujensa kanssa, koska niiss\u00e4 on havaittu vakavia t\u00e4rin\u00e4- ja meluongelmia. Siksi voisi ajatella, ett\u00e4 jo toimivaksi todettu Patria 6&#215;6 -vaunu koettaisiin helpoksi valinnaksi.<\/p>\n<p><img decoding=\"async\" src=\"https:\/\/www.europesays.com\/fi\/wp-content\/uploads\/2025\/12\/1765984570_351_468.jpg\" alt=\"Kuvassa on ensimm\u00e4inen Suomen puolustusvoimille luovutettu Patrian 6x6-vaunu runsaat kaksi vuotta sitten Santahaminassa.\" class=\"_Img_1rerz_1\" style=\"aspect-ratio:1.5\" loading=\"eager\"\/><\/p>\n<p class=\"article-picture-caption\">Kuvassa on ensimm\u00e4inen Suomen puolustusvoimille luovutettu Patrian 6&#215;6-vaunu runsaat kaksi vuotta sitten Santahaminassa. Kuva:\u00a0Sami Kero \/ HS<\/p>\n<p class=\"article-body mb-nof-24 px-nof-16\">Brittien asevoimilla on k\u00e4ynniss\u00e4 kiireellisen\u00e4 pidetty maa-ajoneuvoihin asennettavan <a class=\"article-genericlink\" href=\"https:\/\/ukdefencejournal.org.uk\/mod-issues-pipeline-notice-for-mounted-shorad-study\/\" rel=\"nofollow noopener\" target=\"_blank\">lyhyen kantaman ilmatorjuntaohjusj\u00e4rjestelm\u00e4n hankinta<\/a>. T\u00e4m\u00e4 vuoksi ensimm\u00e4iset Patrian vaunut menisiv\u00e4t Britanniassa ilmatorjuntaohjusten laveteiksi.<\/p>\n<p class=\"article-body mb-nof-24 px-nof-16\">T\u00e4t\u00e4 varten Patria on puolustustarvikeyhti\u00f6 Thalesin kumppanina rakentamassa miehist\u00f6nkuljetusvaunuun yhdistetty\u00e4 ilmatorjuntaohjusj\u00e4rjestelm\u00e4\u00e4. Patria esitellee Thalesin ohjuksilla varustetun vaununsa piakkoin.<\/p>\n<p class=\"article-body mb-nof-24 px-nof-16\">Thales valmistaa ohjuksia Pohjois-Irlannissa Belfastissa. Siell\u00e4 valmistetaan muun muassa LMM-ohjuksia (Lightweight Multirole Missile), joita britit ovat toimittaneet suuria m\u00e4\u00e4ri\u00e4 Ukrainaan.<\/p>\n<p class=\"article-body mb-nof-24 px-nof-16\">HS:n tiedon mukaan ensimm\u00e4isi\u00e4 vaunuja koskevia sopimuksia voidaan odottaa jo ennen ensi kes\u00e4\u00e4. Ensi vuonna rakennettaisiin ensimm\u00e4iset prototyypit ja varsinainen tuotanto l\u00e4htisi k\u00e4yntiin vuonna 2027.<\/p>\n<p class=\"article-body mb-nof-24 px-nof-16\">Patrian havitteleman kaupan taustalla on Britannian asevoimien suuri strateginen LMP-hanke eli Land Mobility Program. Siin\u00e4 on tarkoitus vaihtaa l\u00e4hivuosina vanhentumassa oleva ajoneuvokalusto uuteen.<\/p>\n<p class=\"article-body mb-nof-24 px-nof-16\">Kyse on noin tusinasta ajoneuvotyypist\u00e4 ja jopa 10\u202f000 ajoneuvosta. Suunnitelmissa on my\u00f6s v\u00e4hent\u00e4\u00e4 erilaisten ajoneuvotyyppien m\u00e4\u00e4r\u00e4\u00e4 selv\u00e4sti.<\/p>\n<p class=\"article-body mb-nof-24 px-nof-16\">Kevyimm\u00e4t uusittavat kulkuv\u00e4lineet ovat perinteisi\u00e4 Land Rovereita ja raskaimmat vanhoja panssaroituja FV432-tela-ajoneuvoja, joita k\u00e4ytet\u00e4\u00e4n muun muassa miehist\u00f6kuljetukseen. Rahaa hankkeeseen on suunniteltu k\u00e4ytett\u00e4v\u00e4n yli nelj\u00e4 miljardia euroa.<\/p>\n<p class=\"article-body mb-nof-24 px-nof-16\">LMP-hanke on edennyt t\u00e4n\u00e4 vuonna Patrian kannalta suotuisaan suuntaan. T\u00e4rkein liikahdus oli se, kun <a class=\"article-genericlink\" href=\"https:\/\/defmin.fi\/-\/iso-britannia-ja-norja-liittyvat-suomen-johtamaan-panssariajoneuvojen-yhteishankintaohjelmaan\" rel=\"nofollow noopener\" target=\"_blank\">Britannia liittyi syyskuussa<\/a> yhdess\u00e4 Norjan kanssa mukaan Patrian johtamaan niin sanottuun Cavs-hankkeeseen.<\/p>\n<p class=\"article-body mb-nof-24 px-nof-16\">Cavsiin liittymist\u00e4 on t\u00e4h\u00e4n menness\u00e4 aina seurannut vaunujen osto Patrialta.<\/p>\n<p class=\"article-body mb-nof-24 px-nof-16\">Cavs eli Common Armoured Vehicle System on eurooppalainen hanke, jossa kehitet\u00e4\u00e4n Patrian johdolla yhteiseen alustaan pohjautuvaa panssaroitua miehist\u00f6nkuljetusvaunua eli k\u00e4yt\u00e4nn\u00f6ss\u00e4 Patrian 6&#215;6-vaunua.<\/p>\n<p class=\"article-body mb-nof-24 px-nof-16\">Cavs-hankkeen perustivat Suomi ja Latvia vuonna 2020. Hankkeen k\u00e4ynnist\u00e4misest\u00e4 oli alun perin ollut kiinnostunut my\u00f6s Viro, mutta se ei sitten l\u00e4htenytk\u00e4\u00e4n mukaan vaan p\u00e4\u00e4tyi lopulta turkkilaisiin vaunuihin.<\/p>\n<p class=\"article-body mb-nof-24 px-nof-16\">T\u00e4ll\u00e4 hetkell\u00e4 Cavs-ohjelmassa ovat mukana Suomen ja Latvian lis\u00e4ksi Ruotsi, Saksa, Tanska, Norja ja Britannia.<\/p>\n<p class=\"article-body mb-nof-24 px-nof-16\">Samaan aikaan Britannian Cavsiin liittymisen kanssa Patria ja brittil\u00e4inen Babcock ilmoittivat virallisesti yhteisty\u00f6st\u00e4 Patrian 6&#215;6-vaunun valmistamiseksi Britanniassa.<\/p>\n<p class=\"article-body mb-nof-24 px-nof-16\">Babcock on Patriaa isompi puolustusteollisuusyhti\u00f6, jolla on toimintaa my\u00f6s siviilipuolella. Se tunnetaan Britanniassa erityisesti sotalaivojen rakentajana ja muun muassa ydinvoimateknologian osaajana.<\/p>\n<p class=\"article-body mb-nof-24 px-nof-16\">Patrian vaunuja olisi hyvin vaikea myyd\u00e4 ulkomaille ilman paikallista yhteisty\u00f6kumppania. Babcockilla on nyt aikomus laajentaa toimintaansa panssaroituihin miehist\u00f6nkuljetusajoneuvoihin. Yhti\u00f6 suunnittelee rakentavansa vaunut Plymouthissa.<\/p>\n<p class=\"article-body mb-nof-24 px-nof-16\">Patrian vaunun valintaa tukee my\u00f6s se, ett\u00e4 Britannia johtaa kymmenen samanmielisen maan Jef-yhteisty\u00f6t\u00e4 (<a class=\"article-genericlink\" href=\"https:\/\/puolustusvoimat.fi\/jef\" rel=\"nofollow noopener\" target=\"_blank\">Joint Expeditionary Force<\/a>). Jef-maat harjoittelevat ja tarvittaessa toimivat yhdess\u00e4 kriisitilanteessa l\u00e4hinn\u00e4 Pohjois-Euroopan ja It\u00e4meren alueella.<\/p>\n<p class=\"article-body mb-nof-24 px-nof-16\">Useat Jef-maat ovat jo valinneet panssaroiduksi miehist\u00f6nkuljetusvaunukseen Patrian 6&#215;6-vaunun. Siksi olisi j\u00e4rkev\u00e4\u00e4, ett\u00e4 my\u00f6s Britannialla olisi samanlainen kalusto kuin sen l\u00e4heisill\u00e4 kumppaneilla ja liittolaisilla.<\/p>\n","protected":false},"excerpt":{"rendered":"Asekauppa|Patrian vaunu on suosikki jopa 1\u202f500 panssaroidun miehist\u00f6nkuljetusvaunun hankinnassa Britanniassa. Suurin uhka vaunukaupalle on en\u00e4\u00e4 poliittinen. Lue tiivistelm\u00e4&hellip;\n","protected":false},"author":2,"featured_media":118900,"comment_status":"","ping_status":"","sticky":false,"template":"","format":"standard","meta":{"footnotes":""},"categories":[12],"tags":[22,23,26,27,33,31,30,17,46,24,25,28,29,15,18,21,32,19,20,16],"class_list":{"0":"post-118899","1":"post","2":"type-post","3":"status-publish","4":"format-standard","5":"has-post-thumbnail","7":"category-suomi","8":"tag-breaking-news","9":"tag-breakingnews","10":"tag-featured-news","11":"tag-featurednews","12":"tag-fi","13":"tag-finland","14":"tag-finnish","15":"tag-headlines","16":"tag-helsingin-sanomat","17":"tag-latest-news","18":"tag-latestnews","19":"tag-main-news","20":"tag-mainnews","21":"tag-news","22":"tag-otsikot","23":"tag-paauutiset","24":"tag-suomi","25":"tag-top-stories","26":"tag-topstories","27":"tag-uutiset"},"share_on_mastodon":{"url":"https:\/\/pubeurope.com\/@fi\/115735572511129282","error":""},"_links":{"self":[{"href":"https:\/\/www.europesays.com\/fi\/wp-json\/wp\/v2\/posts\/118899","targetHints":{"allow":["GET"]}}],"collection":[{"href":"https:\/\/www.europesays.com\/fi\/wp-json\/wp\/v2\/posts"}],"about":[{"href":"https:\/\/www.europesays.com\/fi\/wp-json\/wp\/v2\/types\/post"}],"author":[{"embeddable":true,"href":"https:\/\/www.europesays.com\/fi\/wp-json\/wp\/v2\/users\/2"}],"replies":[{"embeddable":true,"href":"https:\/\/www.europesays.com\/fi\/wp-json\/wp\/v2\/comments?post=118899"}],"version-history":[{"count":0,"href":"https:\/\/www.europesays.com\/fi\/wp-json\/wp\/v2\/posts\/118899\/revisions"}],"wp:featuredmedia":[{"embeddable":true,"href":"https:\/\/www.europesays.com\/fi\/wp-json\/wp\/v2\/media\/118900"}],"wp:attachment":[{"href":"https:\/\/www.europesays.com\/fi\/wp-json\/wp\/v2\/media?parent=118899"}],"wp:term":[{"taxonomy":"category","embeddable":true,"href":"https:\/\/www.europesays.com\/fi\/wp-json\/wp\/v2\/categories?post=118899"},{"taxonomy":"post_tag","embeddable":true,"href":"https:\/\/www.europesays.com\/fi\/wp-json\/wp\/v2\/tags?post=118899"}],"curies":[{"name":"wp","href":"https:\/\/api.w.org\/{rel}","templated":true}]}}