{"id":118905,"date":"2025-12-17T15:34:09","date_gmt":"2025-12-17T15:34:09","guid":{"rendered":"https:\/\/www.europesays.com\/fi\/118905\/"},"modified":"2025-12-17T15:34:09","modified_gmt":"2025-12-17T15:34:09","slug":"avatar-fire-and-ash-on-rotten-tomatoesin-mukaan-selvasti-aikaisempia-elokuvia-heikompi","status":"publish","type":"post","link":"https:\/\/www.europesays.com\/fi\/118905\/","title":{"rendered":"Avatar: Fire and Ash on Rotten Tomatoesin mukaan selv\u00e4sti aikaisempia elokuvia heikompi"},"content":{"rendered":"<p>T\u00e4n\u00e4\u00e4n ensi-iltansa saava Avatar: Fire and Ash on saanut kehujakin, mutta uutuudenvieh\u00e4tys on selv\u00e4sti karissut.<\/p>\n<p>James Cameronin kolmannen Avatar-elokuvan tuoreusaste on kriitikoiden keskuudessa piirun verran huonompi kuin Avatarilla (2009) ja Avatar: The Way of Waterilla (2022).<\/p>\n<p>Arvioita on <a href=\"https:\/\/muropaketti.com\/avainsana\/avatar-fire-and-ash\/\" rel=\"nofollow noopener\" target=\"_blank\">Avatar: Fire and Ashilla<\/a> tosin summauksessa vasta 151, joten arvosana muuttuu viel\u00e4, suuntaan tai toiseen.<\/p>\n<p>T\u00e4ll\u00e4 hetkell\u00e4 prosentit n\u00e4ytt\u00e4v\u00e4t t\u00e4lt\u00e4:<\/p>\n<ul class=\"wp-block-list\">\n<li>Avatar \u2013 tuoreusaste 81 prosenttia<\/li>\n<li>Avatar: The Way of Water \u2013 tuoreusaste 76 prosenttia<\/li>\n<li>Avatar: Fire and Ash \u2013 tuoreusaste 71 prosenttia<\/li>\n<\/ul>\n<p>Muropaketin t\u00e4n\u00e4\u00e4n julkaistussa arviossa Avatar: Fire and Ash sai kaksi t\u00e4hte\u00e4 viidest\u00e4.<\/p>\n<p>Aki Lehti totesi kirjoituksessaan mm. seuraavasti:<\/p>\n<p>\u201dAvatar: Fire and Ash on omituisella tavoin sek\u00e4 edelt\u00e4j\u00e4\u00e4ns\u00e4 huonompi ett\u00e4 parempi elokuva, vain viel\u00e4 pidemp\u00e4n\u00e4 patetiapaisutteluna. Jostain 197 minuutin mittaisen, itse\u00e4\u00e4n loputtomiin toistavan mekastuksen sis\u00e4lt\u00e4 voisi l\u00f6yty\u00e4 reilun 1,5 tunnin mittainen, ihan ok -tason tehostespektaakkeli.<\/p>\n<p>Nyt sellainen j\u00e4\u00e4 vain haaveeksi.<\/p>\n<p>Silm\u00e4karkkia tarjoillaan taas yliannostus, mutta Avatar: Fire and Ash ei onnistu en\u00e4\u00e4 saamaan aikaan vau-efekti\u00e4. Vaikka yli 400 miljoonan dollarin budjetilla tehdyn seikkailun tehosteet ovat parasta mit\u00e4 j\u00e4ttibudjetilla saa, niin kliinisen digitaalinen Pandora-kuun luonto ei en\u00e4\u00e4 her\u00e4\u00e4 eloon.\u201d<\/p>\n<p><a href=\"https:\/\/muropaketti.com\/elokuvat\/elokuva-arvostelut\/arvostelu-kolmas-avatar-elokuva-on-sieluton-tekniikkademo-johon-kyllastyy-jo-kauan-ennen-lopputaistelua\/\" rel=\"nofollow noopener\" target=\"_blank\">Kolmas Avatar-elokuva on sieluton tekniikkademo, johon kyll\u00e4styy jo kauan ennen lopputaistelua<\/a><\/p>\n","protected":false},"excerpt":{"rendered":"T\u00e4n\u00e4\u00e4n ensi-iltansa saava Avatar: Fire and Ash on saanut kehujakin, mutta uutuudenvieh\u00e4tys on selv\u00e4sti karissut. James Cameronin kolmannen&hellip;\n","protected":false},"author":2,"featured_media":94145,"comment_status":"","ping_status":"","sticky":false,"template":"","format":"standard","meta":{"footnotes":""},"categories":[131],"tags":[1092,1093,155,137,33,173,31,30,434,172,32,109],"class_list":{"0":"post-118905","1":"post","2":"type-post","3":"status-publish","4":"format-standard","5":"has-post-thumbnail","7":"category-elokuvat","8":"tag-avatar","9":"tag-avatar-fire-and-ash","10":"tag-elokuvat","11":"tag-entertainment","12":"tag-fi","13":"tag-film","14":"tag-finland","15":"tag-finnish","16":"tag-james-cameron","17":"tag-movies","18":"tag-suomi","19":"tag-viihde"},"share_on_mastodon":{"url":"https:\/\/pubeurope.com\/@fi\/115735642971285335","error":""},"_links":{"self":[{"href":"https:\/\/www.europesays.com\/fi\/wp-json\/wp\/v2\/posts\/118905","targetHints":{"allow":["GET"]}}],"collection":[{"href":"https:\/\/www.europesays.com\/fi\/wp-json\/wp\/v2\/posts"}],"about":[{"href":"https:\/\/www.europesays.com\/fi\/wp-json\/wp\/v2\/types\/post"}],"author":[{"embeddable":true,"href":"https:\/\/www.europesays.com\/fi\/wp-json\/wp\/v2\/users\/2"}],"replies":[{"embeddable":true,"href":"https:\/\/www.europesays.com\/fi\/wp-json\/wp\/v2\/comments?post=118905"}],"version-history":[{"count":0,"href":"https:\/\/www.europesays.com\/fi\/wp-json\/wp\/v2\/posts\/118905\/revisions"}],"wp:featuredmedia":[{"embeddable":true,"href":"https:\/\/www.europesays.com\/fi\/wp-json\/wp\/v2\/media\/94145"}],"wp:attachment":[{"href":"https:\/\/www.europesays.com\/fi\/wp-json\/wp\/v2\/media?parent=118905"}],"wp:term":[{"taxonomy":"category","embeddable":true,"href":"https:\/\/www.europesays.com\/fi\/wp-json\/wp\/v2\/categories?post=118905"},{"taxonomy":"post_tag","embeddable":true,"href":"https:\/\/www.europesays.com\/fi\/wp-json\/wp\/v2\/tags?post=118905"}],"curies":[{"name":"wp","href":"https:\/\/api.w.org\/{rel}","templated":true}]}}