{"id":118953,"date":"2025-12-17T16:50:12","date_gmt":"2025-12-17T16:50:12","guid":{"rendered":"https:\/\/www.europesays.com\/fi\/118953\/"},"modified":"2025-12-17T16:50:12","modified_gmt":"2025-12-17T16:50:12","slug":"donald-trump-pilaa-selviytyjat-finaalin","status":"publish","type":"post","link":"https:\/\/www.europesays.com\/fi\/118953\/","title":{"rendered":"Donald Trump pilaa Selviytyj\u00e4t-finaalin"},"content":{"rendered":"<p>Yhdysvaltojen presidentill\u00e4 Donald Trumpilla on jotain kerrottavaa.<\/p>\n<p><img decoding=\"async\" class=\"image image-show image-preview\" src=\"https:\/\/www.europesays.com\/fi\/wp-content\/uploads\/2025\/12\/f339e0d715dbd69f070b3f2f84b74c77863468e88ec6182ad0bda0cb0228a645.jpg\" alt=\"\"\/><img decoding=\"async\" class=\"image image-show\" src=\"https:\/\/www.europesays.com\/fi\/wp-content\/uploads\/2025\/12\/1765976588_973_f339e0d715dbd69f070b3f2f84b74c77863468e88ec6182ad0bda0cb0228a645.jpg\" alt=\"\"\/><\/p>\n<p>Donald Trump puhuu t\u00e4n\u00e4\u00e4n suorassa l\u00e4hetyksess\u00e4. Trumpin mukaan h\u00e4nell\u00e4 on hyv\u00e4\u00e4 kerrottavaa.  ALL OVER PRESS<\/p>\n<p class=\"paragraph\">Donald Trump pit\u00e4\u00e4 tiedotustilaisuuden t\u00e4n\u00e4\u00e4n. Tilaisuuden ajankohta on sama kuin Selviytyjien finaali.<\/p>\n<p class=\"paragraph\">Selviytyjien per\u00e4ti kolmituntinen finaalijakso alkaa kello 20 Yhdysvaltojen it\u00e4ist\u00e4 aikaa. Trumpin tiedotustilaisuus alkaa kello 21. Trumpin mukaan h\u00e4nell\u00e4 on hyv\u00e4\u00e4 kerrottavaa.<\/p>\n<p class=\"paragraph\">Valkoinen talo paljasti jo etuk\u00e4teen, ett\u00e4 Trump k\u00e4y puheessaan l\u00e4pi saavutuksiaan toisen presidenttikautensa ensimm\u00e4isen vuoden aikana. Luvassa on my\u00f6s tietoja Trumpin suunnitelmista tuleville kolmelle vuodelle, lehdist\u00f6sihteeri <strong>Karoline Leavitt<\/strong> kertoi.<\/p>\n<p class=\"paragraph\">CBS kertoi People-lehdelle, ett\u00e4 etuk\u00e4teen nauhoitettu finaali katkeaa Trumpin ilmoituksen ajaksi, mutta viel\u00e4 ei ole tiedossa kuinka pitk\u00e4 katkos on.<\/p>\n<p class=\"paragraph\">\u2013 Siit\u00e4 tulee todella hyv\u00e4 puhe, h\u00e4n hehkutti.<\/p>\n<p class=\"paragraph\">Finaalin voittajalle on luvassa per\u00e4ti miljoonan dollarin palkinto.<\/p>\n<p>Yhdysvaltojen Selviytyjien voittaja selvi\u00e4\u00e4 t\u00e4n\u00e4\u00e4n.  AOP<\/p>\n<p class=\"paragraph\">Trumpin ilmoitus on her\u00e4tt\u00e4nyt runsaasti n\u00e4r\u00e4\u00e4, sill\u00e4 Selviytyj\u00e4t on edelleen eritt\u00e4in suosittu ohjelma Yhdysvalloissa.<\/p>\n<p class=\"paragraph\">Ohjelmaa on tehty jo per\u00e4ti 49 kautta. <a href=\"https:\/\/people.com\/survivor-season-49-finale-will-be-interrupted-for-the-first-time-ever-by-donald-trump-s-live-address-11870887\" rel=\"noopener nofollow\" target=\"_blank\">Peoplen mukaan<\/a> kyseess\u00e4 on ensimm\u00e4inen kerta, kun Selviytyj\u00e4t-finaali keskeytyy.<\/p>\n","protected":false},"excerpt":{"rendered":"Yhdysvaltojen presidentill\u00e4 Donald Trumpilla on jotain kerrottavaa. Donald Trump puhuu t\u00e4n\u00e4\u00e4n suorassa l\u00e4hetyksess\u00e4. Trumpin mukaan h\u00e4nell\u00e4 on hyv\u00e4\u00e4&hellip;\n","protected":false},"author":2,"featured_media":118954,"comment_status":"","ping_status":"","sticky":false,"template":"","format":"standard","meta":{"footnotes":""},"categories":[133],"tags":[35,137,33,31,30,142,637,144,32,206,156,638,109,143],"class_list":{"0":"post-118953","1":"post","2":"type-post","3":"status-publish","4":"format-standard","5":"has-post-thumbnail","7":"category-televisiot","8":"tag-24h","9":"tag-entertainment","10":"tag-fi","11":"tag-finland","12":"tag-finnish","13":"tag-poliitikot","14":"tag-politiikka","15":"tag-presidentti","16":"tag-suomi","17":"tag-televisiot","18":"tag-tv","19":"tag-valtiovalta","20":"tag-viihde","21":"tag-yhdysvaltain-politiikka"},"share_on_mastodon":{"url":"https:\/\/pubeurope.com\/@fi\/115735942331673602","error":""},"_links":{"self":[{"href":"https:\/\/www.europesays.com\/fi\/wp-json\/wp\/v2\/posts\/118953","targetHints":{"allow":["GET"]}}],"collection":[{"href":"https:\/\/www.europesays.com\/fi\/wp-json\/wp\/v2\/posts"}],"about":[{"href":"https:\/\/www.europesays.com\/fi\/wp-json\/wp\/v2\/types\/post"}],"author":[{"embeddable":true,"href":"https:\/\/www.europesays.com\/fi\/wp-json\/wp\/v2\/users\/2"}],"replies":[{"embeddable":true,"href":"https:\/\/www.europesays.com\/fi\/wp-json\/wp\/v2\/comments?post=118953"}],"version-history":[{"count":0,"href":"https:\/\/www.europesays.com\/fi\/wp-json\/wp\/v2\/posts\/118953\/revisions"}],"wp:featuredmedia":[{"embeddable":true,"href":"https:\/\/www.europesays.com\/fi\/wp-json\/wp\/v2\/media\/118954"}],"wp:attachment":[{"href":"https:\/\/www.europesays.com\/fi\/wp-json\/wp\/v2\/media?parent=118953"}],"wp:term":[{"taxonomy":"category","embeddable":true,"href":"https:\/\/www.europesays.com\/fi\/wp-json\/wp\/v2\/categories?post=118953"},{"taxonomy":"post_tag","embeddable":true,"href":"https:\/\/www.europesays.com\/fi\/wp-json\/wp\/v2\/tags?post=118953"}],"curies":[{"name":"wp","href":"https:\/\/api.w.org\/{rel}","templated":true}]}}