{"id":118957,"date":"2025-12-17T16:54:07","date_gmt":"2025-12-17T16:54:07","guid":{"rendered":"https:\/\/www.europesays.com\/fi\/118957\/"},"modified":"2025-12-17T16:54:07","modified_gmt":"2025-12-17T16:54:07","slug":"eduard-hallberg-nousi-komeasti-toisella-kierroksella-urheilu","status":"publish","type":"post","link":"https:\/\/www.europesays.com\/fi\/118957\/","title":{"rendered":"Eduard Hallberg nousi komeasti toisella kierroksella | Urheilu"},"content":{"rendered":"<p>Eduard Hallberg laski keskiviikkona kuudenneksi alppihiihdon miesten Eurooppa-cupin suurpujottelussa Ranskan Valloiressa. Tiistaina Hallberg oli Valloiren suurpujottelussa kolmas.<\/p>\n<p>Hallberg oli avauslaskun j\u00e4lkeen 19:nten\u00e4 ja yli kaksi sekuntia k\u00e4rke\u00e4 per\u00e4ss\u00e4. Toisella kierroksella Hallberg oli koko laskijajoukon nopein. H\u00e4n h\u00e4visi kisan voittaneelle Sveitsin Sandro Zurbr\u00fcggille 1,64 sekuntia.<\/p>\n<p>\u2013\u2009Yll\u00e4tt\u00e4v\u00e4n hyv\u00e4 t\u00e4st\u00e4 tuli, kun huomioi, miten ensimm\u00e4inen lasku meni. Yl\u00e4osa sujui hyvin, mutta sen j\u00e4lkeen tuli pieni\u00e4 virheit\u00e4, ja rytmi oli vaikea l\u00f6yt\u00e4\u00e4 uudelleen. Hyv\u00e4 toinen lasku, ei mit\u00e4\u00e4n ihmeellisi\u00e4 virheit\u00e4, Hallberg sanoi Ski Sport Finlandin tiedotteessa.<\/p>\n<p>Hallberg kisaa viel\u00e4 ennen joulua pujottelun maailmancupissa Alta Badiassa Italiassa.<\/p>\n<p>Erika Pyk\u00e4l\u00e4inen puolestaan osallistui ensimm\u00e4isen kerran urallaan sy\u00f6ksylaskun naisten Eurooppa-cupin kilpailuun. H\u00e4n sijoittui Sveitsin St. Moritzissa 38:nneksi.<\/p>\n<p>Radalle viimeist\u00e4 edelt\u00e4v\u00e4n\u00e4 p\u00e4\u00e4ssyt Pyk\u00e4l\u00e4inen h\u00e4visi kisan voittaneelle It\u00e4vallan Anna Schilcherille 2,66 sekuntia.<\/p>\n<p>\u2013\u2009N\u00e4kyvyys oli l\u00e4hell\u00e4 nollaa, joten kisasuunnitelman toteuttaminen oli aika hankalaa. En ole aiemmin sy\u00f6ksy\u00e4 laskenut, joten t\u00e4ytyy my\u00f6nt\u00e4\u00e4, ett\u00e4 olin v\u00e4h\u00e4n hukassa. Hauskaa se kuitenkin oli, Pyk\u00e4l\u00e4inen sanoi.<\/p>\n","protected":false},"excerpt":{"rendered":"Eduard Hallberg laski keskiviikkona kuudenneksi alppihiihdon miesten Eurooppa-cupin suurpujottelussa Ranskan Valloiressa. Tiistaina Hallberg oli Valloiren suurpujottelussa kolmas. Hallberg&hellip;\n","protected":false},"author":2,"featured_media":118958,"comment_status":"","ping_status":"","sticky":false,"template":"","format":"standard","meta":{"footnotes":""},"categories":[158],"tags":[2110,2267,33,31,30,2096,41,159,32,1145,160,161],"class_list":{"0":"post-118957","1":"post","2":"type-post","3":"status-publish","4":"format-standard","5":"has-post-thumbnail","7":"category-urheilu","8":"tag-elamantapa-ja-vapaa-aika","9":"tag-eurooppa","10":"tag-fi","11":"tag-finland","12":"tag-finnish","13":"tag-hiihtolajit","14":"tag-liikunta-ja-urheilu","15":"tag-sports","16":"tag-suomi","17":"tag-talviurheilu","18":"tag-urheilu","19":"tag-urheilutapahtumat"},"share_on_mastodon":{"url":"https:\/\/pubeurope.com\/@fi\/115735957679162184","error":""},"_links":{"self":[{"href":"https:\/\/www.europesays.com\/fi\/wp-json\/wp\/v2\/posts\/118957","targetHints":{"allow":["GET"]}}],"collection":[{"href":"https:\/\/www.europesays.com\/fi\/wp-json\/wp\/v2\/posts"}],"about":[{"href":"https:\/\/www.europesays.com\/fi\/wp-json\/wp\/v2\/types\/post"}],"author":[{"embeddable":true,"href":"https:\/\/www.europesays.com\/fi\/wp-json\/wp\/v2\/users\/2"}],"replies":[{"embeddable":true,"href":"https:\/\/www.europesays.com\/fi\/wp-json\/wp\/v2\/comments?post=118957"}],"version-history":[{"count":0,"href":"https:\/\/www.europesays.com\/fi\/wp-json\/wp\/v2\/posts\/118957\/revisions"}],"wp:featuredmedia":[{"embeddable":true,"href":"https:\/\/www.europesays.com\/fi\/wp-json\/wp\/v2\/media\/118958"}],"wp:attachment":[{"href":"https:\/\/www.europesays.com\/fi\/wp-json\/wp\/v2\/media?parent=118957"}],"wp:term":[{"taxonomy":"category","embeddable":true,"href":"https:\/\/www.europesays.com\/fi\/wp-json\/wp\/v2\/categories?post=118957"},{"taxonomy":"post_tag","embeddable":true,"href":"https:\/\/www.europesays.com\/fi\/wp-json\/wp\/v2\/tags?post=118957"}],"curies":[{"name":"wp","href":"https:\/\/api.w.org\/{rel}","templated":true}]}}