{"id":118981,"date":"2025-12-17T17:25:07","date_gmt":"2025-12-17T17:25:07","guid":{"rendered":"https:\/\/www.europesays.com\/fi\/118981\/"},"modified":"2025-12-17T17:25:07","modified_gmt":"2025-12-17T17:25:07","slug":"eun-ulkopolitiikka-on-nayttanyt-kyntensa-mutta-niita-voidaan-viela-teroittaa","status":"publish","type":"post","link":"https:\/\/www.europesays.com\/fi\/118981\/","title":{"rendered":"EU:n ulkopolitiikka on n\u00e4ytt\u00e4nyt kyntens\u00e4, mutta niit\u00e4 voidaan viel\u00e4 teroittaa"},"content":{"rendered":"<p>Vieraskyn\u00e4|EU on humanitaarisen avun ja pelastuspalvelun suurvalta, ja my\u00f6s tulokset siviilikriisinhallinnassa ja demokratisoinnissa ovat hyvi\u00e4.<\/p>\n<p class=\"article-body nof-ui-body-medium mb-nof-24 px-nof-16\">Kirjoitus on vierailevan asiantuntijan n\u00e4kemys.<\/p>\n<p class=\"article-body mb-nof-24 px-nof-16\">Ukrainassa ja L\u00e4hi-id\u00e4ss\u00e4 on sorvattu rauhansopimuksia kuuntelematta Eurooppaa, ja EU:n ulkopolitiikkaa on syytetty heikkoudesta. EU on kuitenkin saavuttanut paljon hyvi\u00e4 tuloksia ulkosuhteiden alueella, eik\u00e4 unionin globaalia vaikutusvaltaa tule unohtaa.<\/p>\n<p class=\"article-body mb-nof-24 px-nof-16\">Siviilikriisinhallintaoperaatiot ovat keskeinen osa EU:n yhteist\u00e4 ulko- ja turvallisuuspolitiikkaa. Unionin vuonna 2008 alkaneella Kosovo-operaatiolla oli t\u00e4rke\u00e4 rooli maan oikeusvaltiorakenteiden luomisessa. Heti Georgian sodan j\u00e4lkeen vuonna 2008 EU perusti tarkkailijaoperaation, jossa 300 tarkkailijaa auttoi Georgian ja Ven\u00e4j\u00e4n v\u00e4listen rintamalinjojen vakauttamisessa. Kambod\u017eassa vuosisadan vaihteessa EU:n pienaseohjelma auttoi laatimaan maahan pienaseita koskevan lain, j\u00e4rjesti niiden turvallisen varastoinnin ja h\u00e4vitti satojatuhansia aseita.<\/p>\n<p class=\"article-body mb-nof-24 px-nof-16\">EU:n Ven\u00e4j\u00e4n-vastaiset pakotteet tunnetaan, mutta unioni on asettanut pakotteita eri toimijoille jo vuosikymmenten ajan. T\u00e4ll\u00e4 hetkell\u00e4 EU:lla on voimassa yli 40 pakotep\u00e4\u00e4t\u00f6st\u00e4, jotka on kohdistettu valtioihin, liikeyrityksiin, ryhmiin tai yksitt\u00e4isiin ihmisiin. Pakotteiden vaikutusta ja menestyst\u00e4 on vaikea mitata, mutta ne ovat vaikuttaneet esimerkiksi Ven\u00e4j\u00e4n talouteen.<\/p>\n<p class=\"article-body mb-nof-24 px-nof-16\">Kehityspolitiikassaan EU on siirtynyt hankekohtaisesta rahoituksesta edist\u00e4m\u00e4\u00e4n suuria infrastruktuuri-investointeja strategisesti t\u00e4rkeill\u00e4 toimialoilla \u2013 liikenteess\u00e4, digitaalisessa taloudessa, energiassa, terveydenhuollossa sek\u00e4 koulutuksessa ja tutkimuksessa.<\/p>\n<p class=\"article-body mb-nof-24 px-nof-16\">EU on erityisen kiinnostunut Afrikasta, jossa se k\u00e4y kilpailua vaikutusvallasta Kiinan ja Yhdysvaltojen kanssa. Etenkin energiasektorilla EU:n strategia on tuottanut tuloksia.<\/p>\n<p class=\"article-body mb-nof-24 px-nof-16\">Humanitaarinen apu ei ole osa ulkopolitiikkaa, koska se perustuu h\u00e4d\u00e4nalaisten ihmisten tarpeisiin. Se on kuitenkin osa EU:n ulkosuhteita ja vaikuttaa siihen, miten unioni n\u00e4hd\u00e4\u00e4n kansainv\u00e4lisen\u00e4 toimijana.<\/p>\n<p class=\"article-body mb-nof-24 px-nof-16\">Kun presidentti <a class=\"article-personlink\" href=\"https:\/\/www.hs.fi\/haku\/?query=Donald%20Trump\" rel=\"nofollow noopener\" target=\"_blank\">Donald Trump<\/a> lakkautti Yhdysvaltojen kehitysapuviraston, EU:n merkitys humanitaarisessa avussa on entisest\u00e4\u00e4n korostunut.<\/p>\n<blockquote class=\"p-[var(--citation-padding)] m-[var(--citation-margin)] border-y-[length:var(--citation-border-width)] border-y-[color:var(--citation-border-color)]\">\n<p>EU:n s\u00e4\u00e4ntelyvaltaa ei voi sivuuttaa.<\/p>\n<\/blockquote>\n<p class=\"article-body mb-nof-24 px-nof-16\">My\u00f6s EU:n pelastuspalvelumekanismin avulla on pelastettu tuhansia katastrofien uhreja, esimerkiksi Turkin maanj\u00e4ristyksen j\u00e4lkeen vuonna 2023. EU on humanitaarisen avun ja pelastuspalvelun suurvalta.<\/p>\n<p class=\"article-body mb-nof-24 px-nof-16\">Vaikka EU ei ole vuonna 2013 tapahtuneen Kroatian liittymisen j\u00e4lkeen laajentunut, unionin ehdokasmaat ovat toteuttaneet suuria poliittisia ja taloudellisia uudistuksia. EU on laajentumispolitiikallaan edist\u00e4nyt demokratian ja oikeusvaltioperiaatteen toteutumista l\u00e4hialueillaan.<\/p>\n<p class=\"article-body mb-nof-24 px-nof-16\">Vaikka Georgian viimeaikainen demokratiakehitys on ollut pettymys, sotaa k\u00e4yv\u00e4 Ukraina ja Ven\u00e4j\u00e4n painostama Moldova ovat olleet EU:n laajentumisessa kiihdytyskaistalla. EU on kyennyt tukemaan Ukrainaa, vaikka kaikki EU-maat eiv\u00e4t ole samanmielisi\u00e4 Ven\u00e4j\u00e4n hy\u00f6kk\u00e4yssodasta ja siihen tarvittavista ratkaisuista.<\/p>\n<p class=\"article-body mb-nof-24 px-nof-16\">EU:n globaalisti vaikuttavaa s\u00e4\u00e4ntelyvaltaa ei voi sivuuttaa. Muun muassa professori <a class=\"article-personlink\" href=\"https:\/\/www.hs.fi\/haku\/?query=Anu%20Bradford\" rel=\"nofollow noopener\" target=\"_blank\">Anu Bradford <\/a>on tuonut esiin, kuinka monin tavoin EU:n s\u00e4\u00e4nn\u00f6t vaikuttavat globaaleihin markkinoihin esimerkiksi kilpailu-, ymp\u00e4rist\u00f6- ja elintarvikepolitiikassa. EU-komissio my\u00f6s valvoo s\u00e4\u00e4nt\u00f6jen noudattamista: miljardisakot Googlelle monopoliaseman v\u00e4\u00e4rink\u00e4ytt\u00e4misest\u00e4 ovat tuoreessa muistissa.<\/p>\n<p class=\"article-body mb-nof-24 px-nof-16\">EU ei ole ulkosuhteissaan kynnet\u00f6n. Sill\u00e4 on merkitt\u00e4v\u00e4\u00e4 globaalia s\u00e4\u00e4ntelyvaltaa sek\u00e4 kyky\u00e4 k\u00e4ytt\u00e4\u00e4 taloudellisia resurssejaan tehokkaasti ja vaikuttavasti ulkosuhteissaan. On kysytty, k\u00e4yttik\u00f6 EU koko vaikutusvaltaansa neuvotellessaan Yhdysvaltojen kanssa tuontitulleista.<\/p>\n<p class=\"article-body mb-nof-24 px-nof-16\">EU onnistui viime perjantaina sopimaan Ven\u00e4j\u00e4n keskuspankin varojen j\u00e4\u00e4dytt\u00e4misest\u00e4 niin pitk\u00e4ksi aikaa kuin on tarpeen. Unionin johtajilla on nyt paremmat mahdollisuudet p\u00e4\u00e4st\u00e4 sopuun Ukrainan jatkorahoituksesta, ehk\u00e4 jo t\u00e4m\u00e4n viikon Eurooppa-neuvostossa.<\/p>\n<p class=\"article-body mb-nof-24 px-nof-16\">Siit\u00e4 ei p\u00e4\u00e4se mihink\u00e4\u00e4n, ett\u00e4 sotilaallisesti EU on heikko. Unionissa panostetaan nyt aivan oikein puolustukseen ja varautumiseen.<\/p>\n<p class=\"article-body nof-ui-body-medium mb-nof-24 px-nof-16\">Juha Auvinen ty\u00f6skenteli EU:ssa vuosina 1997\u20132025, muun muassa yksik\u00f6n p\u00e4\u00e4llikk\u00f6n\u00e4 EU-komission ulkosuhteiden alueen eri p\u00e4\u00e4osastoissa.<\/p>\n<p class=\"article-body nof-ui-body-medium mb-nof-24 px-nof-16\">Kirjoitus on vierailevan asiantuntijan n\u00e4kemys.<\/p>\n","protected":false},"excerpt":{"rendered":"Vieraskyn\u00e4|EU on humanitaarisen avun ja pelastuspalvelun suurvalta, ja my\u00f6s tulokset siviilikriisinhallinnassa ja demokratisoinnissa ovat hyvi\u00e4. Kirjoitus on vierailevan&hellip;\n","protected":false},"author":2,"featured_media":96697,"comment_status":"","ping_status":"","sticky":false,"template":"","format":"standard","meta":{"footnotes":""},"categories":[14],"tags":[22,23,26,27,33,31,30,17,46,24,25,28,29,15,18,21,32,19,20,56,16,59,60,61],"class_list":{"0":"post-118981","1":"post","2":"type-post","3":"status-publish","4":"format-standard","5":"has-post-thumbnail","7":"category-ulkomaat","8":"tag-breaking-news","9":"tag-breakingnews","10":"tag-featured-news","11":"tag-featurednews","12":"tag-fi","13":"tag-finland","14":"tag-finnish","15":"tag-headlines","16":"tag-helsingin-sanomat","17":"tag-latest-news","18":"tag-latestnews","19":"tag-main-news","20":"tag-mainnews","21":"tag-news","22":"tag-otsikot","23":"tag-paauutiset","24":"tag-suomi","25":"tag-top-stories","26":"tag-topstories","27":"tag-ulkomaat","28":"tag-uutiset","29":"tag-world","30":"tag-world-news","31":"tag-worldnews"},"share_on_mastodon":{"url":"https:\/\/pubeurope.com\/@fi\/115736079645277553","error":""},"_links":{"self":[{"href":"https:\/\/www.europesays.com\/fi\/wp-json\/wp\/v2\/posts\/118981","targetHints":{"allow":["GET"]}}],"collection":[{"href":"https:\/\/www.europesays.com\/fi\/wp-json\/wp\/v2\/posts"}],"about":[{"href":"https:\/\/www.europesays.com\/fi\/wp-json\/wp\/v2\/types\/post"}],"author":[{"embeddable":true,"href":"https:\/\/www.europesays.com\/fi\/wp-json\/wp\/v2\/users\/2"}],"replies":[{"embeddable":true,"href":"https:\/\/www.europesays.com\/fi\/wp-json\/wp\/v2\/comments?post=118981"}],"version-history":[{"count":0,"href":"https:\/\/www.europesays.com\/fi\/wp-json\/wp\/v2\/posts\/118981\/revisions"}],"wp:featuredmedia":[{"embeddable":true,"href":"https:\/\/www.europesays.com\/fi\/wp-json\/wp\/v2\/media\/96697"}],"wp:attachment":[{"href":"https:\/\/www.europesays.com\/fi\/wp-json\/wp\/v2\/media?parent=118981"}],"wp:term":[{"taxonomy":"category","embeddable":true,"href":"https:\/\/www.europesays.com\/fi\/wp-json\/wp\/v2\/categories?post=118981"},{"taxonomy":"post_tag","embeddable":true,"href":"https:\/\/www.europesays.com\/fi\/wp-json\/wp\/v2\/tags?post=118981"}],"curies":[{"name":"wp","href":"https:\/\/api.w.org\/{rel}","templated":true}]}}