{"id":118984,"date":"2025-12-17T17:27:09","date_gmt":"2025-12-17T17:27:09","guid":{"rendered":"https:\/\/www.europesays.com\/fi\/118984\/"},"modified":"2025-12-17T17:27:09","modified_gmt":"2025-12-17T17:27:09","slug":"alle-9-vuotiaat-paasevat-pian-ilmaiseksi-uimahalliin-jyvaskylassa-kaupunki-haluaa-parantaa-lasten-uimataitoa-keski-suomi","status":"publish","type":"post","link":"https:\/\/www.europesays.com\/fi\/118984\/","title":{"rendered":"Alle 9-vuotiaat p\u00e4\u00e4sev\u00e4t pian ilmaiseksi uimahalliin Jyv\u00e4skyl\u00e4ss\u00e4 \u2013 kaupunki haluaa parantaa lasten uimataitoa | Keski-Suomi"},"content":{"rendered":"<p class=\"aw-1gybjub aw-5vja16 kEtdKx kmuxyA yle__article__paragraph\">Jyv\u00e4skyl\u00e4n kaupunki p\u00e4\u00e4st\u00e4\u00e4 ensi vuonna aiempaa vanhemmat lapset ilmaiseksi uimahalliin. Nykyisin uimahalliin p\u00e4\u00e4sev\u00e4t ilmaiseksi vain alle 4-vuotiaat lapset.<\/p>\n<p><img decoding=\"async\" alt=\"Altaan reunalla oleva vihre\u00e4 tekok\u00e4\u00e4rme.\" src=\"https:\/\/www.europesays.com\/fi\/wp-content\/uploads\/2025\/12\/39-13619096708bfc10052b.jpeg\" class=\"aw-1l9m598 hKVVvP\"\/><\/p>\n<p>Avaa kuvien katselu<\/p>\n<p>Jyv\u00e4skyl\u00e4n kaupunki menett\u00e4\u00e4 arviolta noin 100 000\u2013150 000 euroa lipputuloja, kun yh\u00e4 useampi lapsi p\u00e4\u00e4see jatkossa uimahalliin ilmaiseksi. Toive on, ett\u00e4 p\u00e4\u00e4t\u00f6s lis\u00e4isi uimahallissa k\u00e4yvien perheiden m\u00e4\u00e4r\u00e4\u00e4. Kuva: Simo Pitk\u00e4nen \/ Yle<\/p>\n<ul class=\"aw-1jjocuh iJTSwP yle__article__list yle__article__list--ul\">\n<li class=\"aw-1j7gwms gNYKfi\">Alle 9-vuotiaat lapset p\u00e4\u00e4sev\u00e4t ensi vuonna Jyv\u00e4skyl\u00e4n uimahalleihin ilmaiseksi maksavan aikuisen kanssa.<\/li>\n<li class=\"aw-1j7gwms gNYKfi\">Kaupungin tavoitteena on parantaa lasten heikentynytt\u00e4 uimataitoa ja kannustaa perheit\u00e4 uimaan.<\/li>\n<li class=\"aw-1j7gwms gNYKfi\">Suomen Uimaopetus- ja Hengenpelastusliitto pit\u00e4\u00e4 p\u00e4\u00e4t\u00f6st\u00e4 poikkeuksellisena Suomessa.<\/li>\n<\/ul>\n<p class=\"aw-1gybjub aw-1p7kakr kEtdKx cEmitX yle__article__paragraph\">Jyv\u00e4skyl\u00e4ss\u00e4 aiempaa vanhemmat lapset p\u00e4\u00e4sev\u00e4t jatkossa uimahalliin ilmaiseksi. Kaupungin tavoite on kannustaa lapsia uimaan ja parantaa lasten uimataitoa.<\/p>\n<p class=\"aw-1gybjub aw-1p7kakr kEtdKx cEmitX yle__article__paragraph\">Ensi vuodesta alkaen alle 9-vuotiaat p\u00e4\u00e4sev\u00e4t Jyv\u00e4skyl\u00e4n uimahalleihin ilmaiseksi p\u00e4\u00e4symaksun maksaneen aikuisen seurassa.<\/p>\n<p class=\"aw-1gybjub aw-1p7kakr kEtdKx cEmitX yle__article__paragraph\">Nykyisin uimahalliin p\u00e4\u00e4sev\u00e4t ilmaiseksi vain alle 4-vuotiaat lapset.<\/p>\n<p class=\"aw-1gybjub aw-1p7kakr kEtdKx cEmitX yle__article__paragraph\">Yht\u00e4 aikuista kohden uimahalliin p\u00e4\u00e4see jatkossa ilmaiseksi enint\u00e4\u00e4n kolme alle 9-vuotiasta. Nelj\u00e4nnest\u00e4 tai sit\u00e4 useammasta lapsesta perit\u00e4\u00e4n allennuslipun hinta.<\/p>\n<p class=\"aw-1gybjub aw-1p7kakr kEtdKx cEmitX yle__article__paragraph\"><a class=\"aw-iao6s4 iHOxEa yle__article__link\" href=\"https:\/\/jyvaskyla.cloudnc.fi\/fi-FI\/Toimielimet\/Kulttuuri_ja_liikuntalautakunta\/Kokous_16122025\/Liikuntapalveluiden_hinnasto_2026(7104)\" role=\"link\" rel=\"nofollow noopener\" target=\"_blank\">Jyv\u00e4skyl\u00e4n kulttuuri- ja liikuntalautakunta p\u00e4\u00e4tti ik\u00e4rajan nostamisesta tiistaina<\/a>.<\/p>\n<p>T\u00e4m\u00e4n verran uimahallilippu maksaa Jyv\u00e4skyl\u00e4ss\u00e4<\/p>\n<p class=\"aw-1gybjub aw-1p7kakr kEtdKx cEmitX yle__article__paragraph\">Kertalipun hinta viikonloppuisin ja arkisin kello 10\u201321 \/ Kertalipun hinta arkiaamuisin kello 06\u201310<\/p>\n<p class=\"aw-1gybjub aw-1p7kakr kEtdKx cEmitX yle__article__paragraph\"><strong class=\"aw-ak79eh KyCXm yle__article__strong\">Vesikeskus AaltoAlvari<\/strong><\/p>\n<ul class=\"aw-1jjocuh iJTSwP yle__article__list yle__article__list--ul\">\n<li class=\"aw-1j7gwms gNYKfi\">Aikuiset 9,50 euroa \/ 6,50 euroa<\/li>\n<li class=\"aw-1j7gwms gNYKfi\">Alennusryhm\u00e4t (sis. 4\u201317-vuotiaat) 7,00 euroa \/ 5,00 euroa<\/li>\n<\/ul>\n<p class=\"aw-1gybjub aw-1p7kakr kEtdKx cEmitX yle__article__paragraph\"><strong class=\"aw-ak79eh KyCXm yle__article__strong\">Wellamon uimahalli<\/strong><\/p>\n<ul class=\"aw-1jjocuh iJTSwP yle__article__list yle__article__list--ul\">\n<li class=\"aw-1j7gwms gNYKfi\">Aikuiset 7,00 euroa \/ 5,50 euroa<\/li>\n<li class=\"aw-1j7gwms gNYKfi\">Alennusryhm\u00e4t (sis. 4\u201317-vuotiaat) 5 euroa \/ 4,50 euroa<\/li>\n<\/ul>\n<p class=\"aw-1gybjub aw-1p7kakr kEtdKx cEmitX yle__article__paragraph\">Lis\u00e4ksi uimahallit myyv\u00e4t sarjalippuja ja perhelippuja. Perhelippu oikeuttaa korkeintaan kahden aikuisen ja kolmen lapsen sis\u00e4\u00e4np\u00e4\u00e4syyn. Lipun hinta on 26 euroa.<\/p>\n<p class=\"aw-1gybjub aw-1p7kakr kEtdKx cEmitX yle__article__paragraph\">Lippujen hinnat ovat joulukuulta 2025.<\/p>\n<p class=\"aw-1gybjub aw-1p7kakr kEtdKx cEmitX yle__article__paragraph\">Suomen Uimaopetus- ja Hengenpelastusliiton (SUH) koulutussuunnittelijan <strong class=\"aw-ak79eh KyCXm yle__article__strong\">Tero Savolaisen<\/strong> mielest\u00e4 kaupungin p\u00e4\u00e4t\u00f6s on hieno k\u00e4denojennus lapsiperheille.<\/p>\n<p class=\"aw-1gybjub aw-1p7kakr kEtdKx cEmitX yle__article__paragraph\">\u2013 Se mahdollistaa heille halvan uimaharrastuksen.<\/p>\n<p>Lasten uimataito on heikentynyt<\/p>\n<p class=\"aw-1gybjub aw-1p7kakr kEtdKx cEmitX yle__article__paragraph\">Jyv\u00e4skyl\u00e4n kaupungin liikuntajohtaja <strong class=\"aw-ak79eh KyCXm yle__article__strong\">Anna-Leena Sahindal<\/strong> kertoo, ett\u00e4 erityisesti alakoululaisten uimataito on heikentynyt Jyv\u00e4skyl\u00e4ss\u00e4.<\/p>\n<p class=\"aw-1gybjub aw-1p7kakr kEtdKx cEmitX yle__article__paragraph\">H\u00e4n toivoo, ett\u00e4 ilmainen sis\u00e4\u00e4np\u00e4\u00e4sy saisi perheet l\u00e4htem\u00e4\u00e4n pienten lasten kanssa uimahalliin.<\/p>\n<p class=\"aw-1gybjub aw-1p7kakr kEtdKx cEmitX yle__article__paragraph\">Lasten uimataito on ollut t\u00e4n\u00e4 vuonna esill\u00e4 etenkin <a class=\"aw-iao6s4 iHOxEa yle__article__link\" href=\"https:\/\/yle.fi\/a\/74-20175660\" role=\"link\" rel=\"nofollow noopener\" target=\"_blank\">kes\u00e4ll\u00e4 sattuneiden hukkumiskuolemien takia<\/a>. <a class=\"aw-iao6s4 iHOxEa yle__article__link\" href=\"https:\/\/yle.fi\/a\/74-20185025\" role=\"link\" rel=\"nofollow noopener\" target=\"_blank\">Hukkuneiden joukossa oli poikkeuksellisen paljon lapsia ja nuoria<\/a>.<\/p>\n<p class=\"aw-1gybjub aw-1p7kakr kEtdKx cEmitX yle__article__paragraph\">My\u00f6s <a class=\"aw-iao6s4 iHOxEa yle__article__link\" href=\"https:\/\/suh.fi\/wp-content\/uploads\/2023\/06\/Uimataitotutkimus_2022_Selvitys_kuudesluokkalaisten_ja_esikoululaisten_uimataidosta_seka_koronapandemian_vaikutuksista_koulujen_uinninopetukseen.pdf\" role=\"link\" rel=\"nofollow noopener\" target=\"_blank\">SUH:in ja Jyv\u00e4skyl\u00e4n yliopiston vuonna 2022 tekem\u00e4 uimataitotutkimus<\/a> osoittaa, ett\u00e4 lasten ja nuorten uimataito on heikentynyt.<\/p>\n<p class=\"aw-1gybjub aw-1p7kakr kEtdKx cEmitX yle__article__paragraph\">Sahindalin mukaan on t\u00e4rke\u00e4\u00e4, ett\u00e4 lapset p\u00e4\u00e4sev\u00e4t tutustumaan veteen jo ennen koulun tai esikoulun uimaopetuksen alkamista.<\/p>\n<p class=\"aw-1gybjub aw-1p7kakr kEtdKx cEmitX yle__article__paragraph\">\u2013 Jos se on ensimm\u00e4inen kerta, kun lapsi tulee altaaseen tai totuttautuu veteen, lapsi ei saavuta opetuksessa haluttua uimataidon tasoa. Se n\u00e4kyy my\u00f6s my\u00f6hemmill\u00e4 vuosiluokilla.<\/p>\n<p class=\"aw-1gybjub aw-1p7kakr kEtdKx cEmitX yle__article__paragraph\">Kaupunki toivoo, ett\u00e4 ilmainen sis\u00e4\u00e4np\u00e4\u00e4sy helpottaa my\u00f6s v\u00e4h\u00e4varaisten ja monilapsisten perheiden harrastamista.<\/p>\n<p>Kaupunkilaisten mielest\u00e4 p\u00e4\u00e4t\u00f6s on hyv\u00e4<\/p>\n<p class=\"aw-1gybjub aw-1p7kakr kEtdKx cEmitX yle__article__paragraph\">Jyv\u00e4skyl\u00e4l\u00e4isen <strong class=\"aw-ak79eh KyCXm yle__article__strong\">Juho Rossin<\/strong> mielest\u00e4 on hyv\u00e4 asia, ett\u00e4 jatkossa entist\u00e4 vanhemmat lapset p\u00e4\u00e4sev\u00e4t ilmaiseksi uimahalliin.<\/p>\n<p class=\"aw-1gybjub aw-1p7kakr kEtdKx cEmitX yle__article__paragraph\">\u2013 Hinta voi olla jollekin kynnys tulla uimahalliin. Kun p\u00e4\u00e4see pienen\u00e4 harjoittelemaan, oppii varmasti parhaiten.<\/p>\n<p><img decoding=\"async\" alt=\"Is\u00e4 ja poika ulkovaatteissa uimahallin portilla.\" src=\"https:\/\/www.europesays.com\/fi\/wp-content\/uploads\/2025\/12\/39-157050469411e786535a.jpeg\" loading=\"lazy\" class=\"aw-1l9m598 hKVVvP\"\/><\/p>\n<p>Avaa kuvien katselu<\/p>\n<p>Kuvassa Juho (vas.) ja Hugo Rossi. 8-vuotias Hugo kertoo, ett\u00e4 osaa jo uida. H\u00e4nen mielest\u00e4\u00e4n parasta uimisessa on sukeltaminen. Kuva: Roosa Tuovinen \/ Yle<\/p>\n<p class=\"aw-1gybjub aw-1p7kakr kEtdKx cEmitX yle__article__paragraph\">My\u00f6s perheen\u00e4iti <strong class=\"aw-ak79eh KyCXm yle__article__strong\">Kaisa Kauppinen<\/strong> pit\u00e4\u00e4 ik\u00e4rajan nostamista hienona asiana. H\u00e4n uskoo, ett\u00e4 se kannustaa lapsiperheit\u00e4 l\u00e4htem\u00e4\u00e4n uimahalliin aiempaa useammin.<\/p>\n<p class=\"aw-1gybjub aw-1p7kakr kEtdKx cEmitX yle__article__paragraph\">\u2013 Kaikki meid\u00e4n lapset eiv\u00e4t en\u00e4\u00e4 kuulu tuohon ik\u00e4luokkaan, mutta ilmainen sis\u00e4\u00e4np\u00e4\u00e4sy olisi ehdottomasti ollut kannustin l\u00e4hte\u00e4 heid\u00e4n kanssaan uimaan, kun he olivat pienempi\u00e4.<\/p>\n<p class=\"aw-1gybjub aw-1p7kakr kEtdKx cEmitX yle__article__paragraph\">Kauppisen lapset 12-vuotias <strong class=\"aw-ak79eh KyCXm yle__article__strong\">Saga<\/strong>, 10-vuotias <strong class=\"aw-ak79eh KyCXm yle__article__strong\">Elia<\/strong> ja 7-vuotias <strong class=\"aw-ak79eh KyCXm yle__article__strong\">Oula<\/strong> pit\u00e4v\u00e4t uimisesta ja uimahallissa k\u00e4ymisest\u00e4.<\/p>\n<p class=\"aw-1gybjub aw-1p7kakr kEtdKx cEmitX yle__article__paragraph\">Saga kertoo, ett\u00e4 perhe k\u00e4y uimassa noin kerran kuussa.<\/p>\n<p><img decoding=\"async\" alt=\"Kuvassa nainen ja tytt\u00f6 ulkovaatteet p\u00e4\u00e4ll\u00e4 uimahallin aulassa.\" src=\"https:\/\/www.europesays.com\/fi\/wp-content\/uploads\/2025\/12\/39-157050569411e795af0b.jpeg\" loading=\"lazy\" class=\"aw-1l9m598 hKVVvP\"\/><\/p>\n<p>Avaa kuvien katselu<\/p>\n<p>Eeva-Leena ja Peppi Pakarinen, 7, k\u00e4viv\u00e4t uimassa Jyv\u00e4skyl\u00e4n AaltoAlvarissa maanantaina. He uskovat, ett\u00e4 ilmaisesta sis\u00e4\u00e4np\u00e4\u00e4syst\u00e4 iloa monille perheille. Kuva: Roosa Tuovinen \/ Yle<\/p>\n<p class=\"aw-1gybjub aw-1p7kakr kEtdKx cEmitX yle__article__paragraph\"><strong class=\"aw-ak79eh KyCXm yle__article__strong\">Kuuntele lis\u00e4\u00e4 kaupunkilaisten ajatuksia:<\/strong><\/p>\n<p><strong class=\"aw-1bgq5a3 bSmpIc\">Mit\u00e4 mielt\u00e4 jyv\u00e4skyl\u00e4l\u00e4iset ovat kaupungin p\u00e4\u00e4t\u00f6ksest\u00e4?<\/strong><\/p>\n<p>Gallup on tehty maanantaina 15. joulukuuta eli ennen kuin kaupunki oli tehnyt p\u00e4\u00e4t\u00f6ksen ik\u00e4rajan nostamisesta. <\/p>\n","protected":false},"excerpt":{"rendered":"Jyv\u00e4skyl\u00e4n kaupunki p\u00e4\u00e4st\u00e4\u00e4 ensi vuonna aiempaa vanhemmat lapset ilmaiseksi uimahalliin. Nykyisin uimahalliin p\u00e4\u00e4sev\u00e4t ilmaiseksi vain alle 4-vuotiaat lapset.&hellip;\n","protected":false},"author":2,"featured_media":118985,"comment_status":"","ping_status":"","sticky":false,"template":"","format":"standard","meta":{"footnotes":""},"categories":[5],"tags":[22,23,26,27,33,31,30,17,425,474,71,100,24,25,21535,28,29,15,18,21,32,19,20,4516,4312,16],"class_list":{"0":"post-118984","1":"post","2":"type-post","3":"status-publish","4":"format-standard","5":"has-post-thumbnail","7":"category-otsikot","8":"tag-breaking-news","9":"tag-breakingnews","10":"tag-featured-news","11":"tag-featurednews","12":"tag-fi","13":"tag-finland","14":"tag-finnish","15":"tag-headlines","16":"tag-jyvaskyla","17":"tag-keski-suomi","18":"tag-kotimaa","19":"tag-lapset-ja-nuoret","20":"tag-latest-news","21":"tag-latestnews","22":"tag-liikuntatilat","23":"tag-main-news","24":"tag-mainnews","25":"tag-news","26":"tag-otsikot","27":"tag-paauutiset","28":"tag-suomi","29":"tag-top-stories","30":"tag-topstories","31":"tag-uimahallit","32":"tag-uinti","33":"tag-uutiset"},"share_on_mastodon":{"url":"https:\/\/pubeurope.com\/@fi\/115736087617073349","error":""},"_links":{"self":[{"href":"https:\/\/www.europesays.com\/fi\/wp-json\/wp\/v2\/posts\/118984","targetHints":{"allow":["GET"]}}],"collection":[{"href":"https:\/\/www.europesays.com\/fi\/wp-json\/wp\/v2\/posts"}],"about":[{"href":"https:\/\/www.europesays.com\/fi\/wp-json\/wp\/v2\/types\/post"}],"author":[{"embeddable":true,"href":"https:\/\/www.europesays.com\/fi\/wp-json\/wp\/v2\/users\/2"}],"replies":[{"embeddable":true,"href":"https:\/\/www.europesays.com\/fi\/wp-json\/wp\/v2\/comments?post=118984"}],"version-history":[{"count":0,"href":"https:\/\/www.europesays.com\/fi\/wp-json\/wp\/v2\/posts\/118984\/revisions"}],"wp:featuredmedia":[{"embeddable":true,"href":"https:\/\/www.europesays.com\/fi\/wp-json\/wp\/v2\/media\/118985"}],"wp:attachment":[{"href":"https:\/\/www.europesays.com\/fi\/wp-json\/wp\/v2\/media?parent=118984"}],"wp:term":[{"taxonomy":"category","embeddable":true,"href":"https:\/\/www.europesays.com\/fi\/wp-json\/wp\/v2\/categories?post=118984"},{"taxonomy":"post_tag","embeddable":true,"href":"https:\/\/www.europesays.com\/fi\/wp-json\/wp\/v2\/tags?post=118984"}],"curies":[{"name":"wp","href":"https:\/\/api.w.org\/{rel}","templated":true}]}}