{"id":118998,"date":"2025-12-17T17:51:08","date_gmt":"2025-12-17T17:51:08","guid":{"rendered":"https:\/\/www.europesays.com\/fi\/118998\/"},"modified":"2025-12-17T17:51:08","modified_gmt":"2025-12-17T17:51:08","slug":"sttn-tiedot-belgia-panttaa-yha-hyvaksyntaansa-venalaisvarojen-kaytolle-ukrainan-hyvaksi-haluaa-keskustella-myos-yhteisvelasta-uutissuomalainen","status":"publish","type":"post","link":"https:\/\/www.europesays.com\/fi\/118998\/","title":{"rendered":"STT:n tiedot: Belgia panttaa yh\u00e4 hyv\u00e4ksynt\u00e4\u00e4ns\u00e4 ven\u00e4l\u00e4isvarojen k\u00e4yt\u00f6lle Ukrainan hyv\u00e4ksi \u2013 haluaa keskustella my\u00f6s yhteisvelasta | Uutissuomalainen"},"content":{"rendered":"<p>STT:n tietojen mukaan Belgia ei ole edelleenk\u00e4\u00e4n valmiina n\u00e4ytt\u00e4m\u00e4\u00e4n vihre\u00e4\u00e4 valoa Ukrainalle annettavalle sotakorvauslainalle. <\/p>\n<p>Korkean EU-virkamiehen mukaan Belgia haluaa edelleen keskustella perusteellisesti my\u00f6s komission esitt\u00e4m\u00e4st\u00e4 toisesta vaihtoehdosta, EU:n budjetista taattavasta lainasta eli k\u00e4yt\u00e4nn\u00f6ss\u00e4 yhteisvelasta. <\/p>\n<p>Ukrainalle annettavasta rahoituksesta on m\u00e4\u00e4r\u00e4 tehd\u00e4 p\u00e4\u00e4t\u00f6s alle vuorokauden p\u00e4\u00e4st\u00e4 alkavassa EU:n huippukokouksessa torstaina. K\u00e4yt\u00e4nn\u00f6ss\u00e4 EU:n on p\u00e4\u00e4tett\u00e4v\u00e4 n\u00e4iden vaihtoehtojen v\u00e4lill\u00e4, jos se haluaa saada aikaan sovun Ukrainalle tarjottavasta rahoituksesta. Asia on Ukrainalle hyvin t\u00e4rke\u00e4, sill\u00e4 maan budjetti on palamassa loppuun ensi kev\u00e4\u00e4n\u00e4. <\/p>\n<p>Belgian lis\u00e4ksi ainakin Italia, Malta, Bulgaria ja Tshekki ovat viestineet, ett\u00e4 ne ovat halukkaita etsim\u00e4\u00e4n vaihtoehtoja Ven\u00e4j\u00e4n j\u00e4\u00e4dytettyihin varoihin perustuvalle sotakorvauslainalle. Unkari ja Slovakia ovat suhtautuneet asiaan jo alun perinkin nihke\u00e4sti.<\/p>\n<p>Yleinen ilmapiiri EU:ssa on nyt se, ett\u00e4 torstaina alkavaa huippukokousta ei voida p\u00e4\u00e4tt\u00e4\u00e4 ennen kuin Ukrainalle on saatu sovittua jonkinlaisesta rahoituksesta, vaikka se tarkoittaisi kokouksen venymist\u00e4 perjantaille tai lauantaille.<\/p>\n<p>EU on kaavaillut Ukrainalle 90 miljardin euron rahoitusta, joka perustuisi Ven\u00e4j\u00e4lt\u00e4 j\u00e4\u00e4dytettyjen varojen k\u00e4teistuottoihin. EU lainaisi Ukrainalle rahaa, jonka se maksaisi takaisin vain siin\u00e4 tapauksessa, ett\u00e4 Ven\u00e4j\u00e4 maksaa maalle sotakorvauksia.<\/p>\n<p>Huippukokouksen alla huomio on suuntautunut Belgiaan, joka hallinnoi varoista valtaosaa Euroclear-rahoituslaitoksessaan. Sill\u00e4 on ollut asiaan liittyvi\u00e4 oikeudellisia ja taloudellisia huolia.<\/p>\n<p>Belgian p\u00e4\u00e4ministeri Bart De Wever ei ole valmis tukemaan hanketta ennen kuin muut EU-maat tarjoavat merkitt\u00e4v\u00e4t taloudelliset suojaukset, jotka turvaavat Euroclearin ja Belgian hallituksen Ven\u00e4j\u00e4n vastatoimilta. <\/p>\n<p>\t\t\t\tBelgia haluaa rajattomat takuut<\/p>\n<p>K\u00e4yt\u00e4nn\u00f6ss\u00e4 Belgia on pit\u00e4nyt esill\u00e4 kolmea vaatimusta. Korkean EU-virkamiehen mukaan Belgian ensimm\u00e4inen vaatimus koskee nyt rajattomia takuita. K\u00e4yt\u00e4nn\u00f6ss\u00e4 t\u00e4m\u00e4 tarkoittaisi, ett\u00e4 muiden EU-maiden antamille takuille ei tulisi asettaa yl\u00e4rajaa, jotta suoja kattaisi kaikki mahdolliset skenaariot eli my\u00f6s sotakorvauslainan nimellisen arvon ylitt\u00e4v\u00e4n osuuden.<\/p>\n<p>Takausvastuuta pidet\u00e4\u00e4nkin nyt virkamiesl\u00e4hteiden mukaan keskeisen\u00e4 kysymyksen\u00e4 lainan osalta. K\u00e4yt\u00e4nn\u00f6ss\u00e4 j\u00e4senmaat takaisivat lainan bruttokansantuotteensa pohjalta.<\/p>\n<p>Ep\u00e4virallisten tietojen perusteella vaikuttaa silt\u00e4, ett\u00e4 15\u201320 j\u00e4senmaata ovat ilmoittaneet olevansa valmiina takaamaan lainaa. K\u00e4yt\u00e4nn\u00f6ss\u00e4 esimerkiksi Ranskan ja Italian kaltaiset suuret j\u00e4senmaat olisi ehdotonta saada tukemaan lainan takaamista. Siksi huolta onkin nostanut, ett\u00e4 my\u00f6s Italia on alkanut viime p\u00e4ivin\u00e4 pit\u00e4\u00e4 esill\u00e4 yhteisvelkaan pohjautuvaa mallia. Ranska on taas pantannut kantaansa ainakin julkisuudessa.<\/p>\n<p>Lis\u00e4ksi Belgia haluaa varmistaa, ett\u00e4 EU kykenee maksamaan varat heti takaisin Ven\u00e4j\u00e4n keskuspankille, jos sellaiseen tilanteeseen ajauduttaisiin. K\u00e4yt\u00e4nn\u00f6ss\u00e4 n\u00e4in voisi k\u00e4yd\u00e4, mik\u00e4li Ven\u00e4j\u00e4-vastaiset pakotteet syyst\u00e4 tai toisesta raukeaisivat.<\/p>\n<p>T\u00e4m\u00e4 riski on kuitenkin selke\u00e4sti pienentynyt viime viikon p\u00e4\u00e4t\u00f6ksen my\u00f6t\u00e4, jolloin j\u00e4senmaat p\u00e4\u00e4ttiv\u00e4t, ett\u00e4 j\u00e4\u00e4dytetyt varat pysyv\u00e4t EU-alueella toistaiseksi. T\u00e4m\u00e4 on v\u00e4hent\u00e4nyt huolta siit\u00e4, ett\u00e4 esimerkiksi pakotteiden kaatamisella jatkuvasti uhannut Unkari voisi blokata pakotteiden jatkon.<\/p>\n<p>Lis\u00e4ksi Belgia haluaa, ett\u00e4 kaikki j\u00e4senvaltiot, joissa sijaitsee j\u00e4\u00e4dytettyj\u00e4 ven\u00e4l\u00e4isvaroja, ottavat ne k\u00e4ytt\u00f6\u00f6n Ukrainan hyv\u00e4ksi. Vaikka Belgiassa sijaitsee valtaosa varoista, varoja on j\u00e4\u00e4dytettyn\u00e4 muun muassa Ranskassa.<\/p>\n<p>\t\t\t\tYhteisvelka h\u00e4t\u00e4mekanismin kautta?<\/p>\n<p>Monelta j\u00e4senmaalta l\u00f6ytyy vaikeasta tilanteesta huolimatta ymm\u00e4rryst\u00e4 Belgian huolille.<\/p>\n<p>\u2013\u2009Jos me olisimme samanlaisessa tilanteessa, toimisimme aivan samalla tavalla, tiivisti er\u00e4s korkea EU-virkamies.<\/p>\n<p>Esill\u00e4 on my\u00f6s ollut, voitaisiinko p\u00e4\u00e4t\u00f6s tehd\u00e4 ilman Belgian hyv\u00e4ksynt\u00e4\u00e4. STT:n tietojen mukaan t\u00e4t\u00e4 vaihtoehtoa ei kuitenkaan pidet\u00e4 poliittisesti mahdollisena, vaikka se teknisesti sit\u00e4 olisikin.<\/p>\n<p>Yhteisvelkaan perustuva vaihtoehto voisi olla yksinkertaisempi, mutta se vaatii j\u00e4senmailta yksimielisen p\u00e4\u00e4t\u00f6ksen, mink\u00e4 vuoksi sit\u00e4kin pidet\u00e4\u00e4n hyvin vaikeana vaihtoehtona. Esimerkiksi Unkari ei asiaan v\u00e4ltt\u00e4m\u00e4tt\u00e4 suostuisi. Monet j\u00e4senmaat, kuten Suomi, eiv\u00e4t my\u00f6sk\u00e4\u00e4n ole vaihtoehdosta innoissaan. Sotakorvauslaina vaatii j\u00e4senmailta taas m\u00e4\u00e4r\u00e4enemmist\u00f6p\u00e4\u00e4t\u00f6ksen.<\/p>\n<p>T\u00e4m\u00e4n kiert\u00e4miksi Belgia on esitt\u00e4nyt, ett\u00e4 yksimielisyysp\u00e4\u00e4t\u00f6ksen kiert\u00e4miseksi EU:ssa otettaisiin k\u00e4ytt\u00f6\u00f6n EU:n kriisipyk\u00e4l\u00e4 eli artikla 122, korkea EU-virkamies kertoo. Samaa artiklaa k\u00e4ytettiin my\u00f6s ven\u00e4l\u00e4isvarojen j\u00e4\u00e4dytt\u00e4miseen viime viikolla. <\/p>\n<p>Politico-<a href=\"https:\/\/www.politico.eu\/article\/russia-assets-plan-going-backward-ahead-eu-summit-belgium-financing-package-ukraine\/\" rel=\"nofollow noopener\" target=\"_blank\">lehden <\/a>mukaan t\u00e4m\u00e4 on kuitenkin torpattu oikeudellisesti mahdottomana ajatuksena, ja asiaa ovat vastustaneet my\u00f6s esimerkiksi pohjoiset j\u00e4senmaat. Asian nosti ensimm\u00e4isen kerran esille Euroopan keskuspankin p\u00e4\u00e4johtaja Christine Lagarde viime viikolla EU:n valtiovarainministereiden illallisella. <\/p>\n<p>EU:n j\u00e4senmaat ovat k\u00e4yneet tiivist\u00e4 keskustelua suurl\u00e4hettil\u00e4stasolla Ukrainalle annettavasta 210 miljardin sotakorvauslainasta viime p\u00e4ivin\u00e4, ja keskustelu jatkuu edelleen torstai\u2013iltana.<\/p>\n<p>K\u00e4yt\u00e4nn\u00f6ss\u00e4 lopputuloksen odotetaan selvi\u00e4v\u00e4n vasta, kun valtioiden p\u00e4\u00e4miehet ovat marssineet kokoukseen. EU-virkamiehen mukaan my\u00f6s Ukrainan presidentti Volodymyr Zelenskyi on osallistumassa kokoukseen.<\/p>\n<p>Vaikka valtioiden p\u00e4\u00e4miehet antaisivatkin tukensa asialle huippukokouksessa, vaativat lakitekniset yksityiskohdat viel\u00e4 joka tapaksessa neuvottelua, kuten my\u00f6s p\u00e4\u00e4t\u00f6ksien hyv\u00e4ksymist\u00e4 j\u00e4senmaiden parlamenteissa.<\/p>\n","protected":false},"excerpt":{"rendered":"STT:n tietojen mukaan Belgia ei ole edelleenk\u00e4\u00e4n valmiina n\u00e4ytt\u00e4m\u00e4\u00e4n vihre\u00e4\u00e4 valoa Ukrainalle annettavalle sotakorvauslainalle. Korkean EU-virkamiehen mukaan Belgia&hellip;\n","protected":false},"author":2,"featured_media":118999,"comment_status":"","ping_status":"","sticky":false,"template":"","format":"standard","meta":{"footnotes":""},"categories":[14],"tags":[22,23,1617,26,27,33,31,30,17,70,5679,24,25,28,29,15,18,21,637,32,19,20,1303,21377,56,16,547,59,60,61],"class_list":{"0":"post-118998","1":"post","2":"type-post","3":"status-publish","4":"format-standard","5":"has-post-thumbnail","7":"category-ulkomaat","8":"tag-breaking-news","9":"tag-breakingnews","10":"tag-euroopan-unioni","11":"tag-featured-news","12":"tag-featurednews","13":"tag-fi","14":"tag-finland","15":"tag-finnish","16":"tag-headlines","17":"tag-kansainvalinen-politiikka","18":"tag-kansainvaliset-organisaatiot-ja-sopimukset","19":"tag-latest-news","20":"tag-latestnews","21":"tag-main-news","22":"tag-mainnews","23":"tag-news","24":"tag-otsikot","25":"tag-paauutiset","26":"tag-politiikka","27":"tag-suomi","28":"tag-top-stories","29":"tag-topstories","30":"tag-ukraina","31":"tag-ukrainan-kriisi","32":"tag-ulkomaat","33":"tag-uutiset","34":"tag-venaja","35":"tag-world","36":"tag-world-news","37":"tag-worldnews"},"share_on_mastodon":{"url":"","error":"Validation failed: Text character limit of 500 exceeded"},"_links":{"self":[{"href":"https:\/\/www.europesays.com\/fi\/wp-json\/wp\/v2\/posts\/118998","targetHints":{"allow":["GET"]}}],"collection":[{"href":"https:\/\/www.europesays.com\/fi\/wp-json\/wp\/v2\/posts"}],"about":[{"href":"https:\/\/www.europesays.com\/fi\/wp-json\/wp\/v2\/types\/post"}],"author":[{"embeddable":true,"href":"https:\/\/www.europesays.com\/fi\/wp-json\/wp\/v2\/users\/2"}],"replies":[{"embeddable":true,"href":"https:\/\/www.europesays.com\/fi\/wp-json\/wp\/v2\/comments?post=118998"}],"version-history":[{"count":0,"href":"https:\/\/www.europesays.com\/fi\/wp-json\/wp\/v2\/posts\/118998\/revisions"}],"wp:featuredmedia":[{"embeddable":true,"href":"https:\/\/www.europesays.com\/fi\/wp-json\/wp\/v2\/media\/118999"}],"wp:attachment":[{"href":"https:\/\/www.europesays.com\/fi\/wp-json\/wp\/v2\/media?parent=118998"}],"wp:term":[{"taxonomy":"category","embeddable":true,"href":"https:\/\/www.europesays.com\/fi\/wp-json\/wp\/v2\/categories?post=118998"},{"taxonomy":"post_tag","embeddable":true,"href":"https:\/\/www.europesays.com\/fi\/wp-json\/wp\/v2\/tags?post=118998"}],"curies":[{"name":"wp","href":"https:\/\/api.w.org\/{rel}","templated":true}]}}