{"id":119000,"date":"2025-12-17T17:52:04","date_gmt":"2025-12-17T17:52:04","guid":{"rendered":"https:\/\/www.europesays.com\/fi\/119000\/"},"modified":"2025-12-17T17:52:04","modified_gmt":"2025-12-17T17:52:04","slug":"bussikuski-tyynnytti-raivoavan-lapsen-keskella-katua-helsingin-koskelassa-ja-sai-jutta-ala-aijalan-liikuttumaan","status":"publish","type":"post","link":"https:\/\/www.europesays.com\/fi\/119000\/","title":{"rendered":"Bussikuski tyynnytti raivoavan lapsen keskell\u00e4 katua Helsingin Koskelassa ja sai Jutta Ala-\u00c4ij\u00e4l\u00e4n liikuttumaan"},"content":{"rendered":"<p>Hyv\u00e4t teot|Lapsen \u00e4iti Jutta Ala-\u00c4ij\u00e4l\u00e4 kehuu bussikuskin loistavaa tilannetajua.<\/p>\n<p>Lue tiivistelm\u00e4<\/p>\n<p class=\"article-body mb-nof-24 px-nof-16 sndp-summary-bullet-point-font\">Helsingin Koskelassa bussikuski pys\u00e4ytti autonsa ja antoi suklaalevyn raivoisalle kaksivuotiaalle lapselle, joka makasi jalkak\u00e4yt\u00e4v\u00e4ll\u00e4.<\/p>\n<p class=\"article-body mb-nof-24 px-nof-16 sndp-summary-bullet-point-font\">Lapsen \u00e4iti Jutta Ala-\u00c4ij\u00e4l\u00e4 kehuu noin 50-vuotiaan kuskin loistavaa tilannetajua ja syd\u00e4mellist\u00e4 elett\u00e4.<\/p>\n<p class=\"article-body mb-nof-24 px-nof-16 sndp-summary-bullet-point-font\">Tapahtuma sattui tiistaina iltap\u00e4iv\u00e4ll\u00e4, kun \u00e4iti oli viem\u00e4ss\u00e4 lasta p\u00e4iv\u00e4kodista kotiin.<\/p>\n<p class=\"article-body mb-nof-24 px-nof-16\">Bussikuski piristi helsinkil\u00e4isen \u00e4idin p\u00e4iv\u00e4\u00e4 tiistaina iltap\u00e4iv\u00e4ll\u00e4.<\/p>\n<p class=\"article-body mb-nof-24 px-nof-16\">Koskelassa asuva <a class=\"article-personlink\" href=\"https:\/\/www.hs.fi\/haku\/?query=Jutta%20Ala-%C3%84ij%C3%A4l%C3%A4\" rel=\"nofollow noopener\" target=\"_blank\">Jutta Ala-\u00c4ij\u00e4l\u00e4<\/a> oli viem\u00e4ss\u00e4 p\u00e4iv\u00e4kodista kotiin kohta kaksivuotiasta <a class=\"article-personlink\" href=\"https:\/\/www.hs.fi\/haku\/?query=V%C3%A4in%C3%B6%C3%A4%C3%A4n\" rel=\"nofollow noopener\" target=\"_blank\">V\u00e4in\u00f6\u00e4\u00e4n<\/a>, jolla \u201dalkaa olla v\u00e4h\u00e4n tahtoik\u00e4\u00e4 ilmassa\u201d.<\/p>\n<p class=\"article-body mb-nof-24 px-nof-16\">Mik\u00e4\u00e4n toimivaksi koettu houkutus ja konsti ei tahtonut tepsi\u00e4, sill\u00e4 p\u00e4iv\u00e4kodin pihalla keinuminen kiinnosti enemm\u00e4n. Joten Ala-\u00c4ij\u00e4l\u00e4 nappasi taaperon syliin ja l\u00e4hti kohti kotia. Hermohan siin\u00e4 lapsella lopulta meni.<\/p>\n<p class=\"article-body mb-nof-24 px-nof-16\">\u201dKovasti kiukutteli matkalla ja tilanne p\u00e4\u00e4tyi siihen, ett\u00e4 h\u00e4n makasi jalkak\u00e4yt\u00e4v\u00e4ll\u00e4 ja raivosi sit\u00e4, kun ei saanut j\u00e4\u00e4d\u00e4 p\u00e4iv\u00e4kotiin.\u201d<\/p>\n<p class=\"article-body mb-nof-24 px-nof-16\">Nurkan takaa ilmestyi linjan 55 p\u00e4\u00e4tepys\u00e4kille matkaava HSL:n bussi . Linja-auto j\u00e4tti matkustajat viimeiselle pys\u00e4killeen, jatkoi matkaansa, mutta yll\u00e4tt\u00e4en alkoi hidastaa Ala-\u00c4ij\u00e4l\u00e4\u00e4 l\u00e4hestyess\u00e4\u00e4n. Lopulta bussi pys\u00e4htyi ja avasi etuovet maassa makaavan taaperon kohdalla.<\/p>\n<p class=\"article-body mb-nof-24 px-nof-16\">\u201dKuski alkoi huudella, ett\u00e4 mit\u00e4 sin\u00e4 itket, ei ole mit\u00e4\u00e4n h\u00e4t\u00e4\u00e4, tule t\u00e4\u00e4lt\u00e4 hakemaan suklaalevy.\u201d<\/p>\n<p class=\"article-body mb-nof-24 px-nof-16\">V\u00e4in\u00f6 ei innostunut maasta nousemaan, joten autoa ajanut Ala-\u00c4ij\u00e4l\u00e4n arvion mukaan noin 50-vuotias mies nousi penkilt\u00e4\u00e4n ja tuikkasi lapselle suklaalevyn, meni takaisin bussiin ja jatkoi matkaansa. \u00c4iti ja lapsi j\u00e4iv\u00e4t paikalleen h\u00e4mmentynein\u00e4.<\/p>\n<p class=\"article-body mb-nof-24 px-nof-16\">\u201dTilannetaju oli aivan k\u00e4sitt\u00e4m\u00e4t\u00f6n h\u00e4nell\u00e4. H\u00e4n n\u00e4ki, ett\u00e4 tuolla nyt tarvitaan h\u00e4mmennyst\u00e4. Usein, jos tulee jokin yll\u00e4tt\u00e4v\u00e4 tekij\u00e4, niin lapsi p\u00e4\u00e4see pois tunnetilastaan.\u201d<\/p>\n<p class=\"article-body mb-nof-24 px-nof-16\">Ala-\u00c4ij\u00e4l\u00e4 ei ehtinyt saada edes kuskin nime\u00e4, mutta kiitt\u00e4\u00e4 h\u00e4nt\u00e4 suuresti.<\/p>\n<p class=\"article-body mb-nof-24 px-nof-16\">\u201dTuli todella ihana fiilis, \u00e4lytt\u00f6m\u00e4n syd\u00e4mellinen ele kuskilta.\u201d<\/p>\n","protected":false},"excerpt":{"rendered":"Hyv\u00e4t teot|Lapsen \u00e4iti Jutta Ala-\u00c4ij\u00e4l\u00e4 kehuu bussikuskin loistavaa tilannetajua. Lue tiivistelm\u00e4 Helsingin Koskelassa bussikuski pys\u00e4ytti autonsa ja antoi&hellip;\n","protected":false},"author":2,"featured_media":119001,"comment_status":"","ping_status":"","sticky":false,"template":"","format":"standard","meta":{"footnotes":""},"categories":[12],"tags":[22,23,26,27,33,31,30,17,46,24,25,28,29,15,18,21,32,19,20,16],"class_list":{"0":"post-119000","1":"post","2":"type-post","3":"status-publish","4":"format-standard","5":"has-post-thumbnail","7":"category-suomi","8":"tag-breaking-news","9":"tag-breakingnews","10":"tag-featured-news","11":"tag-featurednews","12":"tag-fi","13":"tag-finland","14":"tag-finnish","15":"tag-headlines","16":"tag-helsingin-sanomat","17":"tag-latest-news","18":"tag-latestnews","19":"tag-main-news","20":"tag-mainnews","21":"tag-news","22":"tag-otsikot","23":"tag-paauutiset","24":"tag-suomi","25":"tag-top-stories","26":"tag-topstories","27":"tag-uutiset"},"share_on_mastodon":{"url":"https:\/\/pubeurope.com\/@fi\/115736185794039166","error":""},"_links":{"self":[{"href":"https:\/\/www.europesays.com\/fi\/wp-json\/wp\/v2\/posts\/119000","targetHints":{"allow":["GET"]}}],"collection":[{"href":"https:\/\/www.europesays.com\/fi\/wp-json\/wp\/v2\/posts"}],"about":[{"href":"https:\/\/www.europesays.com\/fi\/wp-json\/wp\/v2\/types\/post"}],"author":[{"embeddable":true,"href":"https:\/\/www.europesays.com\/fi\/wp-json\/wp\/v2\/users\/2"}],"replies":[{"embeddable":true,"href":"https:\/\/www.europesays.com\/fi\/wp-json\/wp\/v2\/comments?post=119000"}],"version-history":[{"count":0,"href":"https:\/\/www.europesays.com\/fi\/wp-json\/wp\/v2\/posts\/119000\/revisions"}],"wp:featuredmedia":[{"embeddable":true,"href":"https:\/\/www.europesays.com\/fi\/wp-json\/wp\/v2\/media\/119001"}],"wp:attachment":[{"href":"https:\/\/www.europesays.com\/fi\/wp-json\/wp\/v2\/media?parent=119000"}],"wp:term":[{"taxonomy":"category","embeddable":true,"href":"https:\/\/www.europesays.com\/fi\/wp-json\/wp\/v2\/categories?post=119000"},{"taxonomy":"post_tag","embeddable":true,"href":"https:\/\/www.europesays.com\/fi\/wp-json\/wp\/v2\/tags?post=119000"}],"curies":[{"name":"wp","href":"https:\/\/api.w.org\/{rel}","templated":true}]}}