{"id":119018,"date":"2025-12-17T18:19:12","date_gmt":"2025-12-17T18:19:12","guid":{"rendered":"https:\/\/www.europesays.com\/fi\/119018\/"},"modified":"2025-12-17T18:19:12","modified_gmt":"2025-12-17T18:19:12","slug":"eu-peraantymassa-bensa-autojen-tayskiellosta-tata-se-tarkoittaa-talous","status":"publish","type":"post","link":"https:\/\/www.europesays.com\/fi\/119018\/","title":{"rendered":"EU per\u00e4\u00e4ntym\u00e4ss\u00e4 bensa-autojen t\u00e4yskiellosta \u2013 t\u00e4t\u00e4 se tarkoittaa | Talous"},"content":{"rendered":"<p class=\"aw-1gybjub aw-5vja16 kEtdKx kmuxyA yle__article__paragraph\">Uusien bensa- ja dieselautojen valmistuksen piti loppua EU:ssa vuoteen 2035 menness\u00e4. Nyt ne saavatkin j\u00e4\u00e4d\u00e4 markkinoille, joskin rajatuin ehdoin.<\/p>\n<p><img decoding=\"async\" alt=\"Auton rakentajat t\u00f6iss\u00e4\u00e4n.\" src=\"https:\/\/www.europesays.com\/fi\/wp-content\/uploads\/2025\/09\/39-418695598309bee9352.jpeg\" class=\"aw-1l9m598 hKVVvP\"\/><\/p>\n<p>Avaa kuvien katselu<\/p>\n<p>Alun perin uusien polttomoottoriautojen valmistus piti loppua unionissa vuoteen 2035 menness\u00e4. Kuva: Jyrki Lyytikk\u00e4 \/ Yle<\/p>\n<ul class=\"aw-1jjocuh iJTSwP yle__article__list yle__article__list--ul\">\n<li class=\"aw-1j7gwms gNYKfi\">EU-komissio esitt\u00e4\u00e4 lievennyksi\u00e4 uusien polttomoottoriautojen myyntikieltoon, jonka piti alkaa vuonna 2035.<\/li>\n<li class=\"aw-1j7gwms gNYKfi\">Muutoksen taustalla on erityisesti Saksan ja sen autoteollisuuden voimakas vastustus t\u00e4yskieltoa kohtaan.<\/li>\n<li class=\"aw-1j7gwms gNYKfi\">Jatkossa my\u00f6s polttomoottori- ja hybridiautoja saisi edelleen myyd\u00e4 s\u00e4hk\u00f6autojen rinnalla.<\/li>\n<li class=\"aw-1j7gwms gNYKfi\">P\u00e4\u00e4t\u00f6s ei ole viel\u00e4 lopullinen, vaan vaatii EU:n j\u00e4senmaiden ja parlamentin hyv\u00e4ksynn\u00e4n.<\/li>\n<\/ul>\n<p class=\"aw-1gybjub aw-1p7kakr kEtdKx cEmitX yle__article__paragraph\">Bensiini- ja dieselautojen t\u00e4yskielto ei ehk\u00e4 toteudukaan EU:ssa.<\/p>\n<p class=\"aw-1gybjub aw-1p7kakr kEtdKx cEmitX yle__article__paragraph\">Alun perin uusien bensalla tai dieselill\u00e4 k\u00e4yvien autojen valmistus piti loppua unionissa vuoteen 2035 menness\u00e4.<\/p>\n<p class=\"aw-1gybjub aw-1p7kakr kEtdKx cEmitX yle__article__paragraph\"><a class=\"aw-iao6s4 iHOxEa yle__article__link\" href=\"https:\/\/ec.europa.eu\/commission\/presscorner\/detail\/en\/ip_25_3051\" role=\"link\" rel=\"nofollow noopener\" target=\"_blank\">Nyt EU-komissio esitt\u00e4\u00e4kin<\/a>, ett\u00e4 alkuper\u00e4isest\u00e4 suunnitelmasta luovutaan ja t\u00e4yskiellon sijaan siirryt\u00e4\u00e4n lievemp\u00e4\u00e4n malliin.<\/p>\n<p class=\"aw-1gybjub aw-1p7kakr kEtdKx cEmitX yle__article__paragraph\">T\u00e4ss\u00e4 jutussa kerromme p\u00e4hkin\u00e4nkuoressa, mist\u00e4 on kyse. Juttua varten on haastateltu my\u00f6s Autoalan keskusliiton toimitusjohtajaa <strong class=\"aw-ak79eh KyCXm yle__article__strong\">Tero<\/strong> <strong class=\"aw-ak79eh KyCXm yle__article__strong\">Lausalaa<\/strong>.<\/p>\n<p>1. Mit\u00e4 uusi esitys tarkoittaisi?<\/p>\n<p class=\"aw-1gybjub aw-1p7kakr kEtdKx cEmitX yle__article__paragraph\">Esityksen mukaan autonvalmistajien on v\u00e4hennett\u00e4v\u00e4 pakokaasup\u00e4\u00e4st\u00f6j\u00e4 90 prosenttia vuoden 2021 tasosta.<\/p>\n<p class=\"aw-1gybjub aw-1p7kakr kEtdKx cEmitX yle__article__paragraph\">K\u00e4yt\u00e4nn\u00f6ss\u00e4 t\u00e4m\u00e4 tarkoittaa, ett\u00e4 puhtaat polttomoottoriautot sek\u00e4 hybridiautot s\u00e4ilyv\u00e4t markkinoilla t\u00e4yss\u00e4hk\u00f6autojen rinnalla my\u00f6s vuoden 2035 j\u00e4lkeen.<\/p>\n<p class=\"aw-1gybjub aw-1p7kakr kEtdKx cEmitX yle__article__paragraph\">Polttomoottoriautojen valmistus saa jatkua tietyin ehdoin. Sallitut 10 prosentin p\u00e4\u00e4st\u00f6t on hyvitett\u00e4v\u00e4 esimerkiksi k\u00e4ytt\u00e4m\u00e4ll\u00e4 biopolttoainetta tai EU:ssa valmistettua v\u00e4h\u00e4hiilist\u00e4 ter\u00e4st\u00e4.<\/p>\n<p class=\"aw-1gybjub aw-1p7kakr kEtdKx cEmitX yle__article__paragraph\">Lis\u00e4ksi EU:ssa valmistetuille, pienille s\u00e4hk\u00f6autoille on luvassa erityist\u00e4 tukea jo ennen vuotta 2035.<\/p>\n<p class=\"aw-1gybjub aw-1p7kakr kEtdKx cEmitX yle__article__paragraph\">P\u00e4\u00e4t\u00f6s ei ole viel\u00e4 lopullinen. Se tarvitsee EU:n j\u00e4senvaltioiden hallitusten ja Euroopan parlamentin hyv\u00e4ksynn\u00e4n.<\/p>\n<p>2. Miksi lievennyst\u00e4 vaaditaan?<\/p>\n<p class=\"aw-1gybjub aw-1p7kakr kEtdKx cEmitX yle__article__paragraph\">Taustalla on vuonna 2023 EU:n p\u00e4\u00e4tt\u00e4m\u00e4 t\u00e4yskielto, jota nyt esitet\u00e4\u00e4n muutettavaksi. EU:n tavoite on olla hiilineutraali vuoteen 2050 menness\u00e4.<\/p>\n<p class=\"aw-1gybjub aw-1p7kakr kEtdKx cEmitX yle__article__paragraph\">Vuoden 2023 p\u00e4\u00e4t\u00f6s on her\u00e4tt\u00e4nyt vastustusta erityisesti Saksassa, jossa <a class=\"aw-iao6s4 iHOxEa yle__article__link\" href=\"https:\/\/yle.fi\/a\/74-20186978\" role=\"link\" rel=\"nofollow noopener\" target=\"_blank\">t\u00e4yskieltoa ovat kritisoineet<\/a> suuret autonvalmistajat kuten Volkswagen, BMW ja Mercedes-Benz sek\u00e4 liittokansleri <strong class=\"aw-ak79eh KyCXm yle__article__strong\">Friedrich Merz<\/strong>.<\/p>\n<p class=\"aw-1gybjub aw-1p7kakr kEtdKx cEmitX yle__article__paragraph\">Saksa on yhdess\u00e4 Italian kanssa johtanut Brysseliss\u00e4 kampanjaa t\u00e4yskiellon kumoamiseksi. Vastustajat ovat perustelleet kantaansa muun muassa s\u00e4hk\u00f6autojen heikolla kysynn\u00e4ll\u00e4 sek\u00e4 kiinalaisten vahvalla asemalla markkinoilla.<\/p>\n<p class=\"aw-1gybjub aw-1p7kakr kEtdKx cEmitX yle__article__paragraph\">Vastaavasti t\u00e4yskiellon voimakkaimpia tukijoita ovat olleet Espanja ja Ranska.<\/p>\n<p class=\"aw-1gybjub aw-1p7kakr kEtdKx cEmitX yle__article__paragraph\"><a class=\"aw-iao6s4 iHOxEa yle__article__link\" href=\"https:\/\/www.reuters.com\/sustainability\/climate-energy\/reactions-european-commission-proposal-reverse-2035-combustion-engine-ban-2025-12-16\/\" role=\"link\" rel=\"nofollow noopener\" target=\"_blank\">Merzin mukaan<\/a> uusin k\u00e4\u00e4nne komissiossa tapahtuikin Saksasta tulleen \u201dselke\u00e4n viestin\u201d seurauksena. Muun muassa Euroopan suurin autonvalmistaja, saksalainen Volkswagen <a class=\"aw-iao6s4 iHOxEa yle__article__link\" href=\"https:\/\/www.reuters.com\/sustainability\/climate-energy\/reactions-european-commission-proposal-reverse-2035-combustion-engine-ban-2025-12-16\/\" role=\"link\" rel=\"nofollow noopener\" target=\"_blank\">on toivottanut<\/a> muutokset tervetulleiksi.<\/p>\n<p class=\"aw-1gybjub aw-1p7kakr kEtdKx cEmitX yle__article__paragraph\">Euroopan parlamentissa t\u00e4yskieltoa on vastustanut sen suurin ryhm\u00e4, <a class=\"aw-iao6s4 iHOxEa yle__article__link\" href=\"https:\/\/www.eppgroup.eu\/newsroom\/epp-group-victory-combustion-engine-ban-is-gone\" role=\"link\" rel=\"nofollow noopener\" target=\"_blank\">Euroopan kansanpuolue EPP:n ryhm\u00e4<\/a>. EPP:n j\u00e4senpuolueisiin kuuluu my\u00f6s Merzin ja EU-komission puheenjohtaja <strong class=\"aw-ak79eh KyCXm yle__article__strong\">Ursula von der Leyenin<\/strong> edustama CDU-puolue.<\/p>\n<p>3. Mit\u00e4 esitys tarkoittaisi autojen kehitykselle?<\/p>\n<p class=\"aw-1gybjub aw-1p7kakr kEtdKx cEmitX yle__article__paragraph\">Eurooppalaiset autovalmistajat voivat keskitty\u00e4 s\u00e4hk\u00f6autojen lis\u00e4ksi kehitt\u00e4m\u00e4\u00e4n hybridi- ja polttomoottoriautojen teknologiaa.<\/p>\n<p class=\"aw-1gybjub aw-1p7kakr kEtdKx cEmitX yle__article__paragraph\">Esitys voi lis\u00e4t\u00e4 autovalmistajien kiinnostusta polttomoottoriautojen teknologian kehitt\u00e4miseen, sill\u00e4 aiemman esityksen mukaan polttomoottoriautojen valmistus ja myynti olisi loppunut t\u00e4ysin. Nyt ne kuitenkin sallittaisiin viel\u00e4 markkinoille.<\/p>\n<p class=\"aw-1gybjub aw-1p7kakr kEtdKx cEmitX yle__article__paragraph\">Lis\u00e4ksi s\u00e4hk\u00f6autoille sallitaan esityksen mukaan pienet varamoottorit eli niin kutsutut range extenderit. Alkuper\u00e4isess\u00e4 suunnitelmassa n\u00e4m\u00e4kin kiellettiin. Range extenderit lataavat s\u00e4hk\u00f6auton akkua, kun se on loppumassa. Niit\u00e4 ei ole t\u00e4ll\u00e4 hetkell\u00e4 kuitenkaan lainkaan tarjolla Suomen markkinoilla.<\/p>\n<p class=\"aw-1gybjub aw-1p7kakr kEtdKx cEmitX yle__article__paragraph\">My\u00f6s synteettisten polttoaineiden kehitys sek\u00e4 uusiutuvien polttoaineiden laajempi k\u00e4ytt\u00f6 polttomoottoreissa voi saada tuulta purjeisiinsa.<\/p>\n<p class=\"aw-1gybjub aw-1p7kakr kEtdKx cEmitX yle__article__paragraph\">Valmistajilla on siis mahdollisuus kehitt\u00e4\u00e4 useampia teknologioita yht\u00e4aikaisesti, jos ne niin haluavat. Ne keskittyv\u00e4t kuitenkin varmasti ainakin s\u00e4hk\u00f6autojen teknologian kehitt\u00e4miseen.<\/p>\n<p>4. Voinko ostaa polttomoottoriauton viel\u00e4 vuonna 2035?<\/p>\n<p class=\"aw-1gybjub aw-1p7kakr kEtdKx cEmitX yle__article__paragraph\">Voit. EU-komission esitys ei kiell\u00e4 k\u00e4ytettyjen polttomoottoriautojen myynti\u00e4, vaan rajoittaa uusien autojen valmistusta. Esitys ei my\u00f6sk\u00e4\u00e4n kiell\u00e4 vanhoilla bensa-autoilla ajamista.<\/p>\n<p class=\"aw-1gybjub aw-1p7kakr kEtdKx cEmitX yle__article__paragraph\">Jos esitys polttomoottorikiellon h\u00f6llent\u00e4misest\u00e4 hyv\u00e4ksyt\u00e4\u00e4n, voi markkinoilla olla s\u00e4hk\u00f6autojen lis\u00e4ksi uusia hybridi- ja polttomoottoriautoja. Valikoima on niiss\u00e4 kuitenkin nykyist\u00e4 suppeampi, sill\u00e4 autovalmistajat keskittyv\u00e4t enemm\u00e4n juuri s\u00e4hk\u00f6autojen valmistamiseen. Esitys kiellon h\u00f6llent\u00e4misest\u00e4 ei siis muuta sit\u00e4, ett\u00e4 s\u00e4hk\u00f6autojen m\u00e4\u00e4r\u00e4 lis\u00e4\u00e4ntyy markkinoilla huomattavasti.<\/p>\n<p class=\"aw-1gybjub aw-1p7kakr kEtdKx cEmitX yle__article__paragraph\">My\u00f6s polttomoottoriauton huolto onnistuu eritt\u00e4in todenn\u00e4k\u00f6isesti osassa autoliikkeit\u00e4 vuonna 2035 Suomessa.<\/p>\n<p class=\"aw-1gybjub aw-1p7kakr kEtdKx cEmitX yle__article__paragraph\">Ylen toimittaja Antti Kurra selitt\u00e4\u00e4 videolla, mit\u00e4 polttomoottoriautoista p\u00e4\u00e4tettiin vuonna 2023.<\/p>\n<p><img decoding=\"async\" alt=\"\" src=\"https:\/\/www.europesays.com\/fi\/wp-content\/uploads\/2025\/12\/39-107451963ef8a60ae1d2.jpeg\" class=\"aw-1l9m598 hKVVvP\"\/><\/p>\n","protected":false},"excerpt":{"rendered":"Uusien bensa- ja dieselautojen valmistuksen piti loppua EU:ssa vuoteen 2035 menness\u00e4. Nyt ne saavatkin j\u00e4\u00e4d\u00e4 markkinoille, joskin rajatuin&hellip;\n","protected":false},"author":2,"featured_media":43984,"comment_status":"","ping_status":"","sticky":false,"template":"","format":"standard","meta":{"footnotes":""},"categories":[5],"tags":[21538,648,22,23,26,27,33,31,30,17,24,25,28,29,13115,15,18,21,13114,2037,32,78,19,20,16],"class_list":{"0":"post-119018","1":"post","2":"type-post","3":"status-publish","4":"format-standard","5":"has-post-thumbnail","7":"category-otsikot","8":"tag-ajoneuvojen-paastojen-hallinta","9":"tag-autot","10":"tag-breaking-news","11":"tag-breakingnews","12":"tag-featured-news","13":"tag-featurednews","14":"tag-fi","15":"tag-finland","16":"tag-finnish","17":"tag-headlines","18":"tag-latest-news","19":"tag-latestnews","20":"tag-main-news","21":"tag-mainnews","22":"tag-moottorit","23":"tag-news","24":"tag-otsikot","25":"tag-paauutiset","26":"tag-polttomoottorit-lampovoimakoneet","27":"tag-sahkoautot","28":"tag-suomi","29":"tag-talous","30":"tag-top-stories","31":"tag-topstories","32":"tag-uutiset"},"share_on_mastodon":{"url":"https:\/\/pubeurope.com\/@fi\/115736292107485647","error":""},"_links":{"self":[{"href":"https:\/\/www.europesays.com\/fi\/wp-json\/wp\/v2\/posts\/119018","targetHints":{"allow":["GET"]}}],"collection":[{"href":"https:\/\/www.europesays.com\/fi\/wp-json\/wp\/v2\/posts"}],"about":[{"href":"https:\/\/www.europesays.com\/fi\/wp-json\/wp\/v2\/types\/post"}],"author":[{"embeddable":true,"href":"https:\/\/www.europesays.com\/fi\/wp-json\/wp\/v2\/users\/2"}],"replies":[{"embeddable":true,"href":"https:\/\/www.europesays.com\/fi\/wp-json\/wp\/v2\/comments?post=119018"}],"version-history":[{"count":0,"href":"https:\/\/www.europesays.com\/fi\/wp-json\/wp\/v2\/posts\/119018\/revisions"}],"wp:featuredmedia":[{"embeddable":true,"href":"https:\/\/www.europesays.com\/fi\/wp-json\/wp\/v2\/media\/43984"}],"wp:attachment":[{"href":"https:\/\/www.europesays.com\/fi\/wp-json\/wp\/v2\/media?parent=119018"}],"wp:term":[{"taxonomy":"category","embeddable":true,"href":"https:\/\/www.europesays.com\/fi\/wp-json\/wp\/v2\/categories?post=119018"},{"taxonomy":"post_tag","embeddable":true,"href":"https:\/\/www.europesays.com\/fi\/wp-json\/wp\/v2\/tags?post=119018"}],"curies":[{"name":"wp","href":"https:\/\/api.w.org\/{rel}","templated":true}]}}