{"id":119029,"date":"2025-12-17T18:44:15","date_gmt":"2025-12-17T18:44:15","guid":{"rendered":"https:\/\/www.europesays.com\/fi\/119029\/"},"modified":"2025-12-17T18:44:15","modified_gmt":"2025-12-17T18:44:15","slug":"somessa-leviaa-finnairin-vanha-arveluttava-mainos","status":"publish","type":"post","link":"https:\/\/www.europesays.com\/fi\/119029\/","title":{"rendered":"Somessa levi\u00e4\u00e4 Finnairin vanha arveluttava mainos"},"content":{"rendered":"<p><strong class=\"typography-bold\">Sosiaalisessa mediassa kiert\u00e4\u00e4 Finnairin vanha mainos, joka n\u00e4ytt\u00e4ytyy nykyp\u00e4iv\u00e4n\u00e4 v\u00e4hint\u00e4\u00e4nkin kyseenalaisena.<\/strong><\/p>\n<p>Sosiaalisessa mediassa jaetaan <a class=\"underline\" data-testid=\"external-link\" href=\"https:\/\/x.com\/j_makr\/status\/2000958497811509325\/photo\/1\" rel=\"noopener noreferrer nofollow\" target=\"_blank\" data-sentry-component=\"ExternalLink\" data-sentry-source-file=\"ExternalLink.tsx\">Finnairin mainosta <\/a>vuodelta 1988. Mainoksessa on karikatyyrinen aasialaishahmo, jolla on kartionmallinen olkihattu p\u00e4\u00e4ss\u00e4\u00e4n. Mainoksessa on my\u00f6s teksti &#8221;Helsinki Beijing&#8221;.\u00a0<\/p>\n<p>Kyseess\u00e4 on Finnairin silloisen uuden Pekingin-reitin mainoskuva.\u00a0<\/p>\n<p>Finnair selitt\u00e4\u00e4 mainosta<a class=\"underline\" data-testid=\"external-link\" href=\"https:\/\/x.com\/FinnairSuomi\/status\/2001219946341187654\" rel=\"noopener noreferrer nofollow\" target=\"_blank\" data-sentry-component=\"ExternalLink\" data-sentry-source-file=\"ExternalLink.tsx\"> X-palvelussa<\/a>.\u00a0<\/p>\n<p>\u2013 Mainos on 37 vuotta vanha, ja se tehtiin Finnairin Pekingin-reitin avauksen yhteydess\u00e4. Se heijastaa aikansa mainonnassa vallinnutta kuvastoa. Nykyvalossa ymm\u00e4rr\u00e4mme, ett\u00e4 mainos her\u00e4tt\u00e4\u00e4 aiheellista kritiikki\u00e4. On meille t\u00e4ysin selv\u00e4\u00e4, ett\u00e4 emme tekisi vastaavaa sis\u00e4lt\u00f6\u00e4 en\u00e4\u00e4 t\u00e4n\u00e4 p\u00e4iv\u00e4n\u00e4, Finnair selitt\u00e4\u00e4 X-profiilissaan.<\/p>\n<p>\u00a0<\/p>\n<p>Jos julkaisu ei n\u00e4y, voit katsoa sen<a class=\"underline\" data-testid=\"external-link\" href=\"https:\/\/x.com\/FinnairSuomi\/status\/2001219946341187654 \" rel=\"noopener noreferrer nofollow\" target=\"_blank\" data-sentry-component=\"ExternalLink\" data-sentry-source-file=\"ExternalLink.tsx\"> t\u00e4st\u00e4<\/a>.<\/p>\n<p>Julkaisussa todetaan, ett\u00e4 monimuotoisuus ja yhdenvertaisuus ovat yhti\u00f6n keskeisi\u00e4 arvoja.\u00a0<\/p>\n<p><strong class=\"typography-bold\">&#8221;\u00c4lk\u00e4\u00e4 matkustako Finnairilla&#8221;<\/strong><\/p>\n<p>Finnair kertoi <a class=\"underline\" data-testid=\"external-link\" href=\"https:\/\/yle.fi\/a\/74-20199957\" rel=\"noopener noreferrer nofollow\" target=\"_blank\" data-sentry-component=\"ExternalLink\" data-sentry-source-file=\"ExternalLink.tsx\">Ylelle<\/a> aiemmin, ett\u00e4 maailmalle levinneet, rasistisiksi koetut kuvat Miss Suomi -kohun ymp\u00e4rill\u00e4 <a class=\"underline\" data-testid=\"external-link\" href=\"https:\/\/www.mtvuutiset.fi\/artikkeli\/yle-perussuomalaisten-venytyskohu-myrkkya-finnairille-alkaa-matkustako-tahan-maahan\/9271106\" rel=\"noopener noreferrer nofollow\" data-sentry-component=\"ExternalLink\" data-sentry-source-file=\"ExternalLink.tsx\" target=\"_blank\">haittaavat yhti\u00f6n toimintaa<\/a>.<\/p>\n<p>Finnair on saanut japaninkieliselle\u00a0<a class=\"underline\" data-testid=\"external-link\" href=\"https:\/\/x.com\/FinnairJapan\" rel=\"noopener noreferrer nofollow\" target=\"_blank\" data-sentry-component=\"ExternalLink\" data-sentry-source-file=\"ExternalLink.tsx\">X-tililleen<\/a> lukuisia kommentteja, joihin on liitetty perussuomalaisten kansanedustajien silmienvenytyskuvia.<\/p>\n<p><strong class=\"typography-bold\">Lue my\u00f6s: <\/strong><a class=\"cursor-pointer underline\" data-testid=\"internal-link\" role=\"link\" data-sentry-element=\"Link\" data-sentry-component=\"InternalLink\" data-sentry-source-file=\"InternalLink.tsx\" href=\"https:\/\/www.mtvuutiset.fi\/artikkeli\/mysteerinainen-laittoi-sarah-dzafcen-pyytamaan-anteeksi-kiinalaisilta-kertoo-nyt-motiiveistaan-mtv-lle\/9271184\" rel=\"nofollow noopener\" target=\"_blank\"><strong class=\"typography-bold\">&#8221;Mysteerinainen&#8221; laittoi Sarah Dzafcen pyyt\u00e4m\u00e4\u00e4n anteeksi kiinalaisilta \u2013 kertoo nyt motiiveistaan MTV:lle<\/strong><\/a><\/p>\n<p>Finnairin viestint\u00e4johtaja<strong class=\"typography-bold\"> P\u00e4ivyt Tallqvist <\/strong>kertoi Ylelle, ett\u00e4 viesti on ollut kaikissa kommenteissa samansuuntainen.<\/p>\n<p>\u2013 \u00c4lk\u00e4\u00e4 matkustako t\u00e4h\u00e4n maahan, \u00e4lk\u00e4\u00e4 matkustako Finnairilla,\u00a0Tallqvist\u00a0kertoi Ylelle s\u00e4hk\u00f6postitse.\u00a0<\/p>\n<p><strong class=\"typography-bold\">Lue my\u00f6s: <\/strong><a class=\"cursor-pointer underline\" data-testid=\"internal-link\" role=\"link\" data-sentry-element=\"Link\" data-sentry-component=\"InternalLink\" data-sentry-source-file=\"InternalLink.tsx\" href=\"https:\/\/www.mtvuutiset.fi\/artikkeli\/petteri-orpo-pyysi-anteeksi-perussuomalaisten-puolesta-mtv-analysoi-miksi\/9271574\" rel=\"nofollow noopener\" target=\"_blank\"><strong class=\"typography-bold\">MTV analysoi Orpon anteeksipyynt\u00f6\u00e4 \u2013 &#8221;Tuntuu pyyt\u00e4v\u00e4n anteeksi omaa saamattomuuttaan aiemmissa rasismikohuissa&#8221;<\/strong><\/a><\/p>\n<p>Silmienvenytyskohu sai alkunsa, kun sosiaalisessa mediassa levisi kuva, jossa entinen Miss Suomi <strong class=\"typography-bold\">Sarah Dzafce<\/strong>\u00a0venytt\u00e4\u00e4 silmi\u00e4\u00e4n. H\u00e4n\u00a0<a class=\"underline\" data-testid=\"external-link\" href=\"https:\/\/www.mtvuutiset.fi\/artikkeli\/sarah-dzafce-titteli-miss-suomena-paatetty\/9268802\" rel=\"noopener noreferrer nofollow\" data-sentry-component=\"ExternalLink\" data-sentry-source-file=\"ExternalLink.tsx\" target=\"_blank\">menetti tittelins\u00e4<\/a>\u00a0ja kruununsa 11. joulukuuta t\u00e4m\u00e4n my\u00f6t\u00e4.\u00a0<\/p>\n<p>Sen j\u00e4lkeen\u00a0<a class=\"underline\" data-testid=\"external-link\" href=\"https:\/\/www.mtvuutiset.fi\/artikkeli\/perussuomalaisilta-silmienvenytyskuvien-ryoppy-eduskunnassa-tyrmistys-lapsellista-ja-asiatonta\/9269442\" rel=\"noopener noreferrer nofollow\" data-sentry-component=\"ExternalLink\" data-sentry-source-file=\"ExternalLink.tsx\" target=\"_blank\">perussuomalaiset\u00a0<\/a>ovat jakaneet somessa kuvia, joissa he niin ik\u00e4\u00e4n venytt\u00e4v\u00e4t silmi\u00e4\u00e4n ja sanovat osoittavansa tukensa Dzafcelle.\u00a0<\/p>\n<p><strong class=\"typography-bold\">Lue my\u00f6s: <\/strong><a class=\"cursor-pointer underline\" data-testid=\"internal-link\" role=\"link\" data-sentry-element=\"Link\" data-sentry-component=\"InternalLink\" data-sentry-source-file=\"InternalLink.tsx\" href=\"https:\/\/www.mtvuutiset.fi\/artikkeli\/suomi-pysyy-otsikoissa-ulkomailla-bbc-rasistinen-tulimyrsky\/9271462\" rel=\"nofollow noopener\" target=\"_blank\"><strong class=\"typography-bold\">Suomi pysyy otsikoissa ulkomailla \u2013 BBC: &#8221;Rasistinen tulimyrsky&#8221;<\/strong><\/a><\/p>\n","protected":false},"excerpt":{"rendered":"Sosiaalisessa mediassa kiert\u00e4\u00e4 Finnairin vanha mainos, joka n\u00e4ytt\u00e4ytyy nykyp\u00e4iv\u00e4n\u00e4 v\u00e4hint\u00e4\u00e4nkin kyseenalaisena. Sosiaalisessa mediassa jaetaan Finnairin mainosta vuodelta 1988.&hellip;\n","protected":false},"author":2,"featured_media":78580,"comment_status":"","ping_status":"","sticky":false,"template":"","format":"standard","meta":{"footnotes":""},"categories":[12],"tags":[22,23,26,27,33,31,30,17,24,25,28,29,15,18,21,32,19,20,16],"class_list":{"0":"post-119029","1":"post","2":"type-post","3":"status-publish","4":"format-standard","5":"has-post-thumbnail","7":"category-suomi","8":"tag-breaking-news","9":"tag-breakingnews","10":"tag-featured-news","11":"tag-featurednews","12":"tag-fi","13":"tag-finland","14":"tag-finnish","15":"tag-headlines","16":"tag-latest-news","17":"tag-latestnews","18":"tag-main-news","19":"tag-mainnews","20":"tag-news","21":"tag-otsikot","22":"tag-paauutiset","23":"tag-suomi","24":"tag-top-stories","25":"tag-topstories","26":"tag-uutiset"},"share_on_mastodon":{"url":"https:\/\/pubeurope.com\/@fi\/115736390176097962","error":""},"_links":{"self":[{"href":"https:\/\/www.europesays.com\/fi\/wp-json\/wp\/v2\/posts\/119029","targetHints":{"allow":["GET"]}}],"collection":[{"href":"https:\/\/www.europesays.com\/fi\/wp-json\/wp\/v2\/posts"}],"about":[{"href":"https:\/\/www.europesays.com\/fi\/wp-json\/wp\/v2\/types\/post"}],"author":[{"embeddable":true,"href":"https:\/\/www.europesays.com\/fi\/wp-json\/wp\/v2\/users\/2"}],"replies":[{"embeddable":true,"href":"https:\/\/www.europesays.com\/fi\/wp-json\/wp\/v2\/comments?post=119029"}],"version-history":[{"count":0,"href":"https:\/\/www.europesays.com\/fi\/wp-json\/wp\/v2\/posts\/119029\/revisions"}],"wp:featuredmedia":[{"embeddable":true,"href":"https:\/\/www.europesays.com\/fi\/wp-json\/wp\/v2\/media\/78580"}],"wp:attachment":[{"href":"https:\/\/www.europesays.com\/fi\/wp-json\/wp\/v2\/media?parent=119029"}],"wp:term":[{"taxonomy":"category","embeddable":true,"href":"https:\/\/www.europesays.com\/fi\/wp-json\/wp\/v2\/categories?post=119029"},{"taxonomy":"post_tag","embeddable":true,"href":"https:\/\/www.europesays.com\/fi\/wp-json\/wp\/v2\/tags?post=119029"}],"curies":[{"name":"wp","href":"https:\/\/api.w.org\/{rel}","templated":true}]}}