{"id":119036,"date":"2025-12-17T19:00:11","date_gmt":"2025-12-17T19:00:11","guid":{"rendered":"https:\/\/www.europesays.com\/fi\/119036\/"},"modified":"2025-12-17T19:00:11","modified_gmt":"2025-12-17T19:00:11","slug":"kiihkeat-seksikohtaukset-kuohuttavat-tv-sarjan-taustalta-rankka-paljastus-meilla-oli-peitenimi-puhelimessa","status":"publish","type":"post","link":"https:\/\/www.europesays.com\/fi\/119036\/","title":{"rendered":"Kiihke\u00e4t seksikohtaukset kuohuttavat \u2013 Tv-sarjan taustalta rankka paljastus: &#8221;Meill\u00e4 oli peitenimi puhelimessa&#8221;"},"content":{"rendered":"<p>Suursuosioon nousseen sarjan p\u00e4\u00e4henkil\u00f6t ovat saaneet vaikutteita NHL-t\u00e4hdist\u00e4.<\/p>\n<p class=\"paragraph\">J\u00e4\u00e4kiekkokausi k\u00e4y kuumana ymp\u00e4ri maailmaa, mutta samaan aikaan suuri yleis\u00f6 on l\u00f6yt\u00e4nyt itsens\u00e4 aivan toisenlaisen kiekkodraaman \u00e4\u00e4relt\u00e4.<\/p>\n<p class=\"paragraph\">Suoratoistopalvelu HBO Maxin uutuussarja Heated Rivalry on noussut Pohjois-Amerikassa suureksi puheenaiheeksi, eik\u00e4 se ole j\u00e4\u00e4nyt vain urheiluv\u00e4en sis\u00e4iseksi ilmi\u00f6ksi.<\/p>\n<p class=\"paragraph\">Kuusiosainen sarja yhdist\u00e4\u00e4 huipputason j\u00e4\u00e4kiekon, vuosia kytev\u00e4n kilpailun ja salatun romanssin. Se perustuu kirjailija <strong>Rachel Reidin<\/strong> suosittuun samannimiseen romaaniin ja seuraa kahden huippupelaajan, Shane Hollanderin ja Ilja Rozanovin, el\u00e4m\u00e4\u00e4 sek\u00e4 kaksikon v\u00e4lille roihahtavaa salasuhdetta.<\/p>\n<p class=\"paragraph\">Kanadalainen draamasarja sai ensi-iltansa Yhdysvalloissa ja Australiassa marraskuun lopulla. Se on her\u00e4tt\u00e4nyt huomiota my\u00f6s varsin suorasukaisilla ja <a href=\"https:\/\/www.elle.com\/culture\/movies-tv\/a69638125\/heated-rivalry-sex-scenes-intimacy-coordinator-interview\/\" target=\"_blank\" rel=\"noopener nofollow\">kiihkeill\u00e4 seksikohtauksillaan<\/a>.<\/p>\n<p class=\"paragraph\">Heated Rivalry on rantautumassa <a href=\"https:\/\/yle.fi\/a\/74-20199377\" target=\"_blank\" rel=\"noopener nofollow\">Ylen mukaan<\/a> my\u00f6s Suomeen.<\/p>\n<p>Vihollisista rakastavaisiksi<\/p>\n<p class=\"paragraph\">Sarja kertoo kahdesta ammattilaiskiekkoilijasta, jotka aloittavat uransa samaan aikaan huippuliigan tulokkaina. Shane ja Ilja n\u00e4hd\u00e4\u00e4n aluksi kiivaina vastustajina, joiden kohtaamiset kaukalossa kipin\u00f6iv\u00e4t jo ensimetreist\u00e4 l\u00e4htien.<\/p>\n<p class=\"paragraph\">Vastakkainasettelun keskell\u00e4 syntyy salasuhde, jota miehet yritt\u00e4v\u00e4t pit\u00e4\u00e4 piilossa joukkuekavereilta, medialta ja koko kiekkomaailmalta. Tarina etenee kausien ja vuosien kuluessa heid\u00e4n tavatessaan toisiaan salassa ja kamppaillessaan sen kanssa, voiko suhde koskaan olla muutakin kuin piiloteltu salaisuus.<\/p>\n<p class=\"paragraph\">Sarja liikkuu sulavasti pukukoppien, areenoiden ja hotellihuoneiden v\u00e4lill\u00e4 ja tuo esiin sen, millaista on el\u00e4\u00e4 huippu-urheilijan el\u00e4m\u00e4\u00e4, kun yksi t\u00e4rkeimmist\u00e4 asioista on pidett\u00e4v\u00e4 salassa.<\/p>\n<p>Taustalla NHL-vihollisuus<\/p>\n<p class=\"paragraph\">Vaikka sarjassa kanadalaisen Shanen ja ven\u00e4l\u00e4isen Iljan tarina on fiktiota, sen ytimess\u00e4 oleva kilpailuasetelma pohjautuu l\u00f6yh\u00e4sti todelliseen kiekkohistoriaan.<\/p>\n<p class=\"paragraph\">Kirjailija Reid on kertonut ammentaneensa inspiraatiota yhdest\u00e4 NHL:n tunnetuimmista vastakkainasetteluista, <strong>Sidney Crosbyn<\/strong> ja <strong>Aleksandr Ovet\u0161kinin<\/strong> vuosia kest\u00e4neest\u00e4 kilpakumppanuudesta.<\/p>\n<p>Crosby oli NHL-draftin ykk\u00f6snimi vuonna 2005. Ovet\u0161kin vuorostaan vuotta aiemmin. AOP<\/p>\n<p class=\"paragraph\">Crosby ja Ovet\u0161kin varattiin NHL:\u00e4\u00e4n per\u00e4kk\u00e4isin\u00e4 vuosina 2004 ja 2005, ja heid\u00e4n v\u00e4linen kamppailunsa Pittsburgh Penguinsin ja Washington Capitalsin t\u00e4htin\u00e4 nousi nopeasti koko liigan puhutuimmaksi aiheeksi.<\/p>\n<p class=\"paragraph\">\u2013 En koskaan perusta hahmojani suoraan todellisiin ihmisiin. Sarjan yksi selke\u00e4 inspiraatio oli Crosbyn ja Ovet\u0161kinin \u00e4\u00e4rimm\u00e4isen viihdytt\u00e4v\u00e4 vastakkainasettelu, mutta vaikutteita tuli my\u00f6s muista urheilijoiden vastakkainasetteluista, fiktioista ja kielletyn rakkauden teemoista, Reid kirjoitti <a href=\"https:\/\/www.rachelreidwrites.com\/faq\" target=\"_blank\" rel=\"noopener nofollow\">verkkosivuillaan<\/a>.<\/p>\n<p>Sel\u00e4nteen varjo<\/p>\n<p class=\"paragraph\">Reidin mukaan hahmojen yht\u00e4l\u00e4isyydet todellisiin t\u00e4htiin j\u00e4\u00e4v\u00e4t kuitenkin pintatasolle. Ilja on ven\u00e4l\u00e4inen t\u00e4htipelaaja, mutta muuten yht\u00e4l\u00e4isyydet Ovet\u0161kiniin ovat v\u00e4h\u00e4isi\u00e4.<\/p>\n<p class=\"paragraph\">Reid kertoi haastattelussa kanadalaiselle <a href=\"https:\/\/www.youtube.com\/watch?v=ZYwTgRw95c8\" target=\"_blank\" rel=\"noopener nofollow\">CP24:lle<\/a>, ett\u00e4 Ilja on saanut vaikutteita useista n\u00e4ytt\u00e4vist\u00e4 eurooppalaisista ja ven\u00e4l\u00e4isist\u00e4 huippupelaajista.<\/p>\n<p class=\"paragraph\">\u2013 <strong>Jarom\u00edr J\u00e1gr<\/strong>, <strong>Teemu Sel\u00e4nne<\/strong>, <strong>Ilja Kovalt\u0161uk<\/strong> ja my\u00f6hemmin my\u00f6s Ovet\u0161kin toimivat kaikki yhten\u00e4 kokonaisuutena ja selke\u00e4n\u00e4 inspiraationa Iljan hahmolle, Reid kuvaili ja mainitsi, ett\u00e4 n\u00e4m\u00e4 pelaajat ovat olleet \u00e4\u00e4nekk\u00e4it\u00e4, itsevarmoja ja kaukalossa r\u00e4j\u00e4ht\u00e4vi\u00e4 persoonia.<\/p>\n<p>J\u00e1gr ja Sel\u00e4nne kohtasivat useaan otteeseen NHL:ss\u00e4. EPA \/ AOP<\/p>\n<p class=\"paragraph\">Shane puolestaan edustaa vastakohtaa. H\u00e4ness\u00e4 n\u00e4kyv\u00e4t Reidin mukaan \u201dhyv\u00e4 poika\u201d -tyyliset kapteenipelaajat, jotka kantavat vastuuta ja toimivat esikuvina.<\/p>\n<p class=\"paragraph\">\u2013 Shaneen ovat vaikuttaneet esimerkiksi <strong>Sidney Crosby<\/strong>, <strong>Wayne Gretzky<\/strong> ja <strong>Paul Kariya<\/strong>. Sellaiset johtavat hahmot, Reid kertoi.<\/p>\n<p>Entinen kiekkoilija kritisoi<\/p>\n<p class=\"paragraph\">Sarja on saanut osakseen my\u00f6s kriittist\u00e4 palautetta j\u00e4\u00e4kiekkoyhteis\u00f6st\u00e4. <strong>Brock McGillis<\/strong>, jota pidet\u00e4\u00e4n ensimm\u00e4isen\u00e4 avoimesti homoseksuaalina ammattilaisj\u00e4\u00e4kiekkoilijana, suhtautuu sarjaan varauksella.<\/p>\n<p class=\"paragraph\">42-vuotias, uransa jo p\u00e4\u00e4tt\u00e4nyt maalivahti kertoi <a href=\"https:\/\/www.thepinknews.com\/2025\/12\/15\/brock-mcgillis-says-heated-rivalry-wont-help-players-come-out\/\" target=\"_blank\" rel=\"noopener nofollow\">PinkNewsille<\/a>, ettei usko sarjan rohkaisevan yht\u00e4k\u00e4\u00e4n nykyist\u00e4 pelaajaa tulemaan kaapista.<\/p>\n<p class=\"paragraph\">\u2013 Kukaan ei ajattele, ett\u00e4 \u201dnyt t\u00e4m\u00e4 tuli ulos ja min\u00e4kin olen valmis kertomaan\u201d. N\u00e4in ei vain tapahdu. On jopa todenn\u00e4k\u00f6isemp\u00e4\u00e4, ett\u00e4 vaikutus on p\u00e4invastainen, McGillis sanoi.<\/p>\n<p class=\"paragraph\">H\u00e4n korosti pit\u00e4v\u00e4ns\u00e4 sarjasta katsojana, mutta ep\u00e4ili sen tavoittavan j\u00e4\u00e4kiekkopiirej\u00e4.<\/p>\n<p class=\"paragraph\">\u2013 En usko, ett\u00e4 monet niin sanotut \u201dkiekkoj\u00e4tk\u00e4t\u201d edes katsovat t\u00e4t\u00e4. Ja jos katsovat, en usko heid\u00e4n puhuvan siit\u00e4 my\u00f6nteiseen s\u00e4vyyn.<\/p>\n<p class=\"paragraph\">McGillis paljasti my\u00f6s, ett\u00e4 sarjan ensimm\u00e4inen jakso laukaisi h\u00e4ness\u00e4 voimakkaan ahdistusreaktion, kun se muistutti h\u00e4nt\u00e4 omasta nuoruudestaan.<\/p>\n<p class=\"paragraph\">\u2013 Pelk\u00e4sin. Olin kolme vuotta suhteessa miehen kanssa, eik\u00e4 kukaan el\u00e4m\u00e4ss\u00e4ni tiennyt siit\u00e4. Meill\u00e4 oli jopa peitenimi puhelimessa silt\u00e4 varalta, ett\u00e4 joku h\u00e4nen yst\u00e4vist\u00e4\u00e4n n\u00e4kisi.<\/p>\n<p class=\"paragraph\">McGillis toi esiin, ett\u00e4 vaikka h\u00e4n pit\u00e4\u00e4 j\u00e4\u00e4kiekkoilijoita l\u00e4ht\u00f6kohtaisesti hyvin\u00e4 ihmisin\u00e4, h\u00e4n ei antaisi omien lastensa pelata lajia riippumatta heid\u00e4n seksuaalisesta suuntautumisestaan.<\/p>\n<p class=\"paragraph\">\u2013 Pukukoppien kieli, k\u00e4yt\u00f6s ja asenteet ovat joskus homofobisia. Se alkaa todella nuorena ja jatkuu koko el\u00e4m\u00e4n. Olet ohjelmoitu ajattelemaan, ett\u00e4 kaikki vihaavat sinua ja menet\u00e4t urasi.<\/p>\n<p><a href=\"https:\/\/www.iltalehti.fi\/telkku\/?utm_source=iltalehti.fi&amp;utm_medium=almainternal&amp;utm_campaign=urheilu_artikkelibanneri&amp;utm_content=banner_612_a\" rel=\"nofollow noopener\" target=\"_blank\"><img decoding=\"async\" src=\"https:\/\/www.europesays.com\/fi\/wp-content\/uploads\/2025\/08\/7ef604e47d46ca174b7df4149bd3557dbde56a86d520f8e1b2125548b0a2e03a.png\" alt=\"TV-ohjelmat t\u00e4n\u00e4\u00e4n, TV-opas\"\/><\/a><\/p>\n","protected":false},"excerpt":{"rendered":"Suursuosioon nousseen sarjan p\u00e4\u00e4henkil\u00f6t ovat saaneet vaikutteita NHL-t\u00e4hdist\u00e4. J\u00e4\u00e4kiekkokausi k\u00e4y kuumana ymp\u00e4ri maailmaa, mutta samaan aikaan suuri yleis\u00f6&hellip;\n","protected":false},"author":2,"featured_media":119037,"comment_status":"","ping_status":"","sticky":false,"template":"","format":"standard","meta":{"footnotes":""},"categories":[133],"tags":[35,1144,1274,137,33,31,30,1143,41,32,1145,206,156,109],"class_list":{"0":"post-119036","1":"post","2":"type-post","3":"status-publish","4":"format-standard","5":"has-post-thumbnail","7":"category-televisiot","8":"tag-24h","9":"tag-ammattilaisjaakiekko","10":"tag-ammattiurheilu","11":"tag-entertainment","12":"tag-fi","13":"tag-finland","14":"tag-finnish","15":"tag-jaakiekko","16":"tag-liikunta-ja-urheilu","17":"tag-suomi","18":"tag-talviurheilu","19":"tag-televisiot","20":"tag-tv","21":"tag-viihde"},"share_on_mastodon":{"url":"https:\/\/pubeurope.com\/@fi\/115736453213765919","error":""},"_links":{"self":[{"href":"https:\/\/www.europesays.com\/fi\/wp-json\/wp\/v2\/posts\/119036","targetHints":{"allow":["GET"]}}],"collection":[{"href":"https:\/\/www.europesays.com\/fi\/wp-json\/wp\/v2\/posts"}],"about":[{"href":"https:\/\/www.europesays.com\/fi\/wp-json\/wp\/v2\/types\/post"}],"author":[{"embeddable":true,"href":"https:\/\/www.europesays.com\/fi\/wp-json\/wp\/v2\/users\/2"}],"replies":[{"embeddable":true,"href":"https:\/\/www.europesays.com\/fi\/wp-json\/wp\/v2\/comments?post=119036"}],"version-history":[{"count":0,"href":"https:\/\/www.europesays.com\/fi\/wp-json\/wp\/v2\/posts\/119036\/revisions"}],"wp:featuredmedia":[{"embeddable":true,"href":"https:\/\/www.europesays.com\/fi\/wp-json\/wp\/v2\/media\/119037"}],"wp:attachment":[{"href":"https:\/\/www.europesays.com\/fi\/wp-json\/wp\/v2\/media?parent=119036"}],"wp:term":[{"taxonomy":"category","embeddable":true,"href":"https:\/\/www.europesays.com\/fi\/wp-json\/wp\/v2\/categories?post=119036"},{"taxonomy":"post_tag","embeddable":true,"href":"https:\/\/www.europesays.com\/fi\/wp-json\/wp\/v2\/tags?post=119036"}],"curies":[{"name":"wp","href":"https:\/\/api.w.org\/{rel}","templated":true}]}}