{"id":119046,"date":"2025-12-17T19:12:15","date_gmt":"2025-12-17T19:12:15","guid":{"rendered":"https:\/\/www.europesays.com\/fi\/119046\/"},"modified":"2025-12-17T19:12:15","modified_gmt":"2025-12-17T19:12:15","slug":"luonto-idanturturikyyhky-lennahti-jalleen-suomeen-paikalliset","status":"publish","type":"post","link":"https:\/\/www.europesays.com\/fi\/119046\/","title":{"rendered":"Luonto | Id\u00e4nturturikyyhky lenn\u00e4hti j\u00e4lleen Suomeen | Paikalliset"},"content":{"rendered":"<p>Lintusyksyyn kuuluvat tyypillisesti it\u00e4iset harvinaisuudet retkeilyn mielenkiintoa lis\u00e4\u00e4m\u00e4\u00e4n. Niinp\u00e4 t\u00e4n\u00e4kin vuonna Suomessa on havaittu muutama sellainen. Tyypillisesti n\u00e4it\u00e4 kaukaa id\u00e4st\u00e4 t\u00e4nne harhautujia edustavat vaikeasti havaittavat pienet hy\u00f6nteissy\u00f6j\u00e4linnut, joista havaintoja on kertynyt taiga-, hippi\u00e4is- ja ruskouunilinnuista, viime mainitusta jopa ensihavainto Keski-Suomeen J\u00e4ms\u00e4st\u00e4.<\/p>\n","protected":false},"excerpt":{"rendered":"Lintusyksyyn kuuluvat tyypillisesti it\u00e4iset harvinaisuudet retkeilyn mielenkiintoa lis\u00e4\u00e4m\u00e4\u00e4n. Niinp\u00e4 t\u00e4n\u00e4kin vuonna Suomessa on havaittu muutama sellainen. Tyypillisesti n\u00e4it\u00e4&hellip;\n","protected":false},"author":2,"featured_media":119047,"comment_status":"","ping_status":"","sticky":false,"template":"","format":"standard","meta":{"footnotes":""},"categories":[117],"tags":[404,33,31,30,2565,72,476,590,10894,118,591,32,119,477,534],"class_list":{"0":"post-119046","1":"post","2":"type-post","3":"status-publish","4":"format-standard","5":"has-post-thumbnail","7":"category-luonto","8":"tag-elaimet","9":"tag-fi","10":"tag-finland","11":"tag-finnish","12":"tag-jamsa","13":"tag-luonto","14":"tag-nature","15":"tag-saarijarven-viitasaaren-seutukunta","16":"tag-saarijarvi","17":"tag-science","18":"tag-selkarankaiset","19":"tag-suomi","20":"tag-tiede","21":"tag-wildlife","22":"tag-ymparisto-ja-luonto"},"share_on_mastodon":{"url":"https:\/\/pubeurope.com\/@fi\/115736500180061504","error":""},"_links":{"self":[{"href":"https:\/\/www.europesays.com\/fi\/wp-json\/wp\/v2\/posts\/119046","targetHints":{"allow":["GET"]}}],"collection":[{"href":"https:\/\/www.europesays.com\/fi\/wp-json\/wp\/v2\/posts"}],"about":[{"href":"https:\/\/www.europesays.com\/fi\/wp-json\/wp\/v2\/types\/post"}],"author":[{"embeddable":true,"href":"https:\/\/www.europesays.com\/fi\/wp-json\/wp\/v2\/users\/2"}],"replies":[{"embeddable":true,"href":"https:\/\/www.europesays.com\/fi\/wp-json\/wp\/v2\/comments?post=119046"}],"version-history":[{"count":0,"href":"https:\/\/www.europesays.com\/fi\/wp-json\/wp\/v2\/posts\/119046\/revisions"}],"wp:featuredmedia":[{"embeddable":true,"href":"https:\/\/www.europesays.com\/fi\/wp-json\/wp\/v2\/media\/119047"}],"wp:attachment":[{"href":"https:\/\/www.europesays.com\/fi\/wp-json\/wp\/v2\/media?parent=119046"}],"wp:term":[{"taxonomy":"category","embeddable":true,"href":"https:\/\/www.europesays.com\/fi\/wp-json\/wp\/v2\/categories?post=119046"},{"taxonomy":"post_tag","embeddable":true,"href":"https:\/\/www.europesays.com\/fi\/wp-json\/wp\/v2\/tags?post=119046"}],"curies":[{"name":"wp","href":"https:\/\/api.w.org\/{rel}","templated":true}]}}