{"id":119056,"date":"2025-12-17T19:31:10","date_gmt":"2025-12-17T19:31:10","guid":{"rendered":"https:\/\/www.europesays.com\/fi\/119056\/"},"modified":"2025-12-17T19:31:10","modified_gmt":"2025-12-17T19:31:10","slug":"val-gardenan-kammokeli-teki-syoksyharjoituksista-painajaista-viime-vuoden-voittaja-marco-odermatt-melkein-paskoin-housuihini-urheilua-lyhyesti","status":"publish","type":"post","link":"https:\/\/www.europesays.com\/fi\/119056\/","title":{"rendered":"Val Gardenan kammokeli teki sy\u00f6ksyharjoituksista painajaista \u2013 viime vuoden voittaja Marco Odermatt: \u201dMelkein paskoin housuihini\u201d | Urheilua lyhyesti"},"content":{"rendered":"<p class=\"aw-1gybjub aw-5vja16 kEtdKx kmuxyA yle__article__paragraph\">Val Gardenan sy\u00f6ksykilpailussa n\u00e4hd\u00e4\u00e4n torstaina maailmancupin laskijoita esilaskijoina, sill\u00e4 varsinaiset esilaskijat kielt\u00e4ytyiv\u00e4t teht\u00e4v\u00e4st\u00e4.<\/p>\n<p><img decoding=\"async\" alt=\"Marco Odermatt laskee Val Gardenan sy\u00f6ksyharjoituksissa.\" src=\"https:\/\/www.europesays.com\/fi\/wp-content\/uploads\/2025\/12\/39-15715046942f4d81429e.jpeg\" class=\"aw-1l9m598 hKVVvP\"\/><\/p>\n<p>Avaa kuvien katselu<\/p>\n<p>Marco Odermatt oli Val Gardenan ainoiden sy\u00f6ksyharjoitusten nopein. Kuva: Roberto Tommasini\/NurPhoto\/Shutterstock\/All Over Press<\/p>\n<p class=\"aw-1gybjub aw-1p7kakr kEtdKx cEmitX yle__article__paragraph\"><strong class=\"aw-ak79eh KyCXm yle__article__strong\">Elian Lehto<\/strong> kilpailee t\u00e4ll\u00e4 viikolla Val Gardenassa Italiassa niin sy\u00f6ksylaskussa kuin supersuurpujottelussa. Lehto, kuten muutkin vauhtilaskijat ovat kuitenkin joutuneet Etel\u00e4-Tirolin vaikeiden s\u00e4\u00e4olojen kouriin. Paikkakunnalla on satanut lunta ja vett\u00e4, eik\u00e4 radalla ole ollut kunnon n\u00e4kyvyytt\u00e4.<\/p>\n<p class=\"aw-1gybjub aw-1p7kakr kEtdKx cEmitX yle__article__paragraph\">Val Gardenan rata vaati ensimm\u00e4iset uhrinsa jo tiistaina, ennen kuin kilpailijat olivat edes p\u00e4\u00e4sseet kisarinteeseen. Kaksi italialaista esilaskijaa loukkaantui kaaduttuaan huonoissa olosuhteissa. <strong class=\"aw-ak79eh KyCXm yle__article__strong\">Emanuel Lamp<\/strong>, 21, sai polvivamman ja <strong class=\"aw-ak79eh KyCXm yle__article__strong\">Pietro Broglio<\/strong>, 20, jouduttiin kuljettamaan helikopterilla sairaalaan selk\u00e4- ja niskakipujen vuoksi.<\/p>\n<p class=\"aw-1gybjub aw-1p7kakr kEtdKx cEmitX yle__article__paragraph\">Yle Urheilun tietojen mukaan kaksi muuta italialaista esilaskijaa kielt\u00e4ytyi t\u00e4m\u00e4n j\u00e4lkeen laskemasta. Se aiheutti kisaj\u00e4rjest\u00e4jille lis\u00e4\u00e4 ongelmia, sill\u00e4 kilpailua ei voi j\u00e4rjest\u00e4\u00e4 ilman esilaskijoita.<\/p>\n<p class=\"aw-1gybjub aw-1p7kakr kEtdKx cEmitX yle__article__paragraph\">Kisaj\u00e4rjest\u00e4j\u00e4t pyysiv\u00e4tkin apua joukkueilta, joilla on enemm\u00e4n laskijoita kuin mit\u00e4 kilpailuun voi osallistua. Ja apua my\u00f6s l\u00f6ytyi. Torstain kilpailun esilaskijoina toimivat nyt Italian <strong class=\"aw-ak79eh KyCXm yle__article__strong\">Max Perathoner<\/strong>, Sveitsin <strong class=\"aw-ak79eh KyCXm yle__article__strong\">Arnaud Boisset<\/strong>, It\u00e4vallan <strong class=\"aw-ak79eh KyCXm yle__article__strong\">Max Franz<\/strong>, Kanadan <strong class=\"aw-ak79eh KyCXm yle__article__strong\">Riley Seger<\/strong> ja Ranskan <strong class=\"aw-ak79eh KyCXm yle__article__strong\">Sam Alphand<\/strong>. Kyseiset laskijat olivat Val Gardenan ensimm\u00e4isten sy\u00f6ksyharjoitusten tuloslistan puoliv\u00e4lin heikommalla puolella.<\/p>\n<p class=\"aw-1gybjub aw-1p7kakr kEtdKx cEmitX yle__article__paragraph\">Esilaskijat eiv\u00e4t ole olleet ainoita, jotka ovat olleet vaikeuksissa Val Gardenan Saslong-rinteess\u00e4. Muun muassa It\u00e4vallan <strong class=\"aw-ak79eh KyCXm yle__article__strong\">Stefan Eichberger<\/strong> kaatui ja h\u00e4nen kautensa p\u00e4\u00e4ttyi pahaan polvivammaan.<\/p>\n<p><img decoding=\"async\" alt=\"Elian Lehto laskee sy\u00f6ksyharjoituksissa Val Gardenassa.\" src=\"https:\/\/www.europesays.com\/fi\/wp-content\/uploads\/2025\/12\/39-15715076942f66d31f33.jpeg\" loading=\"lazy\" class=\"aw-1l9m598 hKVVvP\"\/><\/p>\n<p>Avaa kuvien katselu<\/p>\n<p>Elian Lehto oli tiistain harjoituksissa 19. nopein.  Kuva: Roberto Tommasini\/IPA Sport\/ipa-agency.net\/Shutterstock\/All Over Press<\/p>\n<p class=\"aw-1gybjub aw-1p7kakr kEtdKx cEmitX yle__article__paragraph\">Ensimm\u00e4isiss\u00e4 harjoituksissa parasta vauhtia pit\u00e4nyt <strong class=\"aw-ak79eh KyCXm yle__article__strong\">Marco Odermatt<\/strong> my\u00f6nsi <a class=\"aw-iao6s4 iHOxEa yle__article__link\" href=\"https:\/\/www.blick.ch\/sport\/ski\/odermatt-gestaendnis-nach-extremen-bedingungen-in-groeden-ich-habe-schier-in-die-hosen-geschissen-id21523834.html\" role=\"link\" rel=\"nofollow noopener\" target=\"_blank\">Blick-lehdelle<\/a>, ett\u00e4 h\u00e4nell\u00e4 oli suuria vaikeuksia radan kuuluisissa \u201dkamelihypyiss\u00e4\u201d eli kolmessa per\u00e4tt\u00e4isess\u00e4 hypyss\u00e4.<\/p>\n<p class=\"aw-1gybjub aw-1p7kakr kEtdKx cEmitX yle__article__paragraph\">Viime kaudella Val Gardenan sy\u00f6ksyn voittaneen Odermattin mukaan tuo kohta radassa on koko maailmancupin pel\u00e4tyin osuus.<\/p>\n<p class=\"aw-1gybjub aw-1p7kakr kEtdKx cEmitX yle__article__paragraph\">\u2013 Kamelihypyn j\u00e4lkeen melkein paskoin housuihini, Odermatt my\u00f6nsi tiistain harjoitusten j\u00e4lkeen.<\/p>\n<p class=\"aw-1gybjub aw-1p7kakr kEtdKx cEmitX yle__article__paragraph\">Keskiviikkona harjoitukset jouduttiin perumaan huonon s\u00e4\u00e4n takia, ja my\u00f6s torstain harjoitukset on peruttu. Laskijat joutuvat nyt l\u00e4htem\u00e4\u00e4n torstain kilpailuun l\u00e4hes kylmilt\u00e4\u00e4n. Perjantaina lasketaan supersuurpujottelukisa ja lauantaina ohjelmassa on j\u00e4lleen sy\u00f6ksykilpailu.<\/p>\n<p class=\"aw-1gybjub aw-1p7kakr kEtdKx cEmitX yle__article__paragraph\">L\u00e4hteet: Blick, Blue News, Sport2u<\/p>\n","protected":false},"excerpt":{"rendered":"Val Gardenan sy\u00f6ksykilpailussa n\u00e4hd\u00e4\u00e4n torstaina maailmancupin laskijoita esilaskijoina, sill\u00e4 varsinaiset esilaskijat kielt\u00e4ytyiv\u00e4t teht\u00e4v\u00e4st\u00e4. Avaa kuvien katselu Marco Odermatt&hellip;\n","protected":false},"author":2,"featured_media":119057,"comment_status":"","ping_status":"","sticky":false,"template":"","format":"standard","meta":{"footnotes":""},"categories":[130],"tags":[10129,12457,137,33,31,30,13181,21549,12458,32,20257,160,21548,109],"class_list":{"0":"post-119056","1":"post","2":"type-post","3":"status-publish","4":"format-standard","5":"has-post-thumbnail","7":"category-viihde","8":"tag-alppihiihto","9":"tag-elian-lehto","10":"tag-entertainment","11":"tag-fi","12":"tag-finland","13":"tag-finnish","14":"tag-maailmancupit","15":"tag-marco-odermatt","16":"tag-miesten-alppihiihto","17":"tag-suomi","18":"tag-syoksylasku","19":"tag-urheilu","20":"tag-val-gardena","21":"tag-viihde"},"share_on_mastodon":{"url":"https:\/\/pubeurope.com\/@fi\/115736575123392310","error":""},"_links":{"self":[{"href":"https:\/\/www.europesays.com\/fi\/wp-json\/wp\/v2\/posts\/119056","targetHints":{"allow":["GET"]}}],"collection":[{"href":"https:\/\/www.europesays.com\/fi\/wp-json\/wp\/v2\/posts"}],"about":[{"href":"https:\/\/www.europesays.com\/fi\/wp-json\/wp\/v2\/types\/post"}],"author":[{"embeddable":true,"href":"https:\/\/www.europesays.com\/fi\/wp-json\/wp\/v2\/users\/2"}],"replies":[{"embeddable":true,"href":"https:\/\/www.europesays.com\/fi\/wp-json\/wp\/v2\/comments?post=119056"}],"version-history":[{"count":0,"href":"https:\/\/www.europesays.com\/fi\/wp-json\/wp\/v2\/posts\/119056\/revisions"}],"wp:featuredmedia":[{"embeddable":true,"href":"https:\/\/www.europesays.com\/fi\/wp-json\/wp\/v2\/media\/119057"}],"wp:attachment":[{"href":"https:\/\/www.europesays.com\/fi\/wp-json\/wp\/v2\/media?parent=119056"}],"wp:term":[{"taxonomy":"category","embeddable":true,"href":"https:\/\/www.europesays.com\/fi\/wp-json\/wp\/v2\/categories?post=119056"},{"taxonomy":"post_tag","embeddable":true,"href":"https:\/\/www.europesays.com\/fi\/wp-json\/wp\/v2\/tags?post=119056"}],"curies":[{"name":"wp","href":"https:\/\/api.w.org\/{rel}","templated":true}]}}