{"id":119100,"date":"2025-12-17T20:29:10","date_gmt":"2025-12-17T20:29:10","guid":{"rendered":"https:\/\/www.europesays.com\/fi\/119100\/"},"modified":"2025-12-17T20:29:10","modified_gmt":"2025-12-17T20:29:10","slug":"vakavasti-sairas-lasse-lehtonen-julkaisi-somepaivityksen","status":"publish","type":"post","link":"https:\/\/www.europesays.com\/fi\/119100\/","title":{"rendered":"Vakavasti sairas Lasse Lehtonen julkaisi somep\u00e4ivityksen"},"content":{"rendered":"<p>Kelan p\u00e4\u00e4johtaja siteeraa julkaisuissaan sote-alaan liittyvi\u00e4 uutisia. <\/p>\n<p><img decoding=\"async\" class=\"image image-show image-preview\" src=\"https:\/\/www.europesays.com\/fi\/wp-content\/uploads\/2025\/12\/f7d9b259d44b3ed7fe371452cf1e1c3fee4cdd72c1007f1cd5c28a2d8c58f305.jpg\" alt=\"\"\/><img decoding=\"async\" class=\"image image-show\" src=\"https:\/\/www.europesays.com\/fi\/wp-content\/uploads\/2025\/12\/1766003350_89_f7d9b259d44b3ed7fe371452cf1e1c3fee4cdd72c1007f1cd5c28a2d8c58f305.jpg\" alt=\"\"\/><\/p>\n<p>Lasse Lehtonen sairastui vakavasti ja joutui palaamaan Suomeen ambulanssilennolla.  Markku Lempinen, Brand Photo<\/p>\n<p class=\"paragraph\">Pitk\u00e4ll\u00e4 sairaslomalla oleva, vakavasti sairas Kelan p\u00e4\u00e4johtaja <strong>Lasse Lehtonen<\/strong> on palannut sosiaaliseen mediaan.<\/p>\n<p class=\"paragraph\">Lehtonen on kommentoinut viestipalvelu X:ss\u00e4 muun muassa yleistuen voimaantuloa sek\u00e4 hyvinvointialueiden m\u00e4\u00e4r\u00e4\u00e4.<\/p>\n<p class=\"paragraph\">\u2013 Ensimm\u00e4isess\u00e4 vaiheessa yleistuki korvaa nykyisen ty\u00f6markkinatuen ja perusp\u00e4iv\u00e4rahan toukokuussa 2026. Ty\u00f6markkinatuki ja perusp\u00e4iv\u00e4raha lakkautetaan samalla. My\u00f6hemmin yleistukea on tarkoitus laajentaa niin, ett\u00e4 se korvaisi my\u00f6s muita tukia. Yleistuen seuraavista vaiheista ei ole viel\u00e4 tehty p\u00e4\u00e4t\u00f6ksi\u00e4, Lehtonen <a href=\"https:\/\/x.com\/lasleh\/status\/2001319464432812535\" rel=\"noopener nofollow\">kirjoittaa<\/a> siteeraten Verkkouutisten uutista.<\/p>\n<p class=\"paragraph\">Lehtonen jakaa my\u00f6s Ylen uutista valtiovarainministeri <strong>Riikka Purran<\/strong> (ps) lausunnoista, joiden mukaan hyvinvointialueita on liikaa.<\/p>\n<p class=\"paragraph\">\u2013 Vaikka hyvinvointialueita on liikaa, rahoituslaki on Riikka Purran mukaan suurin ongelma, Lehtonen <a href=\"https:\/\/x.com\/lasleh\/status\/2001320835173306508\" rel=\"noopener nofollow\">kirjoittaa<\/a>.<\/p>\n<p class=\"paragraph\">Lis\u00e4ksi <a href=\"https:\/\/x.com\/lasleh\/status\/2001333568065409528\" rel=\"noopener nofollow\">Lehtonen siteeraa <\/a>Suomen Kuvalehden artikkelia vaihtoehdoista sosiaali- ja terveyspalveluiden j\u00e4rjest\u00e4miselle.<\/p>\n<p>Pitk\u00e4 sairasloma<\/p>\n<p class=\"paragraph\">Kela tiedotti tiistaina, ett\u00e4 p\u00e4\u00e4johtaja Lasse Lehtonen on sairastunut vakavasti. Lehtonen kuljetettiin Brysselist\u00e4 Suomeen ambulanssilennolla lauantaina. Asiasta kertoi Kelan hallituksen puheenjohtaja <strong>Vertti Kiukas<\/strong> \u201domaisten toiveesta ja suostumuksella\u201d. Lehtosen sairausloma jatkuu 31. toukokuuta asti.<\/p>\n<p class=\"paragraph\">Kiukkaan mukaan tiedossa ei ainakaan toistaiseksi ole mit\u00e4\u00e4n sellaista, ett\u00e4 Lehtonen ei palaisi t\u00f6ihin sairauslomansa j\u00e4lkeen kes\u00e4kuussa.<\/p>\n<p class=\"paragraph\">Kiukas on kommentoinut p\u00e4\u00e4johtajan tilannetta my\u00f6s Kelan tiedotteessa.<\/p>\n<p class=\"paragraph\">\u2013 Lasse Lehtonen saa tarvitsemaansa jatkohoitoa, ja toivomme h\u00e4nelle ja h\u00e4nen l\u00e4heisilleen nyt toipumisrauhaa, Kiukas sanoo tiedotteessa.<\/p>\n<p class=\"paragraph\">Lehtosen sijaisena h\u00e4nen sairauslomansa ajan toimii <strong>Kari-Pekka M\u00e4ki-Lohiluoma<\/strong>.<\/p>\n<p class=\"paragraph\">Iltalehti tavoitti keskiviikkoiltana Lehtosen, joka ei halunnut kommentoida tilannettaan.<\/p>\n","protected":false},"excerpt":{"rendered":"Kelan p\u00e4\u00e4johtaja siteeraa julkaisuissaan sote-alaan liittyvi\u00e4 uutisia. Lasse Lehtonen sairastui vakavasti ja joutui palaamaan Suomeen ambulanssilennolla. Markku Lempinen,&hellip;\n","protected":false},"author":2,"featured_media":119101,"comment_status":"","ping_status":"","sticky":false,"template":"","format":"standard","meta":{"footnotes":""},"categories":[5],"tags":[35,22,23,26,27,33,31,30,17,24,25,28,29,15,18,21,637,885,887,32,502,19,20,860,16],"class_list":{"0":"post-119100","1":"post","2":"type-post","3":"status-publish","4":"format-standard","5":"has-post-thumbnail","7":"category-otsikot","8":"tag-24h","9":"tag-breaking-news","10":"tag-breakingnews","11":"tag-featured-news","12":"tag-featurednews","13":"tag-fi","14":"tag-finland","15":"tag-finnish","16":"tag-headlines","17":"tag-latest-news","18":"tag-latestnews","19":"tag-main-news","20":"tag-mainnews","21":"tag-news","22":"tag-otsikot","23":"tag-paauutiset","24":"tag-politiikka","25":"tag-suomen-poliittiset-puolueet","26":"tag-suomen-politiikka","27":"tag-suomi","28":"tag-terveydenhoito","29":"tag-top-stories","30":"tag-topstories","31":"tag-tyoelama","32":"tag-uutiset"},"share_on_mastodon":{"url":"https:\/\/pubeurope.com\/@fi\/115736803270755651","error":""},"_links":{"self":[{"href":"https:\/\/www.europesays.com\/fi\/wp-json\/wp\/v2\/posts\/119100","targetHints":{"allow":["GET"]}}],"collection":[{"href":"https:\/\/www.europesays.com\/fi\/wp-json\/wp\/v2\/posts"}],"about":[{"href":"https:\/\/www.europesays.com\/fi\/wp-json\/wp\/v2\/types\/post"}],"author":[{"embeddable":true,"href":"https:\/\/www.europesays.com\/fi\/wp-json\/wp\/v2\/users\/2"}],"replies":[{"embeddable":true,"href":"https:\/\/www.europesays.com\/fi\/wp-json\/wp\/v2\/comments?post=119100"}],"version-history":[{"count":0,"href":"https:\/\/www.europesays.com\/fi\/wp-json\/wp\/v2\/posts\/119100\/revisions"}],"wp:featuredmedia":[{"embeddable":true,"href":"https:\/\/www.europesays.com\/fi\/wp-json\/wp\/v2\/media\/119101"}],"wp:attachment":[{"href":"https:\/\/www.europesays.com\/fi\/wp-json\/wp\/v2\/media?parent=119100"}],"wp:term":[{"taxonomy":"category","embeddable":true,"href":"https:\/\/www.europesays.com\/fi\/wp-json\/wp\/v2\/categories?post=119100"},{"taxonomy":"post_tag","embeddable":true,"href":"https:\/\/www.europesays.com\/fi\/wp-json\/wp\/v2\/tags?post=119100"}],"curies":[{"name":"wp","href":"https:\/\/api.w.org\/{rel}","templated":true}]}}