{"id":119106,"date":"2025-12-17T20:48:09","date_gmt":"2025-12-17T20:48:09","guid":{"rendered":"https:\/\/www.europesays.com\/fi\/119106\/"},"modified":"2025-12-17T20:48:09","modified_gmt":"2025-12-17T20:48:09","slug":"f1-toimittajan-some-hiljeni-sitten-omaiset-julkaisivat-surullisen-viestin","status":"publish","type":"post","link":"https:\/\/www.europesays.com\/fi\/119106\/","title":{"rendered":"F1-toimittajan some hiljeni \u2013 Sitten omaiset julkaisivat surullisen viestin"},"content":{"rendered":"<p>Omaiset kertoivat Gerald Donaldsonin kuolemasta t\u00e4m\u00e4n sometilill\u00e4.<\/p>\n<p><img decoding=\"async\" class=\"image image-show image-preview\" src=\"https:\/\/www.europesays.com\/fi\/wp-content\/uploads\/2025\/12\/8c0045ed2adec2c4be92f4873d4d0a1c38fae9c51307dcdf99c316c16eca31d6.jpg\" alt=\"\"\/><img decoding=\"async\" class=\"image image-show\" src=\"https:\/\/www.europesays.com\/fi\/wp-content\/uploads\/2025\/12\/1766004489_860_8c0045ed2adec2c4be92f4873d4d0a1c38fae9c51307dcdf99c316c16eca31d6.jpg\" alt=\"\"\/><\/p>\n<p>Gerald Donaldson on kuollut. AOP<\/p>\n<p class=\"paragraph\">Formulatoimittaja <strong>Gerald Donaldson<\/strong> on kuollut.<\/p>\n<p class=\"paragraph\">Arvostetun pitk\u00e4n linjan toimittajan kuolemasta kerrottiin miehen X-tilill\u00e4.<\/p>\n<p class=\"paragraph\">\u2013 Suureksi suruksemme kerromme Gerald Donaldsonin menehtyneen 14. joulukuuta perheens\u00e4 ymp\u00e4r\u00f6im\u00e4n\u00e4, viestiss\u00e4 lukee.<\/p>\n<p class=\"paragraph\">Donaldson oli kuollessaan 87-vuotias.<\/p>\n<p class=\"paragraph\">Kanadalainen Donaldson teki pitk\u00e4n ja merkitt\u00e4v\u00e4n uran F1-maailmasta raportoivana toimittajana eri sanomalehdiss\u00e4 ja televisiossa. Lis\u00e4ksi h\u00e4n kirjoitti useita F1-aiheisia tietokirjoja sek\u00e4 el\u00e4m\u00e4kerrat esimerkiksi <strong>Gilles Villeneuvesta<\/strong> ja <strong>Juan Manuel Fangiosta<\/strong>. H\u00e4net valittiin Kanadan moottoriurheilun kunniagalleriaan vuonna 2018.<\/p>\n<p class=\"paragraph\">Donaldson on my\u00f6s kirjoittanut tekstit yht\u00e4 lukuun ottamatta kaikista F1-mestareista Formula ykk\u00f6sten verkkosivujen \u201dHall of Fame\u201d -sivulle. Listalta puuttuu <strong>Lando Norris<\/strong>, joka voitti mestaruuden viikko ennen Donaldsonin kuolemaa.<\/p>\n<p class=\"paragraph\">Lukuisat F1-mediavaikuttajat ovat esitt\u00e4neet surunvalittelunsa Donaldsonin kuoleman johdosta.<\/p>\n<p class=\"paragraph\">\u2013 T\u00e4m\u00e4 on todella surullinen uutinen. Gerry oli upea mies, joka oli niin hyv\u00e4 minulle koko urani ajan. Lis\u00e4ksi h\u00e4n oli uskomattoman hyv\u00e4 kirjailija, joka pystyi siirt\u00e4m\u00e4<\/p>\n","protected":false},"excerpt":{"rendered":"Omaiset kertoivat Gerald Donaldsonin kuolemasta t\u00e4m\u00e4n sometilill\u00e4. Gerald Donaldson on kuollut. AOP Formulatoimittaja Gerald Donaldson on kuollut. Arvostetun&hellip;\n","protected":false},"author":2,"featured_media":119107,"comment_status":"","ping_status":"","sticky":false,"template":"","format":"standard","meta":{"footnotes":""},"categories":[158],"tags":[35,2810,33,31,30,41,1616,83,2811,159,32,160],"class_list":{"0":"post-119106","1":"post","2":"type-post","3":"status-publish","4":"format-standard","5":"has-post-thumbnail","7":"category-urheilu","8":"tag-24h","9":"tag-autourheilu-ja-urheiluautot","10":"tag-fi","11":"tag-finland","12":"tag-finnish","13":"tag-liikunta-ja-urheilu","14":"tag-media-viestinta","15":"tag-moottoriurheilu","16":"tag-rata-autoilu","17":"tag-sports","18":"tag-suomi","19":"tag-urheilu"},"share_on_mastodon":{"url":"https:\/\/pubeurope.com\/@fi\/115736878152001087","error":""},"_links":{"self":[{"href":"https:\/\/www.europesays.com\/fi\/wp-json\/wp\/v2\/posts\/119106","targetHints":{"allow":["GET"]}}],"collection":[{"href":"https:\/\/www.europesays.com\/fi\/wp-json\/wp\/v2\/posts"}],"about":[{"href":"https:\/\/www.europesays.com\/fi\/wp-json\/wp\/v2\/types\/post"}],"author":[{"embeddable":true,"href":"https:\/\/www.europesays.com\/fi\/wp-json\/wp\/v2\/users\/2"}],"replies":[{"embeddable":true,"href":"https:\/\/www.europesays.com\/fi\/wp-json\/wp\/v2\/comments?post=119106"}],"version-history":[{"count":0,"href":"https:\/\/www.europesays.com\/fi\/wp-json\/wp\/v2\/posts\/119106\/revisions"}],"wp:featuredmedia":[{"embeddable":true,"href":"https:\/\/www.europesays.com\/fi\/wp-json\/wp\/v2\/media\/119107"}],"wp:attachment":[{"href":"https:\/\/www.europesays.com\/fi\/wp-json\/wp\/v2\/media?parent=119106"}],"wp:term":[{"taxonomy":"category","embeddable":true,"href":"https:\/\/www.europesays.com\/fi\/wp-json\/wp\/v2\/categories?post=119106"},{"taxonomy":"post_tag","embeddable":true,"href":"https:\/\/www.europesays.com\/fi\/wp-json\/wp\/v2\/tags?post=119106"}],"curies":[{"name":"wp","href":"https:\/\/api.w.org\/{rel}","templated":true}]}}