{"id":119114,"date":"2025-12-17T20:54:07","date_gmt":"2025-12-17T20:54:07","guid":{"rendered":"https:\/\/www.europesays.com\/fi\/119114\/"},"modified":"2025-12-17T20:54:07","modified_gmt":"2025-12-17T20:54:07","slug":"il-toistakin-suomalaisyritysta-uhattiin-ilta-sanomat","status":"publish","type":"post","link":"https:\/\/www.europesays.com\/fi\/119114\/","title":{"rendered":"IL: Toistakin suomalaisyrityst\u00e4 uhattiin &#8211; Ilta-Sanomat"},"content":{"rendered":"<ol>\n<li><a href=\"https:\/\/news.google.com\/rss\/articles\/CBMiXEFVX3lxTE9iTWtJZnJhVHc1c0kxMXdqRmdYSHdmQUVFUkFZMFBNQUtuVGVIcWRGa0J3MUVzQkVjdHZTYV9ZdGc4OS00Vi1lQVdDUTE3d2tUdDhrMTRLQ1llYU9Z?oc=5\" target=\"_blank\" rel=\"nofollow noopener\">IL: Toistakin suomalaisyrityst\u00e4 uhattiin<\/a>&nbsp;&nbsp;Ilta-Sanomat<\/li>\n<li><a href=\"https:\/\/news.google.com\/rss\/articles\/CBMie0FVX3lxTFBhSVlLM3hXYzVIYTNPNTZwVDdvZ25PMi1Sajhfb05oRmpHQVp0SUJDRTA3Y0hNbThqOUZSR0hfak9EU3JSSTVUUnpHSkcwVHE3ZUY5ZDVDM3daeTJ4eVdHVlZXWWVnajlTQUtJdHZfVjdVRmNlU0s1ZnJhNA?oc=5\" target=\"_blank\" rel=\"nofollow noopener\">Toinenkin suomalainen suuryritys sai uhkauksen \u2013 Poliisi pyydetty apuun<\/a>&nbsp;&nbsp;Iltalehti<\/li>\n<li><a href=\"https:\/\/news.google.com\/rss\/articles\/CBMiiAFBVV95cUxOVzZQSjdONzBOcFlkMFhYVHBsQUlrbnREeXRzb2syZDllVmlEWk41Y3hUR0xWMDRRQ1JGS2xIOGdfQ0E1SklxRi15Q0VZZ1g2OWd2YzAzZ3ZXTHFPXzdtalJBbklmMTRYdVZnZkxPYU1VdG1jY2x3XzlwaVNrNE93bk5MNW1SUWll?oc=5\" target=\"_blank\" rel=\"nofollow noopener\">Oululaistoimiston ty\u00f6ntekij\u00e4t m\u00e4\u00e4r\u00e4ttiin et\u00e4t\u00f6ihin \u2013 Suomessa toimivaan suuryritykseen kohdistui mahdollinen turvallisuusuhka<\/a>&nbsp;&nbsp;Kaleva<\/li>\n<li><a href=\"https:\/\/news.google.com\/rss\/articles\/CBMie0FVX3lxTE1sc21vMnJ0TW1IazNzMml2Um1NQ0d5S1k5cmFwd1NGQlE1cDA1XzM2TEZKTWZYdjNhMWRHN0xjY19vYnZsd1RSRDBMUVhPeUd2ZVZZaVN0RXVXQzFLYjViNWtVZFhzOHFndm8zNFJsS0RUMUc5WDVBLXNoWQ?oc=5\" target=\"_blank\" rel=\"nofollow noopener\">Vakava uhkaus suomalaiselle suuryritykselle \u2013 Toimistot suljettiin<\/a>&nbsp;&nbsp;Iltalehti<\/li>\n<\/ol>\n","protected":false},"excerpt":{"rendered":"IL: Toistakin suomalaisyrityst\u00e4 uhattiin&nbsp;&nbsp;Ilta-Sanomat Toinenkin suomalainen suuryritys sai uhkauksen \u2013 Poliisi pyydetty apuun&nbsp;&nbsp;Iltalehti Oululaistoimiston ty\u00f6ntekij\u00e4t m\u00e4\u00e4r\u00e4ttiin et\u00e4t\u00f6ihin \u2013&hellip;\n","protected":false},"author":2,"featured_media":119115,"comment_status":"","ping_status":"","sticky":false,"template":"","format":"standard","meta":{"footnotes":""},"categories":[12],"tags":[22,23,26,27,33,31,30,17,34,24,25,28,29,15,18,21,32,19,20,16],"class_list":{"0":"post-119114","1":"post","2":"type-post","3":"status-publish","4":"format-standard","5":"has-post-thumbnail","7":"category-suomi","8":"tag-breaking-news","9":"tag-breakingnews","10":"tag-featured-news","11":"tag-featurednews","12":"tag-fi","13":"tag-finland","14":"tag-finnish","15":"tag-headlines","16":"tag-ilta-sanomat","17":"tag-latest-news","18":"tag-latestnews","19":"tag-main-news","20":"tag-mainnews","21":"tag-news","22":"tag-otsikot","23":"tag-paauutiset","24":"tag-suomi","25":"tag-top-stories","26":"tag-topstories","27":"tag-uutiset"},"share_on_mastodon":{"url":"https:\/\/pubeurope.com\/@fi\/115736901320020937","error":""},"_links":{"self":[{"href":"https:\/\/www.europesays.com\/fi\/wp-json\/wp\/v2\/posts\/119114","targetHints":{"allow":["GET"]}}],"collection":[{"href":"https:\/\/www.europesays.com\/fi\/wp-json\/wp\/v2\/posts"}],"about":[{"href":"https:\/\/www.europesays.com\/fi\/wp-json\/wp\/v2\/types\/post"}],"author":[{"embeddable":true,"href":"https:\/\/www.europesays.com\/fi\/wp-json\/wp\/v2\/users\/2"}],"replies":[{"embeddable":true,"href":"https:\/\/www.europesays.com\/fi\/wp-json\/wp\/v2\/comments?post=119114"}],"version-history":[{"count":0,"href":"https:\/\/www.europesays.com\/fi\/wp-json\/wp\/v2\/posts\/119114\/revisions"}],"wp:featuredmedia":[{"embeddable":true,"href":"https:\/\/www.europesays.com\/fi\/wp-json\/wp\/v2\/media\/119115"}],"wp:attachment":[{"href":"https:\/\/www.europesays.com\/fi\/wp-json\/wp\/v2\/media?parent=119114"}],"wp:term":[{"taxonomy":"category","embeddable":true,"href":"https:\/\/www.europesays.com\/fi\/wp-json\/wp\/v2\/categories?post=119114"},{"taxonomy":"post_tag","embeddable":true,"href":"https:\/\/www.europesays.com\/fi\/wp-json\/wp\/v2\/tags?post=119114"}],"curies":[{"name":"wp","href":"https:\/\/api.w.org\/{rel}","templated":true}]}}