{"id":119126,"date":"2025-12-17T21:19:10","date_gmt":"2025-12-17T21:19:10","guid":{"rendered":"https:\/\/www.europesays.com\/fi\/119126\/"},"modified":"2025-12-17T21:19:10","modified_gmt":"2025-12-17T21:19:10","slug":"nain-trumpin-vavy-nousi-tarkeaan-rooliin","status":"publish","type":"post","link":"https:\/\/www.europesays.com\/fi\/119126\/","title":{"rendered":"N\u00e4in Trumpin v\u00e4vy nousi t\u00e4rke\u00e4\u00e4n rooliin"},"content":{"rendered":"<p>Jared Kushner r\u00e4\u00e4t\u00e4l\u00f6i ensin rauhaa Gazaan ja h\u00e4\u00e4r\u00e4\u00e4 nyt Ukrainan ja Ven\u00e4j\u00e4n v\u00e4lill\u00e4 \u2013 ilman virallista asemaa Trumpin hallinnossa.<\/p>\n<p class=\"article-body mb-nof-24 px-nof-16\">Presidentti <a class=\"article-personlink\" href=\"https:\/\/www.is.fi\/haku\/?query=Donald%20Trumpin\" rel=\"nofollow noopener\" target=\"_blank\">Donald Trumpin<\/a> v\u00e4vy <a class=\"article-personlink\" href=\"https:\/\/www.is.fi\/haku\/?query=Jared%20Kushner\" rel=\"nofollow noopener\" target=\"_blank\">Jared Kushner<\/a>, 44, on noussut merkitt\u00e4v\u00e4\u00e4n rooliin Yhdysvaltain viime aikaisissa rauhanneuvotteluissa. Kushner on p\u00e4\u00e4hahmoja Gazan ja Ukrainan sodan lopettamisessa.<\/p>\n<p class=\"article-body mb-nof-24 px-nof-16\">\u2013 Uskallan v\u00e4itt\u00e4\u00e4, ett\u00e4 Jaredilla on ollut aika iso merkitys siin\u00e4, ett\u00e4 ollaan saatu asioita viety\u00e4 eteenp\u00e4in, totesi tasavallan presidentti <a class=\"article-personlink\" href=\"https:\/\/www.is.fi\/haku\/?query=Alexander%20Stubb\" rel=\"nofollow noopener\" target=\"_blank\">Alexander Stubb<\/a> lehdist\u00f6tilaisuudessa Berliiniss\u00e4 toissa viikolla.<\/p>\n<p class=\"article-body mb-nof-24 px-nof-16\">Kushner on matkustanut Valkoisen talon erityisl\u00e4hettil\u00e4\u00e4n <a class=\"article-personlink\" href=\"https:\/\/www.is.fi\/haku\/?query=Steve%20Witkoffin\" rel=\"nofollow noopener\" target=\"_blank\">Steve Witkoffin<\/a> kanssa muun muassa Moskovaan neuvottelemaan presidentti <a class=\"article-personlink\" href=\"https:\/\/www.is.fi\/haku\/?query=Vladimir%20Putinin\" rel=\"nofollow noopener\" target=\"_blank\">Vladimir Putinin<\/a> kanssa. Mutta toisin kuin Witkoffilla, ei Kushnerilla on mit\u00e4\u00e4n virallista asemaa Trumpin hallinnossa.<\/p>\n<p class=\"article-body mb-nof-24 px-nof-16\">Kushner on perheens\u00e4 kiinteist\u00f6bisneksien osaomistaja. H\u00e4n toimi vaimonsa <a class=\"article-personlink\" href=\"https:\/\/www.is.fi\/haku\/?query=Ivanka%20Trumpin\" rel=\"nofollow noopener\" target=\"_blank\">Ivanka Trumpin <\/a>kanssa Valkoisen talon neuvonantajana Trumpin ensimm\u00e4isell\u00e4 presidenttikaudella.<\/p>\n<p class=\"article-body mb-nof-24 px-nof-16\">Kushnerin \u00e4killinen nousu Trumpin toisen kauden keskeiseksi ulkopolitiikan vaikuttajaksi on nostattanut kysymyksi\u00e4 h\u00e4nen kansainv\u00e4lisist\u00e4 bisnesintresseist\u00e4\u00e4n. My\u00f6s Witkoff on taustaltaan liikemies, kiinteist\u00f6pohatta, joka on Trumpin golfkaveri.<\/p>\n<p class=\"article-body mb-nof-24 px-nof-16\">\u2013 Asetin Jaredin teht\u00e4v\u00e4\u00e4n, koska h\u00e4n on hyvin fiksu kaveri ja h\u00e4n tuntee alueen, ihmiset sek\u00e4 keskeiset hahmot, perusteli Trump Kushnerin asemaa syksyll\u00e4 Gazan rauhanneuvotteluissa.<\/p>\n<p class=\"article-body mb-nof-24 px-nof-16\">Valkoisen talon tiedottaja <a class=\"article-personlink\" href=\"https:\/\/www.is.fi\/haku\/?query=Anna%20Kelly\" rel=\"nofollow noopener\" target=\"_blank\">Anna Kelly<\/a> totesi <a class=\"article-genericlink\" href=\"https:\/\/www.washingtonpost.com\/national-security\/2025\/12\/09\/jared-kushner-witkoff-trump-ukraine-gaza-peace\/\" rel=\"nofollow noopener\" target=\"_blank\">Washington Postille<\/a>, ett\u00e4 Trump ja Witkoff usein pyyt\u00e4v\u00e4t Kushnerin mukaan \u201dottaen huomioon h\u00e4nen kokemuksensa monimutkaisista neuvotteluista\u201d.<\/p>\n<p class=\"article-body mb-nof-24 px-nof-16\">Kushnerin ainutlaatuiset diplomaattiset ja liikesuhteet L\u00e4hi-id\u00e4n hallituksiin ovat nostattaneet kysymyksi\u00e4 mahdollisista eturistiriidoista.<\/p>\n<p class=\"article-body mb-nof-24 px-nof-16\">Trumpin ensimm\u00e4isen kauden j\u00e4lkeen Kushner perusti investointiyrityksen, jonka rahoitus on paljolti ker\u00e4tty niist\u00e4 L\u00e4hi-id\u00e4n maista, joiden kanssa h\u00e4n oli tekemisiss\u00e4 Trumpin neuvonantajana. Forbesin mukaan investointirahat ovat tehneet Kushnerista miljard\u00f6\u00f6rin.<\/p>\n<p class=\"article-body mb-nof-24 px-nof-16\">\u2013 Se, mit\u00e4 ihmiset kutsuvat eturistiriidoiksi, sanomme Steve ja min\u00e4 kokemukseksi ja luottamuksellisiksi suhteiksi, joita meill\u00e4 on kaikkialla maailmassa. Jos Stevell\u00e4 ja minulla ei olisi n\u00e4it\u00e4 syvi\u00e4 suhteita, [Gazan] sopimusta, jonka saamisessa pystyimme auttamaan&#8230; ei olisi syntynyt, vastasi Kushner kysymykseen bisneskuvioistaan L\u00e4hi-id\u00e4n alueella CBS:n 60 Minutes -ohjelmassa.<\/p>\n<p class=\"article-body mb-nof-24 px-nof-16\">Mutta Kushnerin suhdehy\u00f6dyt Gazan osalta puuttuvat Ukrainan ja Ven\u00e4j\u00e4n rauhanneuvotteluissa.<\/p>\n<p class=\"article-body mb-nof-24 px-nof-16\">Kushner tapasi ensimm\u00e4isen kerran presidentti <a class=\"article-personlink\" href=\"https:\/\/www.is.fi\/haku\/?query=Volodymyr%20Zelenskyin\" rel=\"nofollow noopener\" target=\"_blank\">Volodymyr Zelenskyin<\/a> kes\u00e4kuussa 2019, hieman sen j\u00e4lkeen kun Zelenskyi oli valittu presidentiksi.<\/p>\n<p class=\"article-body mb-nof-24 px-nof-16\">\u2013 Koko illallinen oli organisoitu, jotta Kushner ja Zelenskyi kohtaisivat. Mutta se ei toiminut, kertoo Washington Postin l\u00e4hde illallistapaamisesta Brysseliss\u00e4 kuusi vuotta sitten.<\/p>\n<p class=\"article-body mb-nof-24 px-nof-16\">Nykyisist\u00e4 rauhanneuvotteluista eurooppalaiset ja ukrainalaiset kuitenkin sanovat, ett\u00e4 Kushnerin osallistuminen on ollut tervetullutta, vaikka h\u00e4nell\u00e4 ei olekaan kokemusta aiheesta.<\/p>\n<p class=\"article-body mb-nof-24 px-nof-16\">\u2013 Mielest\u00e4ni Kushnerin l\u00e4sn\u00e4olo oli eritt\u00e4in arvokasta, olipa se kuinka ep\u00e4tavanomaista tahansa&#8230; Ja niin kauan kuin se on oikeutettua, on mielest\u00e4ni ep\u00e4tavanomaisten keinojen ja muotojen soveltaminen v\u00e4ltt\u00e4m\u00e4t\u00f6nt\u00e4, totesi Ukrainan varaulkoministeri <a class=\"article-personlink\" href=\"https:\/\/www.is.fi\/haku\/?query=Serhi%20Kyslytsja\" rel=\"nofollow noopener\" target=\"_blank\">Serhi Kyslytsja<\/a> Kushnerin osallistuttua Genevess\u00e4 rauhanneuvotteluihin marraskuussa.<\/p>\n<p class=\"article-body mb-nof-24 px-nof-16\">Er\u00e4s korkea-arvoinen eurooppalainen diplomaatti kertoi, ett\u00e4 toisin kuin Witkoff, Kushner teki muistiinpanoja Geneven tapaamisessa ukrainalaisten virkamiesten kanssa, mik\u00e4 antoi lis\u00e4\u00e4 luottamusta siihen, ett\u00e4 tehdyt sopimukset muistetaan ja j\u00e4ljell\u00e4 olevia kysymyksi\u00e4 seurataan, kirjoittaa Washington Post.<\/p>\n<p class=\"article-body mb-nof-24 px-nof-16\">Tavattuaan Putinin Geneven j\u00e4lkeen Moskovassa, kerrottiin Kushnerin raportoineen keskusteluista muille Euroopan johtajille, mukaan lukien Stubbille.<\/p>\n<p class=\"article-body mb-nof-24 px-nof-16\">Trumpin hallinnon katsotaan olevan erimielisi\u00e4 Ukrainan suhteen. Ulkoministeri<a class=\"article-personlink\" href=\"https:\/\/www.is.fi\/haku\/?query=%20Marco%20Rubiota\" rel=\"nofollow noopener\" target=\"_blank\"> Marco Rubiota<\/a> pidet\u00e4\u00e4n Kiovan tukijana kun taas Witkoffin uskotaan sympatisoidan Putinia, jonka on t\u00e4n\u00e4 vuonna tavannut ainakin viisi kertaa. Siksi Kushner n\u00e4hd\u00e4\u00e4n tasapainottavana voimana.<\/p>\n<p class=\"article-body mb-nof-24 px-nof-16\">\u2013 Se, ett\u00e4 Trump lis\u00e4si Kushnerin neuvottelutiimiins\u00e4, on hyv\u00e4 merkki. H\u00e4n ei vaikuta olevan Putinin lumoissa, kommentoi Ukrainan parlamentin ulkoasiainvaliokunnan puheenjohtaja<a class=\"article-personlink\" href=\"https:\/\/www.is.fi\/haku\/?query=%20Oleksandr%20Merezhko\" rel=\"nofollow noopener\" target=\"_blank\"> Oleksandr Merezhko <\/a><a class=\"article-genericlink\" href=\"https:\/\/kyivindependent.com\/ukraine-is-cautiously-optimistic-as-trumps-son-in-law-enters-peace-talks\/\" rel=\"nofollow noopener\" target=\"_blank\">Kyiv Independtille<\/a> joulukuun alussa.<\/p>\n<p class=\"article-body mb-nof-24 px-nof-16\">My\u00f6s Kremliss\u00e4 odotetaan Kushnerin olevan keskeisess\u00e4 roolissa, jos rauhansuunnitelma Ukrainaan saadaan laadittua.<\/p>\n<p class=\"article-body mb-nof-24 px-nof-16\">\u2013 Henkil\u00f6kohtaisesti uskon, ett\u00e4 jos sovintoon johtava suunnitelma laaditaan paperille, herra Kushner on pitk\u00e4lti se, joka \u201dpitelee kyn\u00e4\u00e4\u201d, totesi Kremlin neuvonantaja <a class=\"article-personlink\" href=\"https:\/\/www.is.fi\/haku\/?query=Juri%20Ushakov\" rel=\"nofollow noopener\" target=\"_blank\">Juri Ushakov<\/a> 5. joulukuuta.<\/p>\n","protected":false},"excerpt":{"rendered":"Jared Kushner r\u00e4\u00e4t\u00e4l\u00f6i ensin rauhaa Gazaan ja h\u00e4\u00e4r\u00e4\u00e4 nyt Ukrainan ja Ven\u00e4j\u00e4n v\u00e4lill\u00e4 \u2013 ilman virallista asemaa Trumpin&hellip;\n","protected":false},"author":2,"featured_media":119127,"comment_status":"","ping_status":"","sticky":false,"template":"","format":"standard","meta":{"footnotes":""},"categories":[14],"tags":[22,23,26,27,33,31,30,17,34,24,25,28,29,15,18,21,32,19,20,56,16,59,60,61],"class_list":{"0":"post-119126","1":"post","2":"type-post","3":"status-publish","4":"format-standard","5":"has-post-thumbnail","7":"category-ulkomaat","8":"tag-breaking-news","9":"tag-breakingnews","10":"tag-featured-news","11":"tag-featurednews","12":"tag-fi","13":"tag-finland","14":"tag-finnish","15":"tag-headlines","16":"tag-ilta-sanomat","17":"tag-latest-news","18":"tag-latestnews","19":"tag-main-news","20":"tag-mainnews","21":"tag-news","22":"tag-otsikot","23":"tag-paauutiset","24":"tag-suomi","25":"tag-top-stories","26":"tag-topstories","27":"tag-ulkomaat","28":"tag-uutiset","29":"tag-world","30":"tag-world-news","31":"tag-worldnews"},"share_on_mastodon":{"url":"https:\/\/pubeurope.com\/@fi\/115736999506028775","error":""},"_links":{"self":[{"href":"https:\/\/www.europesays.com\/fi\/wp-json\/wp\/v2\/posts\/119126","targetHints":{"allow":["GET"]}}],"collection":[{"href":"https:\/\/www.europesays.com\/fi\/wp-json\/wp\/v2\/posts"}],"about":[{"href":"https:\/\/www.europesays.com\/fi\/wp-json\/wp\/v2\/types\/post"}],"author":[{"embeddable":true,"href":"https:\/\/www.europesays.com\/fi\/wp-json\/wp\/v2\/users\/2"}],"replies":[{"embeddable":true,"href":"https:\/\/www.europesays.com\/fi\/wp-json\/wp\/v2\/comments?post=119126"}],"version-history":[{"count":0,"href":"https:\/\/www.europesays.com\/fi\/wp-json\/wp\/v2\/posts\/119126\/revisions"}],"wp:featuredmedia":[{"embeddable":true,"href":"https:\/\/www.europesays.com\/fi\/wp-json\/wp\/v2\/media\/119127"}],"wp:attachment":[{"href":"https:\/\/www.europesays.com\/fi\/wp-json\/wp\/v2\/media?parent=119126"}],"wp:term":[{"taxonomy":"category","embeddable":true,"href":"https:\/\/www.europesays.com\/fi\/wp-json\/wp\/v2\/categories?post=119126"},{"taxonomy":"post_tag","embeddable":true,"href":"https:\/\/www.europesays.com\/fi\/wp-json\/wp\/v2\/tags?post=119126"}],"curies":[{"name":"wp","href":"https:\/\/api.w.org\/{rel}","templated":true}]}}