{"id":119135,"date":"2025-12-17T21:40:08","date_gmt":"2025-12-17T21:40:08","guid":{"rendered":"https:\/\/www.europesays.com\/fi\/119135\/"},"modified":"2025-12-17T21:40:08","modified_gmt":"2025-12-17T21:40:08","slug":"olympialaispaikan-lahella-tehtiin-yllattava-loyto","status":"publish","type":"post","link":"https:\/\/www.europesays.com\/fi\/119135\/","title":{"rendered":"Olympialaispaikan l\u00e4hell\u00e4 tehtiin yll\u00e4tt\u00e4v\u00e4 l\u00f6yt\u00f6"},"content":{"rendered":"<p>Olympialaispaikan l\u00e4hell\u00e4 laidunsi dinosauruksia yli 200 miljoonaa vuotta sitten.<\/p>\n<p class=\"article-body mb-nof-24 px-nof-16\">Helmikuussa alkavien Italian Milano-Cortinan 2026 talviolympialaisten sijaintipaikan l\u00e4helt\u00e4 on l\u00f6ydetty tuhansia dinosaurusten jalanj\u00e4lki\u00e4, kertovat italialaiset paleontologit.<\/p>\n<p class=\"article-body mb-nof-24 px-nof-16\">Stelvion kansallispuistossa, liki pystysuorassa kalliorinteess\u00e4 yli 2\u202f000 metrin korkeudella meren pinnasta tehty l\u00f6yt\u00f6 on yksi maailman merkitt\u00e4vimmist\u00e4 todisteista triaskaudelta eli geologiselta ajanjaksolta noin 252\u2013201 miljoonaa vuotta sitten.<\/p>\n<p class=\"article-body mb-nof-24 px-nof-16\">J\u00e4ljet, joista osa on jopa 40 sentti\u00e4 leveit\u00e4 ja joissa n\u00e4kyy kynnenj\u00e4lki\u00e4, ulottuvat noin 5 kilometrin korkealla sijaitsevaan Valle di Fraelen j\u00e4\u00e4tikk\u00f6vuoristoon l\u00e4hell\u00e4 Bormiota, joka on yksi vuoden 2026 talviolympialaisten tapahtumapaikoista Lombardian pohjoisosassa.<\/p>\n<p class=\"article-body mb-nof-24 px-nof-16\">\u2013 T\u00e4m\u00e4 on yksi Italian suurimmista ja vanhimmista jalanj\u00e4lkikohteista ja yksi upeimmista, mit\u00e4 olen n\u00e4hnyt 35 vuoteen, totesi Milanon luonnonhistoriallisen museon paleontologi <a class=\"article-personlink\" href=\"https:\/\/www.is.fi\/haku\/?query=Cristiano%20Dal%20Sasso\" rel=\"nofollow noopener\" target=\"_blank\">Cristiano Dal Sasso<\/a> tiistaina Reutersin mukaan.<\/p>\n<p class=\"article-body mb-nof-24 px-nof-16\">Asiantuntijoiden mukaan kyseess\u00e4 on todenn\u00e4k\u00f6isesti plateosaurusten laumojen yli 200 miljoonaa vuotta sitten j\u00e4tt\u00e4m\u00e4t j\u00e4ljet. Tuolloin alue oli l\u00e4mmin laguuni ja ihanteellinen dinosauruksille vaeltaa rannoilla ja j\u00e4tt\u00e4\u00e4 j\u00e4lki\u00e4 veden l\u00e4hell\u00e4 olevaan mutaan. Plateosaurus oli pitk\u00e4kaulainen, 5\u201310 metrin korkuinen kasvinsy\u00f6j\u00e4dinosaurus.<\/p>\n<p class=\"article-body mb-nof-24 px-nof-16\">\u2013 Jalanj\u00e4ljet on painuneet maahan kun sedimentti oli viel\u00e4 pehme\u00e4\u00e4. Muta muuttui kallioksi ja mahdollisti merkitt\u00e4vien anatomisten yksityiskohtien, kuten varpaiden ja jopa kynsien j\u00e4lkien s\u00e4ilymisen, lis\u00e4si <a class=\"article-personlink\" href=\"https:\/\/www.is.fi\/haku\/?query=Fabio%20Massimo\" rel=\"nofollow noopener\" target=\"_blank\">Fabio Massimo<\/a> Trenton MUSE-museosta.<\/p>\n<p class=\"article-body mb-nof-24 px-nof-16\">Asiantuntijoiden mukaan fossiiliset dinosaurusten jalanj\u00e4ljet \u200b\u200bsiirtyiv\u00e4t ajan my\u00f6t\u00e4 vaakasuorasta asennosta pystysuoraan vuorenrinteelle, jonka luontokuvaaja havaitsi syyskuussa seuratessaan peuroja ja partakorppikotkia.<\/p>\n<p class=\"article-body mb-nof-24 px-nof-16\">\u2013 Luonnontieteet tuovat Milano-Cortinan 2026 kisoihin odottamattoman ja arvokkaan lahjan kaukaisista aikakausista, kertoi olympialaisten j\u00e4rjestelytoimikunnan puheenjohtaja <a class=\"article-personlink\" href=\"https:\/\/www.is.fi\/haku\/?query=Giovanni%20Malag%C3%B2\" rel=\"nofollow noopener\" target=\"_blank\">Giovanni Malag\u00f2<\/a>.<\/p>\n","protected":false},"excerpt":{"rendered":"Olympialaispaikan l\u00e4hell\u00e4 laidunsi dinosauruksia yli 200 miljoonaa vuotta sitten. Helmikuussa alkavien Italian Milano-Cortinan 2026 talviolympialaisten sijaintipaikan l\u00e4helt\u00e4 on&hellip;\n","protected":false},"author":2,"featured_media":119136,"comment_status":"","ping_status":"","sticky":false,"template":"","format":"standard","meta":{"footnotes":""},"categories":[158],"tags":[33,31,30,34,159,32,160],"class_list":{"0":"post-119135","1":"post","2":"type-post","3":"status-publish","4":"format-standard","5":"has-post-thumbnail","7":"category-urheilu","8":"tag-fi","9":"tag-finland","10":"tag-finnish","11":"tag-ilta-sanomat","12":"tag-sports","13":"tag-suomi","14":"tag-urheilu"},"share_on_mastodon":{"url":"https:\/\/pubeurope.com\/@fi\/115737082441586004","error":""},"_links":{"self":[{"href":"https:\/\/www.europesays.com\/fi\/wp-json\/wp\/v2\/posts\/119135","targetHints":{"allow":["GET"]}}],"collection":[{"href":"https:\/\/www.europesays.com\/fi\/wp-json\/wp\/v2\/posts"}],"about":[{"href":"https:\/\/www.europesays.com\/fi\/wp-json\/wp\/v2\/types\/post"}],"author":[{"embeddable":true,"href":"https:\/\/www.europesays.com\/fi\/wp-json\/wp\/v2\/users\/2"}],"replies":[{"embeddable":true,"href":"https:\/\/www.europesays.com\/fi\/wp-json\/wp\/v2\/comments?post=119135"}],"version-history":[{"count":0,"href":"https:\/\/www.europesays.com\/fi\/wp-json\/wp\/v2\/posts\/119135\/revisions"}],"wp:featuredmedia":[{"embeddable":true,"href":"https:\/\/www.europesays.com\/fi\/wp-json\/wp\/v2\/media\/119136"}],"wp:attachment":[{"href":"https:\/\/www.europesays.com\/fi\/wp-json\/wp\/v2\/media?parent=119135"}],"wp:term":[{"taxonomy":"category","embeddable":true,"href":"https:\/\/www.europesays.com\/fi\/wp-json\/wp\/v2\/categories?post=119135"},{"taxonomy":"post_tag","embeddable":true,"href":"https:\/\/www.europesays.com\/fi\/wp-json\/wp\/v2\/tags?post=119135"}],"curies":[{"name":"wp","href":"https:\/\/api.w.org\/{rel}","templated":true}]}}