{"id":119139,"date":"2025-12-17T21:44:16","date_gmt":"2025-12-17T21:44:16","guid":{"rendered":"https:\/\/www.europesays.com\/fi\/119139\/"},"modified":"2025-12-17T21:44:16","modified_gmt":"2025-12-17T21:44:16","slug":"uudistunut-seat-arona-on-nyt-myynnissa-seat","status":"publish","type":"post","link":"https:\/\/www.europesays.com\/fi\/119139\/","title":{"rendered":"Uudistunut SEAT Arona on nyt myynniss\u00e4 &#8211; SEAT"},"content":{"rendered":"<p>&#13;<br \/>\n                        &#13;<br \/>\n&#13;<\/p>\n<p>                                    <img decoding=\"async\" src=\"https:\/\/www.europesays.com\/fi\/wp-content\/uploads\/2025\/12\/905eee12597ccda8_800x800ar.jpg\"\/><br \/>\n                                &#13;<br \/>\n&#13;<\/p>\n<ul>\n<li><strong>Uudistuneen SEAT Aronan myynti alkoi Suomessa<\/strong><\/li>\n<li><strong>Moottorivalikoimassa taloudelliset TSI-bensiinimoottorit, parannettu vakiovarustelu ja edistyneet turvaominaisuudet ja uusia kuljettajaa avustavia j\u00e4rjestelmi\u00e4<\/strong><\/li>\n<li><strong>SEAT Aronan varustelutasot: Style ja FR<\/strong><\/li>\n<li><strong>Hinta alkaen 25 804,87 euroa (SEAT Arona 1,0 EcoTSI 85 kW\/116 hv, Style)<\/strong><\/li>\n<\/ul>\n<p>&#13;<\/p>\n<p style=\"margin-bottom:11px;margin-top:12px;\">SEAT on uudistanut menestyksekk\u00e4\u00e4n SEAT Arona -mallinsa.\u00a0SEAT Arona esiteltiin vuonna 2017 ja sen j\u00e4lkeen sit\u00e4 on myyty jo yli 750\u00a0000 kappaletta ja se on ottanut asemansa yhten\u00e4 SEAT-malliston tukipilareista.<\/p>\n<p style=\"margin-bottom:11px;\">SEAT Aronan tutut ominaisuudet ovat yh\u00e4 tallella, mutta paljon on my\u00f6s uudistettu: uudistettu ulkomuoto, hienostuneet sis\u00e4tilat ja edistyneet turvallisuusominaisuudet sek\u00e4 enemm\u00e4n vastinetta rahalle. <\/p>\n<p style=\"margin-bottom:11px;\"><strong>Moottorit, varustelutasot ja kuljettajaa avustavat j\u00e4rjestelm\u00e4t<\/strong><\/p>\n<p style=\"margin-bottom:11px;\">Suomessa SEAT Arona tulee saataville 85 kW ja 110 kW TSI-bensiinimoottoreilla, jotka tarjoavat t\u00e4ydellisen tasapainon dynaamisuuden ja taloudellisuuden v\u00e4lill\u00e4. Pienemm\u00e4ll\u00e4 moottorilla varustettu Arona on saatavilla joko manuaalivaihteisena tai DSG-automaattivaihteistolla, ja suuremmalla moottorilla varustettu ainoastaan DSG-automaattivaihteistolla.<\/p>\n<p style=\"margin-bottom:11px;\">SEAT Aronan jousituksen korkeuden ja korotetun kuljettajan istuimen ansiosta n\u00e4kym\u00e4 eteenp\u00e4in on selke\u00e4mpi ja ohjaamon hallinnan tunne vahvempi. Korkeampi ajoasento ei ole vain n\u00e4kyvyyden vuoksi \u2013 se tuo my\u00f6s l\u00e4sn\u00e4olon tunnetta. Se lis\u00e4\u00e4 mukavuutta ja itsevarmuutta, tehden jokaisesta matkasta m\u00e4\u00e4r\u00e4tietoisemman kokemuksen. Useiden ajotilojen \u2013 Eco, Normal, Sport ja Individual \u2013 ansiosta kuljettaja voi helposti s\u00e4\u00e4t\u00e4\u00e4 moottorin vasteen, ohjauksen ja vaihteiston vastaamaan omaa mielialaa ja tarvetta.<\/p>\n<p style=\"margin-bottom:11px;\">Tavaratilaa uudistuneessa SEAT Aronassa on 400 litraa. Monik\u00e4ytt\u00f6isyytt\u00e4 tuo my\u00f6s kahteen eri tasoon asetettava tavaratilan lattia ja kiinnityslenkit, joilla tavarat on helppo kiinnitt\u00e4\u00e4 paikoilleen.<\/p>\n<p style=\"margin-bottom:11px;\">Uudistuneessa SEAT Aronassa on nyt vakiovarusteena mm. t\u00e4ys-led-ajovalot ja -takavalot. SEAT Arona on my\u00f6s t\u00e4ydellisesti linkitetty digitaaliseen maailmaan. Android Auto ja CarPlay liittyv\u00e4t langattomasti Aronan 8.25 tuuman infotainment-j\u00e4rjestelm\u00e4\u00e4n. Lis\u00e4varusteinen navigointipaketti suurentaa infotainment-n\u00e4yt\u00f6n 9,2 tuumaiseksi. Uusi SEAT Sound -j\u00e4rjestelm\u00e4, jossa on kuusi kaiutinta, subwoofer ja 300 W vahvistin \u2013 tarjoaa korkealaatuisen \u00e4\u00e4nikokemuksen. Lis\u00e4ksi p\u00e4ivitetty 15 W langaton pikalataus j\u00e4\u00e4hdytysteknologialla tekee \u00e4lypuhelimen lataamisesta ja virran saannista tien p\u00e4\u00e4ll\u00e4 helpompaa kuin koskaan.<\/p>\n<p style=\"margin-bottom:11px;\">\u00c4lypuhelimeen ladattava My SEAT -sovellus puolestaan avaa et\u00e4palveluillaan t\u00e4ysin uudenlaisen mahdollisuuksien maailman. K\u00e4ytt\u00e4j\u00e4t p\u00e4\u00e4sev\u00e4t autonsa tietoihin my\u00f6s et\u00e4n\u00e4: ajotiedot, pys\u00e4k\u00f6innin paikkatieto, ajoneuvon tiedot mukaan lukien ovien ja valojen tila, nopeustiedot. <\/p>\n<p style=\"margin-bottom:11px;\">SEAT Arona on my\u00f6s yksi luokkansa turvallisimmista autoista segmentiss\u00e4\u00e4n. Vakiovarusteena ovat mm. liikennemerkkien tunnistus, v\u00e4symyksen tunnistusj\u00e4rjestelm\u00e4 ja Front Assist \u2013 ymp\u00e4rist\u00f6nvalvontaj\u00e4rjestelm\u00e4. Saatavilla on my\u00f6s uusia kuljettajaa avustavia j\u00e4rjestelmi\u00e4 kuten mukautuva vakionopeudens\u00e4\u00e4din ACC (FR vakiovaruste), Travel Assist -j\u00e4rjestelm\u00e4, joka sis\u00e4lt\u00e4\u00e4 my\u00f6s Side Assist -kaistanvaihtoavustimen ja Traffic Jam Assist -ruuhka-avustimen sek\u00e4 pys\u00e4k\u00f6intiavustin Park Assist, jossa pys\u00e4k\u00f6intitutkat edess\u00e4 ja takana. <\/p>\n<p style=\"margin-bottom:11px;\">Sis\u00e4tiloissa Arona nousee uudelle tasolle laadussa, muotoilussa ja liitett\u00e4vyydess\u00e4 \u2013 menett\u00e4m\u00e4tt\u00e4 tilavuuden ja tarkkuuden tunnettaan. Ohjaamossa esitell\u00e4\u00e4n uusia kohokuvioituja tekstiilej\u00e4, hienostuneita materiaaleja, tummempi sis\u00e4katto ja hillityt, neutraalit korostukset ilmanvaihtosuuttimissa, jotka tuovat sisustukseen lis\u00e4\u00e4 hienostuneisuutta.<\/p>\n<p style=\"margin-bottom:11px;\">Suomessa SEAT Arona tulee saataville kahdella eri varustelutasolla: hienostunut Style ja urheilullinen FR. SEAT Aronan takuu on 5 vuotta \/ 100\u00a0000 km. \u00a0<\/p>\n<p style=\"margin-bottom:11px;\">Uuden SEAT Aronan myynti on nyt alkanut Suomessa ja ensimm\u00e4iset uudet SEAT Aronat saapuvat SEAT-j\u00e4lleenmyyjille alkuvuodesta 2026.<\/p>\n<p style=\"margin-bottom:11px;\">Uudistuneen SEAT Aronan hinnasto ja lis\u00e4varustehinnasto: <a href=\"https:\/\/www.seat.fi\/auton-hankinta\/hinnastot-ja-esitteet\/arona\" style=\" text-decoration:underline;\" rel=\"nofollow noopener\" target=\"_blank\">SEAT Arona | Hinnastot ja esitteet<\/a><\/p>\n<p>&#13;<br \/>\n&#13;<br \/>\n&#13;<\/p>\n<p><strong><strong><strong>Lis\u00e4tietoja:<\/strong> <\/strong><\/strong>Riitta Karjalainen, viestint\u00e4p\u00e4\u00e4llikk\u00f6, K Auto Oy | SEAT, riitta.karjalainen@seat.fi, puh. 040 578 3924<\/p>\n<p>&#13;<\/p>\n<p><strong>Avainsanat:<\/strong><\/p>\n<p>&#13;<br \/>\n&#13;<br \/>\n&#13;<\/p>\n","protected":false},"excerpt":{"rendered":"&#13; &#13; &#13; &#13; &#13; Uudistuneen SEAT Aronan myynti alkoi Suomessa Moottorivalikoimassa taloudelliset TSI-bensiinimoottorit, parannettu vakiovarustelu ja edistyneet&hellip;\n","protected":false},"author":2,"featured_media":119140,"comment_status":"","ping_status":"","sticky":false,"template":"","format":"standard","meta":{"footnotes":""},"categories":[76],"tags":[79,77,33,31,30,21563,21565,21562,21567,21569,21559,21564,21560,32,21561,78,21566,21568],"class_list":{"0":"post-119139","1":"post","2":"type-post","3":"status-publish","4":"format-standard","5":"has-post-thumbnail","7":"category-talous","8":"tag-business","9":"tag-economy","10":"tag-fi","11":"tag-finland","12":"tag-finnish","13":"tag-fr","14":"tag-hinnasto","15":"tag-kuljettajaa-avustavat-jrjestelmt","16":"tag-lisvarustehinnasto","17":"tag-myynti-alkanut","18":"tag-seat","19":"tag-seat-arona","20":"tag-style","21":"tag-suomi","22":"tag-takuu","23":"tag-talous","24":"tag-tsi-bensiinimoottori","25":"tag-varustelutasot"},"share_on_mastodon":{"url":"https:\/\/pubeurope.com\/@fi\/115737098154823863","error":""},"_links":{"self":[{"href":"https:\/\/www.europesays.com\/fi\/wp-json\/wp\/v2\/posts\/119139","targetHints":{"allow":["GET"]}}],"collection":[{"href":"https:\/\/www.europesays.com\/fi\/wp-json\/wp\/v2\/posts"}],"about":[{"href":"https:\/\/www.europesays.com\/fi\/wp-json\/wp\/v2\/types\/post"}],"author":[{"embeddable":true,"href":"https:\/\/www.europesays.com\/fi\/wp-json\/wp\/v2\/users\/2"}],"replies":[{"embeddable":true,"href":"https:\/\/www.europesays.com\/fi\/wp-json\/wp\/v2\/comments?post=119139"}],"version-history":[{"count":0,"href":"https:\/\/www.europesays.com\/fi\/wp-json\/wp\/v2\/posts\/119139\/revisions"}],"wp:featuredmedia":[{"embeddable":true,"href":"https:\/\/www.europesays.com\/fi\/wp-json\/wp\/v2\/media\/119140"}],"wp:attachment":[{"href":"https:\/\/www.europesays.com\/fi\/wp-json\/wp\/v2\/media?parent=119139"}],"wp:term":[{"taxonomy":"category","embeddable":true,"href":"https:\/\/www.europesays.com\/fi\/wp-json\/wp\/v2\/categories?post=119139"},{"taxonomy":"post_tag","embeddable":true,"href":"https:\/\/www.europesays.com\/fi\/wp-json\/wp\/v2\/tags?post=119139"}],"curies":[{"name":"wp","href":"https:\/\/api.w.org\/{rel}","templated":true}]}}