{"id":11914,"date":"2025-08-21T07:35:08","date_gmt":"2025-08-21T07:35:08","guid":{"rendered":"https:\/\/www.europesays.com\/fi\/11914\/"},"modified":"2025-08-21T07:35:08","modified_gmt":"2025-08-21T07:35:08","slug":"yli-65-vuotias-naihin-vaivoihin-voit-pian-saada-yksityislaakarin-apua-julkisen-hinnalla-kelan-valinnanvapauskokeilussa","status":"publish","type":"post","link":"https:\/\/www.europesays.com\/fi\/11914\/","title":{"rendered":"Yli 65-vuotias, n\u00e4ihin vaivoihin voit pian saada yksityisl\u00e4\u00e4k\u00e4rin apua julkisen hinnalla Kelan valinnanvapauskokeilussa"},"content":{"rendered":"<p>Valinnanvapauskokeilu alkaa 1. syyskuuta. Selvitimme, mit\u00e4 ehtoja valinnanvapauskokeiluun kuuluu ja mit\u00e4 vaivoja l\u00e4\u00e4k\u00e4riss\u00e4 voi hoidattaa.<\/p>\n<p>Lue tiivistelm\u00e4<\/p>\n<p>Tiivistelm\u00e4 on teko\u00e4lyn tekem\u00e4 ja ihmisen tarkistama.<\/p>\n<p class=\"article-body margin-bottom-24 padding-x-16 sndp-summary-bullet-point-font\">Yli 65-vuotiaat saavat k\u00e4ytt\u00e4\u00e4 yksityisi\u00e4 yleisl\u00e4\u00e4k\u00e4ripalveluita julkisen terveydenhuollon hinnalla syyskuusta alkaen.<\/p>\n<p class=\"article-body margin-bottom-24 padding-x-16 sndp-summary-bullet-point-font\">Valinnanvapauskokeilu kest\u00e4\u00e4 vuoden 2027 loppuun ja mahdollistaa 2-3 yksityisl\u00e4\u00e4k\u00e4rik\u00e4ynti\u00e4 vuodessa 28,20 euron omavastuulla.<\/p>\n<p class=\"article-body margin-bottom-24 padding-x-16 sndp-summary-bullet-point-font\">Kokeilun tavoitteena on parantaa perusterveydenhuollon saatavuutta ja nopeuttaa hoitoon p\u00e4\u00e4sy\u00e4.<\/p>\n<p class=\"article-body margin-bottom-24 padding-x-16\">65 vuotta t\u00e4ytt\u00e4neet saavat syyskuun alusta alkaen k\u00e4ytt\u00e4\u00e4 yksityisi\u00e4 yleisl\u00e4\u00e4k\u00e4ripalveluita julkisen terveydenhuollon asiakasmaksun hinnalla. Selvitimme Kelasta ja yksityisilt\u00e4 l\u00e4\u00e4k\u00e4riasemilta, mit\u00e4 t\u00e4m\u00e4 tarkoittaa k\u00e4yt\u00e4nn\u00f6ss\u00e4.<\/p>\n<p class=\"article-body margin-bottom-24 padding-x-16\">Kokeilu alkaa 1. syyskuuta ja p\u00e4\u00e4ttyy vuoden 2027 lopussa. Kokeilun tavoitteena on <a class=\"article-genericlink\" href=\"https:\/\/www.kela.fi\/valinnanvapauskokeilu-65-vuotta-tayttaneille\" rel=\"nofollow noopener\" target=\"_blank\">Kelan mukaan <\/a>parantaa perusterveydenhuollon palvelujen saatavuutta, nopeuttaa hoitoon p\u00e4\u00e4sy\u00e4 ja lis\u00e4t\u00e4 asiakkaiden valinnanvapautta.<\/p>\n<p class=\"article-body margin-bottom-24 padding-x-16\">Keit\u00e4 uudistus koskee?<\/p>\n<p class=\"article-body margin-bottom-24 padding-x-16\">Kokeilu on suunnattu 65 vuotta t\u00e4ytt\u00e4neille. Yl\u00e4ik\u00e4rajaa ei ole.<\/p>\n<p class=\"article-body margin-bottom-24 padding-x-16\">Voiko ajan varata suoraan erityisl\u00e4\u00e4k\u00e4rille?<\/p>\n<p class=\"article-body margin-bottom-24 padding-x-16\">Ei, voit varata ajan yleisl\u00e4\u00e4k\u00e4rille.<\/p>\n<p class=\"article-body margin-bottom-24 padding-x-16\">Mit\u00e4 k\u00e4ynti maksaa asiakkaalle?<\/p>\n<p class=\"article-body margin-bottom-24 padding-x-16\">Asiakkaan omavastuu yleisl\u00e4\u00e4k\u00e4rik\u00e4ynnist\u00e4 on 28,20 euroa eli saman verran kuin julkisessa terveydenhuollossa.<\/p>\n<p class=\"article-body margin-bottom-24 padding-x-16\">Pit\u00e4\u00e4k\u00f6 lasku maksaa ensin itse ja peri\u00e4 Kelalta?<\/p>\n<p class=\"article-body margin-bottom-24 padding-x-16\">Ei, vaan Kela maksaa suoraan loppukorvauksen palveluntuottajalle.<\/p>\n<p class=\"article-body margin-bottom-24 padding-x-16\">Montako kertaa yksityisl\u00e4\u00e4k\u00e4rill\u00e4 saa k\u00e4yd\u00e4 kokeilun aikana?<\/p>\n<p class=\"article-body margin-bottom-24 padding-x-16\">T\u00e4n\u00e4 vuonna kaksi kertaa, vuonna 2026 kolme kertaa ja vuonna 2027 kolme kertaa.<\/p>\n<p class=\"article-body margin-bottom-24 padding-x-16\">Mit\u00e4 l\u00e4\u00e4k\u00e4rin m\u00e4\u00e4r\u00e4\u00e4m\u00e4t tutkimukset maksavat?<\/p>\n<p class=\"article-body margin-bottom-24 padding-x-16\">Jos l\u00e4\u00e4k\u00e4ri m\u00e4\u00e4r\u00e4\u00e4 vastaanotolla kokeiluun kuuluvia tutkimuksia, niist\u00e4 asiakkaan maksettavaksi j\u00e4\u00e4 50 prosenttia tutkimusten hinnasta ja n\u00e4ytteenottomaksu 15 euroa. Tyypilliset asiakkaan maksut ovat alle 30 euroa. Esimerkiksi keuhkon r\u00f6ntgenkuvasta asiakas maksaisi Kelan mukaan ensimm\u00e4isen\u00e4 vuonna kuitenkin 48,50 euroa.<\/p>\n<p class=\"article-body margin-bottom-24 padding-x-16\">Mit\u00e4 puhelu maksaa?<\/p>\n<p class=\"article-body margin-bottom-24 padding-x-16\">Kelan mukaan asiakas maksaa puhelusta enint\u00e4\u00e4n 28,20 euroa.<\/p>\n<p>Erikoisl\u00e4\u00e4k\u00e4rin neuvot<\/p>\n<p class=\"article-body margin-bottom-24 padding-x-16\">Kuinka pitk\u00e4 l\u00e4\u00e4k\u00e4riaika on kyseess\u00e4?<\/p>\n<p class=\"article-body margin-bottom-24 padding-x-16\">Kyseess\u00e4 on 20 minuutin l\u00e4\u00e4k\u00e4riaika, sanoo Terveystalon johtava yleisl\u00e4\u00e4ketieteen erikoisl\u00e4\u00e4k\u00e4ri <a class=\"article-personlink\" href=\"https:\/\/www.satakunnankansa.fi\/haku\/?query=Marja-Leena%20Hyypi%C3%A4\" rel=\"nofollow noopener\" target=\"_blank\">Marja-Leena Hyypi\u00e4<\/a>.<\/p>\n<p class=\"article-body margin-bottom-24 padding-x-16\">Ehtiik\u00f6 t\u00e4ss\u00e4 ajassa k\u00e4sitell\u00e4 asiat?<\/p>\n<p class=\"article-body margin-bottom-24 padding-x-16\">\u201dValmistautumalla vastaanottoon etuk\u00e4teen voi edesauttaa sit\u00e4, ett\u00e4 20 minuuttia riitt\u00e4\u00e4 vastaanoton pituudeksi. Potilaan kannattaa varautua vastaanottoa varten mahdollistamalla l\u00e4\u00e4k\u00e4rin p\u00e4\u00e4sy omakantaan ja laittamalla esimerkiksi klassisesti paperille asioita, kuten todetut sairaudet ja k\u00e4yt\u00f6ss\u00e4 oleva l\u00e4\u00e4kitys\u201d, Hyypi\u00e4 neuvoo.<\/p>\n<p class=\"article-body margin-bottom-24 padding-x-16\">Jos l\u00e4\u00e4k\u00e4ri m\u00e4\u00e4r\u00e4\u00e4 tutkimukset ja soittaa niist\u00e4 vastaukset, meneek\u00f6 siin\u00e4 oikeus toiseen l\u00e4\u00e4k\u00e4rik\u00e4yntiin t\u00e4n\u00e4 vuonna?<\/p>\n<p class=\"article-body margin-bottom-24 padding-x-16\">Ei, vastausten antaminen puhelimessa ei vie Hyypi\u00e4n mukaan toista aikaa.<\/p>\n<p class=\"article-body margin-bottom-24 padding-x-16\">Mill\u00e4 perusteilla vaivoja hoidetaan yksityisell\u00e4?<\/p>\n<p class=\"article-body margin-bottom-24 padding-x-16\">\u201dL\u00e4\u00e4ketieteellisen hoidon kriteerit ovat samat kuin julkisella puolella\u201d, Hyypi\u00e4 sanoo.<\/p>\n<p>Paljon vaihtoehtoja<\/p>\n<p class=\"article-body margin-bottom-24 padding-x-16\">Mit\u00e4 vaivoja voi esimerkiksi hoitaa osana valinnanvapauskokeilua?<\/p>\n<p class=\"article-body margin-bottom-24 padding-x-16\">Verenpainetauti, kohonnut kolesteroli, diabetes, kilpirauhasen vajaatoiminta, eturauhasen liikakasvu, masennus, etenkin liev\u00e4n tai keskivaikean masennuksen hoito ja l\u00e4\u00e4kityksen kontrollik\u00e4ynnit, lihavuus, nivelrikko, hengitystieoireet, ihottumat, luomitarkastukset, vatsaoireet, alaselk\u00e4kipu ja niveloireet, muistiongelmiin liittyv\u00e4t huolet.<\/p>\n<p class=\"article-body margin-bottom-24 padding-x-16\">Mit\u00e4 tutkimuksia sis\u00e4ltyy kokeiluun?<\/p>\n<p class=\"article-body margin-bottom-24 padding-x-16\">Verikokeet, virtsatutkimukset, syd\u00e4men EKG ja keuhkokuvat.<\/p>\n<p class=\"article-body margin-bottom-24 padding-x-16\">Mit\u00e4 ei sis\u00e4lly kokeiluun?<\/p>\n<p class=\"article-body margin-bottom-24 padding-x-16\">Rokotteet, terveystarkastukset, ajokorttitodistukset, erikoisl\u00e4\u00e4k\u00e4rik\u00e4ynnit (kuten silm\u00e4l\u00e4\u00e4k\u00e4ri, kardiologi, urologi, gynekologi, neurologi), gynekologiset tutkimukset, hammashoito, kirurgiset toimenpiteet kuten luomenpoistot, magneetti- ja muut kuvantamistutkimukset (paitsi syd\u00e4nfilmi ja keuhkokuva).<\/p>\n<p class=\"article-body margin-bottom-24 padding-x-16\">Milloin aikoja voi avata?<\/p>\n<p class=\"article-body margin-bottom-24 padding-x-16\">Yksityiset l\u00e4\u00e4k\u00e4riasemat kertovat avaavansa ajanvarauksen syyskuun alkuun menness\u00e4. Ajankohdat voivat vaihdella toimijakohtaisesti.<\/p>\n<p class=\"article-body margin-bottom-24 padding-x-16\">Tiedot palveluntuottajista tulevat Kelan verkkosivuille viimeist\u00e4\u00e4n 1. syyskuuta.<\/p>\n<p class=\"article-body margin-bottom-24 padding-x-16\">Onko l\u00e4\u00e4k\u00e4reille jonoa?<\/p>\n<p class=\"article-body margin-bottom-24 padding-x-16\">\u201dToiset l\u00e4\u00e4k\u00e4rit ovat suositumpia kuin toiset. Ne, jotka ovat suosittuja, heille voi olla jonoa\u201d, Kelan p\u00e4\u00e4johtaja <a class=\"article-personlink\" href=\"https:\/\/www.satakunnankansa.fi\/haku\/?query=Lasse%20Lehtonen\" rel=\"nofollow noopener\" target=\"_blank\">Lasse Lehtonen<\/a> sanoi keskiviikkona aamup\u00e4iv\u00e4ll\u00e4 pidetyss\u00e4 infotilaisuudessa.<\/p>\n<p>Lis\u00e4\u00e4 varhaista apua<\/p>\n<p class=\"article-body margin-bottom-24 padding-x-16\">Mit\u00e4 t\u00e4m\u00e4 maksaa Suomelle?<\/p>\n<p class=\"article-body margin-bottom-24 padding-x-16\">Valtion rahoitusosuus kokeiluun vuosina 2025\u20132027 on yhteens\u00e4 arviolta 103,8 miljoonaa euroa. Kokeilu tuottaa tutkimustietoa, koska siin\u00e4 kokeillaan ensimm\u00e4ist\u00e4 kertaa sairaanhoitopalveluissa palveluille asetettua enimm\u00e4ishintaa.<\/p>\n<p class=\"article-body margin-bottom-24 padding-x-16\">Kokeilun on arvioitu lis\u00e4\u00e4v\u00e4n Kela-korvausmenoja t\u00e4n\u00e4 vuonna vajaat 30 miljoonaa euroa.<\/p>\n<p class=\"article-body margin-bottom-24 padding-x-16\">Mit\u00e4 palveluille asetettu hintakatto tarkoittaa?<\/p>\n<p class=\"article-body margin-bottom-24 padding-x-16\">Esimerkiksi yksityisen yleisl\u00e4\u00e4k\u00e4rin vastaanotto saa kokeilussa maksaa yhteens\u00e4 sata euroa, josta asiakas maksaa enint\u00e4\u00e4n 28,20 euroa ja Kela korvaa 71,80 euroa.<\/p>\n<p class=\"article-body margin-bottom-24 padding-x-16\">Lis\u00e4\u00e4k\u00f6 kokeilu l\u00e4\u00e4k\u00e4rik\u00e4yntej\u00e4?<\/p>\n<p class=\"article-body margin-bottom-24 padding-x-16\">Kelan Lasse Lehtonen uskoo k\u00e4yntien lis\u00e4\u00e4ntyv\u00e4n. H\u00e4nen mukaansa yli 65-vuotiaat k\u00e4yv\u00e4t nyt tarpeisiin n\u00e4hden v\u00e4h\u00e4n l\u00e4\u00e4k\u00e4riss\u00e4. Kela toivoo, ett\u00e4 sairauksien komplikaatiot v\u00e4henev\u00e4t, jos potilaat saavat varhaista apua. Kokeilun tarkoitus on lis\u00e4t\u00e4 my\u00f6s uskoa siihen, ett\u00e4 l\u00e4\u00e4k\u00e4riin p\u00e4\u00e4see ja v\u00e4hent\u00e4\u00e4 ensiapujen kuormitusta.<\/p>\n<p class=\"article-body margin-bottom-24 padding-x-16\">Mit\u00e4 jos potilas tarvitsee enemm\u00e4n k\u00e4yntej\u00e4 kuin kolme vuodessa?<\/p>\n<p class=\"article-body margin-bottom-24 padding-x-16\">Potilas ohjataan jatkohoitoon joko julkiselle puolelle tai h\u00e4n voi jatkaa yksityisell\u00e4 puolella. Kela tunnistaa t\u00e4m\u00e4n olevan ongelma pitk\u00e4aikaissairauksissa. Kolmeen k\u00e4yntiin p\u00e4\u00e4dyttiin tilastotiedon perusteella.<\/p>\n","protected":false},"excerpt":{"rendered":"Valinnanvapauskokeilu alkaa 1. syyskuuta. Selvitimme, mit\u00e4 ehtoja valinnanvapauskokeiluun kuuluu ja mit\u00e4 vaivoja l\u00e4\u00e4k\u00e4riss\u00e4 voi hoidattaa. Lue tiivistelm\u00e4 Tiivistelm\u00e4&hellip;\n","protected":false},"author":2,"featured_media":11915,"comment_status":"","ping_status":"","sticky":false,"template":"","format":"standard","meta":{"footnotes":""},"categories":[12],"tags":[22,23,26,27,33,31,30,17,24,25,28,29,15,18,21,80,32,19,20,16],"class_list":{"0":"post-11914","1":"post","2":"type-post","3":"status-publish","4":"format-standard","5":"has-post-thumbnail","7":"category-suomi","8":"tag-breaking-news","9":"tag-breakingnews","10":"tag-featured-news","11":"tag-featurednews","12":"tag-fi","13":"tag-finland","14":"tag-finnish","15":"tag-headlines","16":"tag-latest-news","17":"tag-latestnews","18":"tag-main-news","19":"tag-mainnews","20":"tag-news","21":"tag-otsikot","22":"tag-paauutiset","23":"tag-satakunnan-kansa","24":"tag-suomi","25":"tag-top-stories","26":"tag-topstories","27":"tag-uutiset"},"share_on_mastodon":{"url":"","error":""},"_links":{"self":[{"href":"https:\/\/www.europesays.com\/fi\/wp-json\/wp\/v2\/posts\/11914","targetHints":{"allow":["GET"]}}],"collection":[{"href":"https:\/\/www.europesays.com\/fi\/wp-json\/wp\/v2\/posts"}],"about":[{"href":"https:\/\/www.europesays.com\/fi\/wp-json\/wp\/v2\/types\/post"}],"author":[{"embeddable":true,"href":"https:\/\/www.europesays.com\/fi\/wp-json\/wp\/v2\/users\/2"}],"replies":[{"embeddable":true,"href":"https:\/\/www.europesays.com\/fi\/wp-json\/wp\/v2\/comments?post=11914"}],"version-history":[{"count":0,"href":"https:\/\/www.europesays.com\/fi\/wp-json\/wp\/v2\/posts\/11914\/revisions"}],"wp:featuredmedia":[{"embeddable":true,"href":"https:\/\/www.europesays.com\/fi\/wp-json\/wp\/v2\/media\/11915"}],"wp:attachment":[{"href":"https:\/\/www.europesays.com\/fi\/wp-json\/wp\/v2\/media?parent=11914"}],"wp:term":[{"taxonomy":"category","embeddable":true,"href":"https:\/\/www.europesays.com\/fi\/wp-json\/wp\/v2\/categories?post=11914"},{"taxonomy":"post_tag","embeddable":true,"href":"https:\/\/www.europesays.com\/fi\/wp-json\/wp\/v2\/tags?post=11914"}],"curies":[{"name":"wp","href":"https:\/\/api.w.org\/{rel}","templated":true}]}}