{"id":119146,"date":"2025-12-17T21:59:08","date_gmt":"2025-12-17T21:59:08","guid":{"rendered":"https:\/\/www.europesays.com\/fi\/119146\/"},"modified":"2025-12-17T21:59:08","modified_gmt":"2025-12-17T21:59:08","slug":"muistatko-viela-maisteri-simo-frangenin-tekee-nyt-tallaista-tyota","status":"publish","type":"post","link":"https:\/\/www.europesays.com\/fi\/119146\/","title":{"rendered":"Muistatko viel\u00e4 &#8221;maisteri Simo Frangenin&#8221; &#8211; tekee nyt t\u00e4llaista ty\u00f6t\u00e4"},"content":{"rendered":"<p>Maisteri Simo Frangen muistetaan radion pitk\u00e4aikaisesta Alivaltiosihteeri-ohjelmasta ja yhtyeest\u00e4. Onpa h\u00e4n juontanut televisiossakin pitk\u00e4n matkan aikaa.<\/p>\n<p>Nyt mies on kadonnut parrasvaloista Tampereelle, ilmeisesti sinne, sill\u00e4 Manseen h\u00e4n aina kuvausten p\u00e4\u00e4tytty\u00e4 ilmoitti tv-katsojille l\u00e4htev\u00e4ns\u00e4.<\/p>\n<p>Hauska vaikka voissa paistaisi<\/p>\n<p>Mutta mit\u00e4 Simo tekee? Varmaan kaikkea sit\u00e4 mit\u00e4 ennenkin, mutta vet\u00e4\u00e4 my\u00f6s pubivisoja.<\/p>\n<p>-Joulujuhlien j\u00e4lkeenkin el\u00e4m\u00e4 jatkuu! Maisteri Frang\u00e9nin Tapaninp\u00e4iv\u00e4n yleistietovisa her\u00e4tt\u00e4\u00e4 henkiin joulustressin ja ylensy\u00f6misen takia horrokseen vajonneet aivosolut! 20 kiehtovaa kysymyst\u00e4 tempaisee visailijat j\u00e4nnitt\u00e4v\u00e4\u00e4n mittel\u00f6\u00f6n siit\u00e4, mik\u00e4 joukkue nappaa mestaruuden visailukilpailuiden kaikkein arvostetuimmassa kisassa eli Pikilinnan pubin Tapaninp\u00e4iv\u00e4visassa! Sis\u00e4\u00e4np\u00e4\u00e4symaksu on per\u00e4ti 0 euroa!<br \/>Opiskelijat, el\u00e4kel\u00e4iset ja ty\u00f6tt\u00f6m\u00e4t saavat t\u00e4st\u00e4 summasta viel\u00e4 alennusta 10 prosenttia! Simo hauskuuttaa p\u00e4ivitykses\u00e4\u00e4n.<\/p>\n<p>-Joukkueen koko on 1-5 henkil\u00f6\u00e4. (\u2026) Jos joukkueessa on alle 1 henkil\u00f6, joukkue hyl\u00e4t\u00e4\u00e4n! Lue internet ulkoa ja tule kokeilemaan, miten p\u00e4rj\u00e4\u00e4t Maisterin mielt\u00e4 kutkuttavassa yleistietovisassa, Simo jatkaa.<\/p>\n<p>Lue my\u00f6s: <a href=\"https:\/\/www.como.fi\/tilaa-comon-uutiskirje\/\" title=\"Tilaa Comon uutiskirje ja tied\u00e4t mist\u00e4 kahvitauolla puhutaan! Nappaa kotimaan tv-vinkit ja puheenaiheet suoraan s\u00e4hk\u00f6postiin t\u00e4st\u00e4.\" class=\"underline-custom !font-montserrat !font-bold !underline-offset-4 !decoration-4 !decoration-red-600 !text-md\" rel=\"nofollow noopener\" target=\"_blank\">Tilaa Comon uutiskirje ja tied\u00e4t mist\u00e4 kahvitauolla puhutaan! Nappaa kotimaan tv-vinkit ja puheenaiheet suoraan s\u00e4hk\u00f6postiin t\u00e4st\u00e4.<\/a><\/p>\n","protected":false},"excerpt":{"rendered":"Maisteri Simo Frangen muistetaan radion pitk\u00e4aikaisesta Alivaltiosihteeri-ohjelmasta ja yhtyeest\u00e4. Onpa h\u00e4n juontanut televisiossakin pitk\u00e4n matkan aikaa. Nyt mies&hellip;\n","protected":false},"author":2,"featured_media":119147,"comment_status":"","ping_status":"","sticky":false,"template":"","format":"standard","meta":{"footnotes":""},"categories":[136],"tags":[407,137,33,31,30,408,3719,32,109],"class_list":{"0":"post-119146","1":"post","2":"type-post","3":"status-publish","4":"format-standard","5":"has-post-thumbnail","7":"category-julkkikset","8":"tag-celebrities","9":"tag-entertainment","10":"tag-fi","11":"tag-finland","12":"tag-finnish","13":"tag-julkkikset","14":"tag-simo-frangen","15":"tag-suomi","16":"tag-viihde"},"share_on_mastodon":{"url":"https:\/\/pubeurope.com\/@fi\/115737156837087139","error":""},"_links":{"self":[{"href":"https:\/\/www.europesays.com\/fi\/wp-json\/wp\/v2\/posts\/119146","targetHints":{"allow":["GET"]}}],"collection":[{"href":"https:\/\/www.europesays.com\/fi\/wp-json\/wp\/v2\/posts"}],"about":[{"href":"https:\/\/www.europesays.com\/fi\/wp-json\/wp\/v2\/types\/post"}],"author":[{"embeddable":true,"href":"https:\/\/www.europesays.com\/fi\/wp-json\/wp\/v2\/users\/2"}],"replies":[{"embeddable":true,"href":"https:\/\/www.europesays.com\/fi\/wp-json\/wp\/v2\/comments?post=119146"}],"version-history":[{"count":0,"href":"https:\/\/www.europesays.com\/fi\/wp-json\/wp\/v2\/posts\/119146\/revisions"}],"wp:featuredmedia":[{"embeddable":true,"href":"https:\/\/www.europesays.com\/fi\/wp-json\/wp\/v2\/media\/119147"}],"wp:attachment":[{"href":"https:\/\/www.europesays.com\/fi\/wp-json\/wp\/v2\/media?parent=119146"}],"wp:term":[{"taxonomy":"category","embeddable":true,"href":"https:\/\/www.europesays.com\/fi\/wp-json\/wp\/v2\/categories?post=119146"},{"taxonomy":"post_tag","embeddable":true,"href":"https:\/\/www.europesays.com\/fi\/wp-json\/wp\/v2\/tags?post=119146"}],"curies":[{"name":"wp","href":"https:\/\/api.w.org\/{rel}","templated":true}]}}