{"id":119156,"date":"2025-12-17T22:12:09","date_gmt":"2025-12-17T22:12:09","guid":{"rendered":"https:\/\/www.europesays.com\/fi\/119156\/"},"modified":"2025-12-17T22:12:09","modified_gmt":"2025-12-17T22:12:09","slug":"jatesakkiin-puettu-mies-loytyi-vaatekomerosta-toista-uhria-pidettiin-nalassa-naisille-tuomiot-torkeasta-ihmiskaupasta-kotimaa","status":"publish","type":"post","link":"https:\/\/www.europesays.com\/fi\/119156\/","title":{"rendered":"J\u00e4tes\u00e4kkiin puettu mies l\u00f6ytyi vaatekomerosta, toista uhria pidettiin n\u00e4l\u00e4ss\u00e4 \u2013 naisille tuomiot t\u00f6rke\u00e4st\u00e4 ihmiskaupasta | Kotimaa"},"content":{"rendered":"<p class=\"aw-1gybjub aw-5vja16 kEtdKx kmuxyA yle__article__paragraph\">Pirkanmaan k\u00e4r\u00e4j\u00e4oikeus tuomitsi kaksi naista seitsem\u00e4n vuoden vankeuteen t\u00f6rkeist\u00e4 ihmiskauppa\u00adrikoksista.<\/p>\n<p><img decoding=\"async\" alt=\"Tampereen oikeustalon julkisivu ja kyltti.\" src=\"https:\/\/www.europesays.com\/fi\/wp-content\/uploads\/2025\/12\/39-1468660682c863e8d52a.jpeg\" class=\"aw-1l9m598 hKVVvP\"\/><\/p>\n<p>Avaa kuvien katselu<\/p>\n<p>Rikokset tapahtuivat p\u00e4\u00e4osin Tampereella vuonna 2021 ja vuosina 2022\u20132024. Kuvituskuva. Kuva: Matias V\u00e4\u00e4n\u00e4nen \/ Yle<\/p>\n<ul class=\"aw-1jjocuh iJTSwP yle__article__list yle__article__list--ul\">\n<li class=\"aw-1j7gwms gNYKfi\">Pirkanmaan k\u00e4r\u00e4j\u00e4oikeus on tuominnut kaksi naista seitsem\u00e4n vuoden vankeuteen t\u00f6rkeist\u00e4 ihmiskaupparikoksista.<\/li>\n<li class=\"aw-1j7gwms gNYKfi\">Naiset alistivat kaksi haavoittuvassa asemassa ollutta miest\u00e4 v\u00e4kivallalla ja kiristiv\u00e4t heilt\u00e4 yhteens\u00e4 l\u00e4hes 30\u00a0000 euroa.<\/li>\n<li class=\"aw-1j7gwms gNYKfi\">Oikeus piti tekoja poikkeuksellisen julmina ja n\u00f6yryytt\u00e4vin\u00e4. Tuomio ei ole viel\u00e4 lainvoimainen.<\/li>\n<\/ul>\n<p class=\"aw-1gybjub aw-1p7kakr kEtdKx cEmitX yle__article__paragraph\">Pirkanmaan k\u00e4r\u00e4j\u00e4oikeus on tuominnut kaksi naista seitsem\u00e4n vuoden vankeusrangaistuksiin poikkeuksellisen vakavista ihmiskaupparikoksista.<\/p>\n<p class=\"aw-1gybjub aw-1p7kakr kEtdKx cEmitX yle__article__paragraph\">K\u00e4r\u00e4j\u00e4oikeus katsoi vastaajien syyllistyneen kahteen t\u00f6rke\u00e4\u00e4n ihmiskauppaan, t\u00f6rke\u00e4\u00e4n pahoinpitelyyn, kahteen t\u00f6rke\u00e4\u00e4n kiristykseen, kahteen petokseen ja lis\u00e4ksi ampuma-aserikokseen.<\/p>\n<p class=\"aw-1gybjub aw-1p7kakr kEtdKx cEmitX yle__article__paragraph\">Lis\u00e4ksi <strong class=\"aw-ak79eh KyCXm yle__article__strong\">Angela Elisabeth Lehtonen<\/strong>, 36, ja Melisa <strong class=\"aw-ak79eh KyCXm yle__article__strong\">Angelica Desiree Lindeman<\/strong>, 24, tuomittiin maksamaan yhteisvastuullisesti uhreilleen yhteens\u00e4 kymmeni\u00e4 tuhansia euroja erilaisia korvauksia ja kuluja.<\/p>\n<p>Uhrit l\u00f6ytyiv\u00e4t seuranhakusovelluksesta<\/p>\n<p class=\"aw-1gybjub aw-1p7kakr kEtdKx cEmitX yle__article__paragraph\">Rikokset kohdistuivat kahteen eri uhriin vuosina 2021 ja 2022\u20132024. Ensimm\u00e4inen uhri oli viisikymppinen mies, joka asui yksin omakotitalossaan pienell\u00e4 paikkakunnalla.<\/p>\n<p class=\"aw-1gybjub aw-1p7kakr kEtdKx cEmitX yle__article__paragraph\">H\u00e4net l\u00f6ydettiin kes\u00e4kuussa 2021 vaatekomerosta Tampereella j\u00e4tes\u00e4kkiin puettuna, pahoin pahoinpideltyn\u00e4 ja aliravittuna.<\/p>\n<p class=\"aw-1gybjub aw-1p7kakr kEtdKx cEmitX yle__article__paragraph\">Toinen uhri oli tekoajan alkaessa noin 40-vuotias mies. H\u00e4nell\u00e4 oli erilaisia kehityksellisi\u00e4 h\u00e4iri\u00f6it\u00e4. H\u00e4n p\u00e4\u00e4si pakenemaan tekij\u00f6iden luota Tampereella tammikuussa 2024 ja soittamaan vanhemmilleen saadakseen apua.<\/p>\n<p class=\"aw-1gybjub aw-1p7kakr kEtdKx cEmitX yle__article__paragraph\">Molemmat uhrit olivat tutustuneet tekij\u00f6ihin seuranhakusovelluksen kautta. Tekij\u00e4t erehdyttiv\u00e4t uhreja yhdess\u00e4olon luonteesta ja ottivat heid\u00e4t m\u00e4\u00e4r\u00e4ysvaltaansa.<\/p>\n<p class=\"aw-1gybjub aw-1p7kakr kEtdKx cEmitX yle__article__paragraph\">\u2013 Vastaajien voidaan p\u00e4\u00e4tell\u00e4 alusta l\u00e4htien etsineen haavoittuvassa asemassa olevaa henkil\u00f6\u00e4, joka on yhdess\u00e4olon motiivista erehdytt\u00e4m\u00e4ll\u00e4 saatu sitoutumaan heid\u00e4n seuraansa, todetaan tuomiossa.<\/p>\n<p>V\u00e4kivaltaa ja varojen anastusta<\/p>\n<p class=\"aw-1gybjub aw-1p7kakr kEtdKx cEmitX yle__article__paragraph\">Uhrit joutuivat systemaattisen fyysisen ja psyykkisen v\u00e4kivallan kohteiksi. Ensimm\u00e4iselle uhrille aiheutui muun muassa useita kasvojen alueen murtumia, hampaiden irtoamista ja anemia.<\/p>\n<p class=\"aw-1gybjub aw-1p7kakr kEtdKx cEmitX yle__article__paragraph\">Toisen uhrin ravinnonsaannin rajoittaminen johti voimakkaaseen laihtumiseen. Asianomistaja on painanut loppuvuodesta 2022 arviolta noin 90-100 kiloa, mutta p\u00e4\u00e4sty\u00e4\u00e4n l\u00e4htem\u00e4\u00e4n vastaajien luota tammikuun lopulla 2024 noin 55 kiloa.<\/p>\n<p class=\"aw-1gybjub aw-1p7kakr kEtdKx cEmitX yle__article__paragraph\">Ly\u00f6misen ja potkimisen lis\u00e4ksi vastaajat olivat k\u00e4skeneet koiran purra miest\u00e4 jalkoihin ja k\u00e4siin.<\/p>\n<p class=\"aw-1gybjub aw-1p7kakr kEtdKx cEmitX yle__article__paragraph\">Naisten toiminnan motiivina oli taloudellinen hy\u00f6ty. Lis\u00e4ksi tuomion mukaan on tavoiteltu sit\u00e4, ett\u00e4 heill\u00e4 on m\u00e4\u00e4r\u00e4ysvallassaan k\u00e4skytett\u00e4v\u00e4 henkil\u00f6.<\/p>\n<p class=\"aw-1gybjub aw-1p7kakr kEtdKx cEmitX yle__article__paragraph\">Vastaajat pakottivat uhrit nostamaan rahaa tileilt\u00e4\u00e4n ja pyyt\u00e4m\u00e4\u00e4n rahaa l\u00e4heisilt\u00e4\u00e4n. Ensimm\u00e4iselt\u00e4 uhrilta kiristettiin yli 10\u00a0000 euroa ja toiselta yli 18\u00a0000 euroa.<\/p>\n<p class=\"aw-1gybjub aw-1p7kakr kEtdKx cEmitX yle__article__paragraph\">Lis\u00e4ksi vastaajat erehdyttiv\u00e4t uhrien l\u00e4heisi\u00e4 siirt\u00e4m\u00e4\u00e4n rahaa, joka p\u00e4\u00e4tyi vastaajien k\u00e4ytt\u00f6\u00f6n.<\/p>\n<p>N\u00f6yryytt\u00e4v\u00e4\u00e4 ja julmaa kohtelua<\/p>\n<p class=\"aw-1gybjub aw-1p7kakr kEtdKx cEmitX yle__article__paragraph\">Ensimm\u00e4isen rikoksen tultua ilmi naiset olivat tutkintavankeudessa noin kuukauden. Toinen ihmiskaupparikos alkoi tuomion mukaan marraskuussa 2022, eli noin 15 kuukautta ensimm\u00e4isen rikoksen p\u00e4\u00e4ttymisen j\u00e4lkeen.<\/p>\n<p class=\"aw-1gybjub aw-1p7kakr kEtdKx cEmitX yle__article__paragraph\">K\u00e4r\u00e4j\u00e4oikeus piti tekoja erityisen vakavina ja moitittavina.<\/p>\n<p class=\"aw-1gybjub aw-1p7kakr kEtdKx cEmitX yle__article__paragraph\">\u2013 Vastaajien toiminta ei ole rajoittunut vain taloudelliseen riistoon ja fyysiseen v\u00e4kivaltaan, vaan toiminta on ollut n\u00f6yryytt\u00e4v\u00e4\u00e4 ja alistavaa, luonteeltaan julmaa ja julkeaa, tuomiossa todetaan.<\/p>\n<p class=\"aw-1gybjub aw-1p7kakr kEtdKx cEmitX yle__article__paragraph\">Tekojen vakavuutta osoitti my\u00f6s niiden toistuminen samankaltaisena. Tuomitut olivat k\u00e4ytt\u00e4neet molempien uhrien kohdalla samanlaisia kontrollin, alistamisen ja taloudellisen hyv\u00e4ksik\u00e4yt\u00f6n menetelmi\u00e4.<\/p>\n<p class=\"aw-1gybjub aw-1p7kakr kEtdKx cEmitX yle__article__paragraph\">Ensimm\u00e4isen uhrin tapauksesta ei ollut kulunut vuottakaan, kun tuomitut etsiv\u00e4t ja l\u00f6ysiv\u00e4t uuden uhrin.<\/p>\n<p class=\"aw-1gybjub aw-1p7kakr kEtdKx cEmitX yle__article__paragraph\">Osa tuomiosta on julistettu salassapidett\u00e4v\u00e4ksi. Tuomio ei ole viel\u00e4 lainvoimainen.<\/p>\n","protected":false},"excerpt":{"rendered":"Pirkanmaan k\u00e4r\u00e4j\u00e4oikeus tuomitsi kaksi naista seitsem\u00e4n vuoden vankeuteen t\u00f6rkeist\u00e4 ihmiskauppa\u00adrikoksista. Avaa kuvien katselu Rikokset tapahtuivat p\u00e4\u00e4osin Tampereella vuonna&hellip;\n","protected":false},"author":2,"featured_media":119157,"comment_status":"","ping_status":"","sticky":false,"template":"","format":"standard","meta":{"footnotes":""},"categories":[12],"tags":[22,23,26,27,33,31,30,17,71,24,25,28,29,15,18,21,553,1285,1263,32,551,19,20,2945,16,4679],"class_list":{"0":"post-119156","1":"post","2":"type-post","3":"status-publish","4":"format-standard","5":"has-post-thumbnail","7":"category-suomi","8":"tag-breaking-news","9":"tag-breakingnews","10":"tag-featured-news","11":"tag-featurednews","12":"tag-fi","13":"tag-finland","14":"tag-finnish","15":"tag-headlines","16":"tag-kotimaa","17":"tag-latest-news","18":"tag-latestnews","19":"tag-main-news","20":"tag-mainnews","21":"tag-news","22":"tag-otsikot","23":"tag-paauutiset","24":"tag-pirkanmaa","25":"tag-pirkanmaan-karajaoikeus","26":"tag-rikosepailyt","27":"tag-suomi","28":"tag-tampere","29":"tag-top-stories","30":"tag-topstories","31":"tag-torkea-pahoinpitely","32":"tag-uutiset","33":"tag-vapaudenriisto"},"share_on_mastodon":{"url":"https:\/\/pubeurope.com\/@fi\/115737208174133225","error":""},"_links":{"self":[{"href":"https:\/\/www.europesays.com\/fi\/wp-json\/wp\/v2\/posts\/119156","targetHints":{"allow":["GET"]}}],"collection":[{"href":"https:\/\/www.europesays.com\/fi\/wp-json\/wp\/v2\/posts"}],"about":[{"href":"https:\/\/www.europesays.com\/fi\/wp-json\/wp\/v2\/types\/post"}],"author":[{"embeddable":true,"href":"https:\/\/www.europesays.com\/fi\/wp-json\/wp\/v2\/users\/2"}],"replies":[{"embeddable":true,"href":"https:\/\/www.europesays.com\/fi\/wp-json\/wp\/v2\/comments?post=119156"}],"version-history":[{"count":0,"href":"https:\/\/www.europesays.com\/fi\/wp-json\/wp\/v2\/posts\/119156\/revisions"}],"wp:featuredmedia":[{"embeddable":true,"href":"https:\/\/www.europesays.com\/fi\/wp-json\/wp\/v2\/media\/119157"}],"wp:attachment":[{"href":"https:\/\/www.europesays.com\/fi\/wp-json\/wp\/v2\/media?parent=119156"}],"wp:term":[{"taxonomy":"category","embeddable":true,"href":"https:\/\/www.europesays.com\/fi\/wp-json\/wp\/v2\/categories?post=119156"},{"taxonomy":"post_tag","embeddable":true,"href":"https:\/\/www.europesays.com\/fi\/wp-json\/wp\/v2\/tags?post=119156"}],"curies":[{"name":"wp","href":"https:\/\/api.w.org\/{rel}","templated":true}]}}