{"id":119159,"date":"2025-12-17T22:25:07","date_gmt":"2025-12-17T22:25:07","guid":{"rendered":"https:\/\/www.europesays.com\/fi\/119159\/"},"modified":"2025-12-17T22:25:07","modified_gmt":"2025-12-17T22:25:07","slug":"khloe-kardashianin-lapsilla-yllattava-joululahjatoive","status":"publish","type":"post","link":"https:\/\/www.europesays.com\/fi\/119159\/","title":{"rendered":"Khlo\u00e9 Kardashianin lapsilla yll\u00e4tt\u00e4v\u00e4 joululahjatoive"},"content":{"rendered":"<p>            All Over Press\n        <\/p>\n<p class=\"subtitle \">True ja Tatum eiv\u00e4t ole toivoneet kasoittain leluja, vaikka \u00e4idill\u00e4 varmasti olisi varaa sponsoroida Joulupukkia.<\/p>\n<p class=\"article-content article-content-width !bg-background\">Kardashianin klaaniin kuuluvan , 41, lapset ovat l\u00e4hett\u00e4neet kirjeen Joulupukille.<\/p>\n<p class=\"font-weight-bold m-font-weight-bold article-content article-content-width !bg-background\">Katso arkistovideo: Khlo\u00e9 Kardashianin kauneusleikkaukset<\/p>\n<p class=\"article-content article-content-width !bg-background\">Kardashianeilla on niin paljon p\u00e4t\u00e4kk\u00e4\u00e4, ett\u00e4 lapsoset voisivat luultavasti toivoa hirvitt\u00e4v\u00e4n kasan l\u00e4hes mit\u00e4 tahansa leluja ja lahjoja. Yll\u00e4tt\u00e4en tyt\u00e4r , 7, ja poika , 3, ovat toivoneet vain yht\u00e4 asiaa.<\/p>\n<p>        <a itemprop=\"url\" href=\"https:\/\/www.seiska.fi\/ulkomaat\/khloe-kardashian-ei-salli-lapsilleen-yokylailya-taustalla-synkka-syy\/1678775\" rel=\"nofollow noopener\" target=\"_blank\"><\/p>\n<p>\nTaustalla synkk\u00e4 syy\n<\/p>\n<p class=\"section-date\">\n        <strong class=\"article-section\" data-section=\"ulkomaat\"><br \/>\n            ulkomaat<br \/>\n        <\/strong><br \/>\n        19.4. 16:30\n    <\/p>\n<p>Khlo\u00e9 Kardashian ei salli lapsilleen y\u00f6kyl\u00e4ily\u00e4 &#8211; taustalla synkk\u00e4 syy\n    <\/p>\n<p itemprop=\"description\" class=\"subtitle \">\n    Khloe kertoo tiukasta kasvatusfilosofiastaan tuoreessa podcast-jaksossa.\n<\/p>\n<p>        <\/a><\/p>\n<p class=\"article-content article-content-width !bg-background\">Khlo\u00e9 jakoi Instagram-sivullaan 15. joulukuuta kuvakarusellin, joka sis\u00e4lsi lasten kirjoittaman suloisen viestin.<\/p>\n<p class=\"article-content article-content-width !bg-background\"> \u2013 Rakas Joulupukki, saisinko oikean koiranpennun. Haluan mustan labradorinnoutajan, s\u00f6p\u00f6ss\u00e4, k\u00e4sinkirjoitetussa lappusessa lukee.<\/p>\n<p class=\"article-content article-content-width !bg-background\">\u2013 Joulupukki, varmista ett\u00e4 se on oikea,\u00a0sisarukset lis\u00e4siv\u00e4t v\u00e4ltt\u00e4\u00e4kseen, ettei paketista l\u00f6ydy pehmolelua allekirjoittaen kirjeen nimill\u00e4 True ja Tay Tay.<\/p>\n<p class=\"article-content article-content-width !bg-background\">N\u00e4ht\u00e4v\u00e4ksi j\u00e4\u00e4, saavatko pikku-Kardashianit oikeaa koiranpentua vaiko eiv\u00e4t.<\/p>\n<p>Aiemmin paketista paljastui kissa<\/p>\n<p class=\"article-content article-content-width !bg-background\">Kyseess\u00e4 ei olisi ensimm\u00e4inen kerta, kun Khlo\u00e9 hemmottelee lapsiaan lemmikkilahjalla.\u00a0<\/p>\n<p class=\"article-content article-content-width !bg-background\">Viime vuoden huhtikuussa True sai kissan 6\u2011vuotissyntym\u00e4p\u00e4iv\u00e4lahjaksi. T\u00e4m\u00e4 tuli perheen ensimm\u00e4isen kissan, Grey Kittyn, seuraksi.<\/p>\n<p class=\"article-content article-content-width !bg-background\"> \u2013 Tervetuloa perheeseen, Baby Kitty. Kaikki, mit\u00e4 True halusi kuudentena syntym\u00e4p\u00e4iv\u00e4n\u00e4\u00e4n, oli toinen kissa. H\u00e4n on niin hyv\u00e4 kissa\u00e4iti Grey Kittylle. Tied\u00e4n, ett\u00e4 h\u00e4n on yht\u00e4 ihana my\u00f6s Baby Kittylle, Khlo\u00e9 kirjoitti tuolloin sosiaalisessa mediassa.<\/p>\n<p class=\"article-content article-content-width !bg-background\"> \u2013 En olisi miljoonassa vuodessa uskonut, ett\u00e4 minulla olisi yksi kissa, saati kaksi. Mutta t\u00e4ss\u00e4 ollaan, ja rakastan niit\u00e4. Rakastan my\u00f6s sit\u00e4, miten paljon lapseni rakastavat niit\u00e4. Mutta t\u00e4m\u00e4 on kissojen yl\u00e4raja minulle. Kaksi riitt\u00e4\u00e4.<\/p>\n<p>        <a itemprop=\"url\" href=\"https:\/\/www.seiska.fi\/ulkomaat\/no-nyt-kardashianin-klaanilla-huikea-suomi-yhteys\/1662610\" rel=\"nofollow noopener\" target=\"_blank\"><\/p>\n<p>\nNo nyt!\n<\/p>\n<p class=\"section-date\">\n        <strong class=\"article-section\" data-section=\"ulkomaat\"><br \/>\n            ulkomaat<br \/>\n        <\/strong><br \/>\n        2.4. 14:27\n    <\/p>\n<p>No nyt! Kardashianin klaanilla huikea Suomi-yhteys\n    <\/p>\n<p itemprop=\"description\" class=\"subtitle \">\n    Khlo\u00e9 Kardashian vaikuttaa mieltyneen Suomi-retroon.\n<\/p>\n<p>        <\/a><\/p>\n","protected":false},"excerpt":{"rendered":"All Over Press True ja Tatum eiv\u00e4t ole toivoneet kasoittain leluja, vaikka \u00e4idill\u00e4 varmasti olisi varaa sponsoroida Joulupukkia.&hellip;\n","protected":false},"author":2,"featured_media":119160,"comment_status":"","ping_status":"","sticky":false,"template":"","format":"standard","meta":{"footnotes":""},"categories":[136],"tags":[407,137,33,31,30,5856,19574,14472,408,1385,3434,11388,1381,3427,98,32,109],"class_list":{"0":"post-119159","1":"post","2":"type-post","3":"status-publish","4":"format-standard","5":"has-post-thumbnail","7":"category-julkkikset","8":"tag-celebrities","9":"tag-entertainment","10":"tag-fi","11":"tag-finland","12":"tag-finnish","13":"tag-joulu","14":"tag-joululahja","15":"tag-joulupukki","16":"tag-julkkikset","17":"tag-khloe-kardashian","18":"tag-koira","19":"tag-koiranpentu","20":"tag-lahja","21":"tag-lemmikki","22":"tag-perhe","23":"tag-suomi","24":"tag-viihde"},"share_on_mastodon":{"url":"https:\/\/pubeurope.com\/@fi\/115737259144573929","error":""},"_links":{"self":[{"href":"https:\/\/www.europesays.com\/fi\/wp-json\/wp\/v2\/posts\/119159","targetHints":{"allow":["GET"]}}],"collection":[{"href":"https:\/\/www.europesays.com\/fi\/wp-json\/wp\/v2\/posts"}],"about":[{"href":"https:\/\/www.europesays.com\/fi\/wp-json\/wp\/v2\/types\/post"}],"author":[{"embeddable":true,"href":"https:\/\/www.europesays.com\/fi\/wp-json\/wp\/v2\/users\/2"}],"replies":[{"embeddable":true,"href":"https:\/\/www.europesays.com\/fi\/wp-json\/wp\/v2\/comments?post=119159"}],"version-history":[{"count":0,"href":"https:\/\/www.europesays.com\/fi\/wp-json\/wp\/v2\/posts\/119159\/revisions"}],"wp:featuredmedia":[{"embeddable":true,"href":"https:\/\/www.europesays.com\/fi\/wp-json\/wp\/v2\/media\/119160"}],"wp:attachment":[{"href":"https:\/\/www.europesays.com\/fi\/wp-json\/wp\/v2\/media?parent=119159"}],"wp:term":[{"taxonomy":"category","embeddable":true,"href":"https:\/\/www.europesays.com\/fi\/wp-json\/wp\/v2\/categories?post=119159"},{"taxonomy":"post_tag","embeddable":true,"href":"https:\/\/www.europesays.com\/fi\/wp-json\/wp\/v2\/tags?post=119159"}],"curies":[{"name":"wp","href":"https:\/\/api.w.org\/{rel}","templated":true}]}}