{"id":119171,"date":"2025-12-17T22:38:08","date_gmt":"2025-12-17T22:38:08","guid":{"rendered":"https:\/\/www.europesays.com\/fi\/119171\/"},"modified":"2025-12-17T22:38:08","modified_gmt":"2025-12-17T22:38:08","slug":"saksan-parlamentti-hyvaksyi-50-miljardin-euron-asehankinnat-uutisia-lyhyesti","status":"publish","type":"post","link":"https:\/\/www.europesays.com\/fi\/119171\/","title":{"rendered":"Saksan parlamentti hyv\u00e4ksyi 50 miljardin euron asehankinnat | Uutisia lyhyesti"},"content":{"rendered":"<p class=\"aw-1gybjub aw-1p7kakr kEtdKx cEmitX yle__article__paragraph\">Saksan parlamentin j\u00e4senet hyv\u00e4ksyiv\u00e4t keskiviikkona noin 50 miljardin euron suuruiset asehankinnat, maan hallitus kertoi.<\/p>\n<p class=\"aw-1gybjub aw-1p7kakr kEtdKx cEmitX yle__article__paragraph\">P\u00e4\u00e4t\u00f6ksen tarkoituksena on nopeuttaa Saksan puolustusmenojen kasvattamista vastauksena Ven\u00e4j\u00e4n aiheuttamaan uhkaan.<\/p>\n<p class=\"aw-1gybjub aw-1p7kakr kEtdKx cEmitX yle__article__paragraph\">\u2013 Haluamme toimia liittolaisillemme ja Nato-kumppaneillemme esimerkkin\u00e4, puolustusministeri\u00f6 toteaa lausunnossaan.<\/p>\n<p class=\"aw-1gybjub aw-1p7kakr kEtdKx cEmitX yle__article__paragraph\">Asehankintojen joukossa on muun muassa ohjuksia ja panssaroituja ajoneuvoja, puolustusministeri\u00f6 kertoo.<\/p>\n<p class=\"aw-1gybjub aw-1p7kakr kEtdKx cEmitX yle__article__paragraph\">L\u00e4hde: Reuters<\/p>\n","protected":false},"excerpt":{"rendered":"Saksan parlamentin j\u00e4senet hyv\u00e4ksyiv\u00e4t keskiviikkona noin 50 miljardin euron suuruiset asehankinnat, maan hallitus kertoi. P\u00e4\u00e4t\u00f6ksen tarkoituksena on nopeuttaa&hellip;\n","protected":false},"author":2,"featured_media":74,"comment_status":"","ping_status":"","sticky":false,"template":"","format":"standard","meta":{"footnotes":""},"categories":[12],"tags":[804,22,23,26,27,33,31,30,17,24,25,28,29,15,18,21,11591,2535,3911,32,19,20,546,16],"class_list":{"0":"post-119171","1":"post","2":"type-post","3":"status-publish","4":"format-standard","5":"has-post-thumbnail","7":"category-suomi","8":"tag-aseelliset-konfliktit","9":"tag-breaking-news","10":"tag-breakingnews","11":"tag-featured-news","12":"tag-featurednews","13":"tag-fi","14":"tag-finland","15":"tag-finnish","16":"tag-headlines","17":"tag-latest-news","18":"tag-latestnews","19":"tag-main-news","20":"tag-mainnews","21":"tag-news","22":"tag-otsikot","23":"tag-paauutiset","24":"tag-puolustusministerio","25":"tag-puolustuspolitiikka","26":"tag-saksa","27":"tag-suomi","28":"tag-top-stories","29":"tag-topstories","30":"tag-turvallisuus","31":"tag-uutiset"},"share_on_mastodon":{"url":"https:\/\/pubeurope.com\/@fi\/115737310287361195","error":""},"_links":{"self":[{"href":"https:\/\/www.europesays.com\/fi\/wp-json\/wp\/v2\/posts\/119171","targetHints":{"allow":["GET"]}}],"collection":[{"href":"https:\/\/www.europesays.com\/fi\/wp-json\/wp\/v2\/posts"}],"about":[{"href":"https:\/\/www.europesays.com\/fi\/wp-json\/wp\/v2\/types\/post"}],"author":[{"embeddable":true,"href":"https:\/\/www.europesays.com\/fi\/wp-json\/wp\/v2\/users\/2"}],"replies":[{"embeddable":true,"href":"https:\/\/www.europesays.com\/fi\/wp-json\/wp\/v2\/comments?post=119171"}],"version-history":[{"count":0,"href":"https:\/\/www.europesays.com\/fi\/wp-json\/wp\/v2\/posts\/119171\/revisions"}],"wp:featuredmedia":[{"embeddable":true,"href":"https:\/\/www.europesays.com\/fi\/wp-json\/wp\/v2\/media\/74"}],"wp:attachment":[{"href":"https:\/\/www.europesays.com\/fi\/wp-json\/wp\/v2\/media?parent=119171"}],"wp:term":[{"taxonomy":"category","embeddable":true,"href":"https:\/\/www.europesays.com\/fi\/wp-json\/wp\/v2\/categories?post=119171"},{"taxonomy":"post_tag","embeddable":true,"href":"https:\/\/www.europesays.com\/fi\/wp-json\/wp\/v2\/tags?post=119171"}],"curies":[{"name":"wp","href":"https:\/\/api.w.org\/{rel}","templated":true}]}}