{"id":119173,"date":"2025-12-17T22:51:10","date_gmt":"2025-12-17T22:51:10","guid":{"rendered":"https:\/\/www.europesays.com\/fi\/119173\/"},"modified":"2025-12-17T22:51:10","modified_gmt":"2025-12-17T22:51:10","slug":"nain-sairaan-bruce-willisin-perhe-viettaa-joulua","status":"publish","type":"post","link":"https:\/\/www.europesays.com\/fi\/119173\/","title":{"rendered":"N\u00e4in sairaan Bruce Willisin perhe viett\u00e4\u00e4 joulua"},"content":{"rendered":"<p>            All Over Press\n        <\/p>\n<p class=\"subtitle \">Brucen vaimo kertoo, ett\u00e4 jouluna heid\u00e4n huushollissaan py\u00f6rii Die Hard.<\/p>\n<p class=\"article-content article-content-width !bg-background\">Entisen toimintat\u00e4hti , 70, diagnoosi on jo pitk\u00e4\u00e4n ollut koko maailman tiedossa.<\/p>\n<p class=\"font-weight-bold m-font-weight-bold article-content article-content-width !bg-background\">Katso arkistovideo: Ex-vaimo hoitaa sairasta Brucea<\/p>\n<p class=\"article-content article-content-width !bg-background\"> Brucella todettiin afasia vuonna 2022, ja my\u00f6hemmin frontotemporaalinen dementia. Tuolloin perhe ilmoitti, ett\u00e4 h\u00e4n vet\u00e4ytyy n\u00e4yttelemisest\u00e4. <\/p>\n<p class=\"article-content article-content-width !bg-background\"> T\u00e4m\u00e4n vuoden elokuussa Brucen vaimo , 47, kertoi tehneens\u00e4 vaikean p\u00e4\u00e4t\u00f6ksen siirt\u00e4\u00e4 Bruce asumaan erilliseen hoivakotiin, koska n\u00e4yttelij\u00e4n sairaus vaatii ymp\u00e4rivuorokautista hoitoa rauhallisessa ja turvallisessa ymp\u00e4rist\u00f6ss\u00e4.<\/p>\n<p>        <a itemprop=\"url\" href=\"https:\/\/www.seiska.fi\/ulkomaat\/uutta-tietoa-vakavasti-sairaan-bruce-willisin-tilanteessa\/2000688\" rel=\"nofollow noopener\" target=\"_blank\"><\/p>\n<p>\nVakavasti sairastunut Bruce Willis\n<\/p>\n<p class=\"section-date\">\n        <strong class=\"article-section\" data-section=\"ulkomaat\"><br \/>\n            ulkomaat<br \/>\n        <\/strong><br \/>\n        21.11. 20:30\n    <\/p>\n<p>Uutta tietoa vakavasti sairaan Bruce Willisin tilanteessa\n    <\/p>\n<p itemprop=\"description\" class=\"subtitle \">\n    Brucen voinnin heikkeneminen on aiheuttanut suurta huolta maailmanlaajuisesti.\n<\/p>\n<p>        <\/a><\/p>\n<p class=\"article-content article-content-width !bg-background\">Sairaudesta huolimatta Emma odottaa innolla joulun aikaa miehens\u00e4 ja muun perheens\u00e4 kanssa.<\/p>\n<p class=\"article-content article-content-width !bg-background\">\u2013 Se on iloista. Se on vain erilaista, Emma kertoi <a href=\"https:\/\/people.com\/emma-heming-willis-holidays-joyous-different-bruce-willis-exclusive-11856367\" target=\"_blank\" rel=\"nofollow noopener\">Peoplelle<\/a>\u00a0marraskuun lopussa.\u00a0<\/p>\n<p class=\"article-content article-content-width !bg-background\">\u2013 Bruce rakasti joulua, ja me rakastamme juhlia sit\u00e4 h\u00e4nen kanssaan. Se vain n\u00e4ytt\u00e4\u00e4 erilaiselta, joten olemme tavallaan sopeutuneet siihen.<\/p>\n<p>                <img decoding=\"async\" src=\"https:\/\/www.europesays.com\/fi\/wp-content\/uploads\/2025\/12\/2023428.webp\" width=\"576\" height=\"586\" alt=\"Bruce ja Emma ovat olleet naimisissa 16 vuotta.\" loading=\"lazy\" \/>            <\/p>\n<p>\n            Bruce ja Emma ovat olleet naimisissa 16 vuotta.<br \/>\n            All Over Press\n        <\/p>\n<p>Jouluna katsomme Die Hardin!<\/p>\n<p class=\"article-content article-content-width !bg-background\">Peoplen haastattelussa Emma my\u00f6nt\u00e4\u00e4, ett\u00e4 dementiaa sairastavien l\u00e4heisille juhlapyh\u00e4t voivat olla todella vaikeita.\u00a0<\/p>\n<p class=\"article-content article-content-width !bg-background\">\u2013 Mutta minusta on t\u00e4rke\u00e4\u00e4 laittaa Die Hard py\u00f6rim\u00e4\u00e4n, koska se on jouluelokuva, h\u00e4n murjaisi.<\/p>\n<p class=\"article-content article-content-width !bg-background\">\u2013 Pit\u00e4\u00e4 oppia ja sopeutua ja luoda uusia muistoja, tuoda mukaan samoja perinteit\u00e4 kuin ennenkin. El\u00e4m\u00e4 jatkuu. Se vain jatkuu. Dementia on raskasta, mutta siin\u00e4 on silti iloa. Minusta on t\u00e4rke\u00e4\u00e4, ettemme maalaa dementiaa liian negatiiviseen valoon. Nauramme yh\u00e4. Iloa on yh\u00e4. Se vain n\u00e4ytt\u00e4\u00e4 erilaiselta.<\/p>\n<p class=\"article-content article-content-width !bg-background\">Emma ja Bruce ovat olleet naimisissa vuodesta 2009. Heill\u00e4 on kaksi yhteist\u00e4 lasta, , 13, ja , 11. Brucella on my\u00f6s kolme aikuista tyt\u00e4rt\u00e4 edellisest\u00e4 liitostaan n\u00e4yttelij\u00e4  kanssa.<\/p>\n<p class=\"article-content article-content-width !bg-background\">Emman mukaan perheen el\u00e4m\u00e4 on hyvin yksinkertaista.<\/p>\n<p class=\"article-content article-content-width !bg-background\">\u2013 Minusta ilo on siin\u00e4, ett\u00e4 voin olla l\u00e4sn\u00e4 h\u00e4nen kanssaan. Ett\u00e4 voin olla h\u00e4nelle vaimo.\u00a0<\/p>\n<p>        <a itemprop=\"url\" href=\"https:\/\/www.seiska.fi\/ulkomaat\/vakavasti-sairaan-bruce-willisin-nuoret-tyttaret-surevat-isaansa-nain-voi-11-vuotias-evelyn\/1976397\" rel=\"nofollow noopener\" target=\"_blank\"><\/p>\n<p>\nN\u00e4in voi 11-vuotias Evelyn\n<\/p>\n<p class=\"section-date\">\n        <strong class=\"article-section\" data-section=\"ulkomaat\"><br \/>\n            ulkomaat<br \/>\n        <\/strong><br \/>\n        29.10. 19:00\n    <\/p>\n<p>Vakavasti sairaan Bruce Willisin nuoret tytt\u00e4ret surevat is\u00e4\u00e4ns\u00e4 \u2013 n\u00e4in voi 11-vuotias Evelyn\n    <\/p>\n<p itemprop=\"description\" class=\"subtitle \">\n    Brucen vaimo Emma Heming Willis kertoo, ettei ole varma toipuvatko h\u00e4nen lapsensa koskaan.\n<\/p>\n<p>        <\/a><\/p>\n<p>El\u00e4m\u00e4niloa sairaudesta huolimatta<\/p>\n<p class=\"article-content article-content-width !bg-background\">Brucen voinnista saatiin vastik\u00e4\u00e4n uutta tietoa. <a href=\"https:\/\/starmagazine.com\/bruce-willis-finding-happiness-amid-dementia-battle-he-still-has-more-life-to-live-exclusive\/\" target=\"_blank\" rel=\"nofollow noopener\">Star Magazinen<\/a> sis\u00e4piirin l\u00e4hteen mukaan Hollywood-legendan el\u00e4m\u00e4 on iloista.<\/p>\n<p class=\"article-content article-content-width !bg-background\">\u2013 H\u00e4net julistetaan jatkuvasti jo suurin piirtein kuolleeksi, mutta Bruce on voinut itse asiassa viime aikoina paljon paremmin. H\u00e4nen maailmassaan ei todellakaan ole pelkk\u00e4\u00e4 synkkyytt\u00e4, l\u00e4hde sanoi.<\/p>\n<p class=\"article-content article-content-width !bg-background\">\u2013 Bruce ei vain istu ja tuijota televisiota koko p\u00e4iv\u00e4\u00e4. H\u00e4nell\u00e4 on yh\u00e4 el\u00e4m\u00e4\u00e4 elett\u00e4v\u00e4n\u00e4, omassa tahdissaan.<\/p>\n<p>        <a itemprop=\"url\" href=\"https:\/\/www.seiska.fi\/ulkomaat\/bruce-willisin-vaimolta-sydantasarkeva-paljastus-luulin-dementiaoireiden-johtuvan-minusta\/1921109\" rel=\"nofollow noopener\" target=\"_blank\"><\/p>\n<p>\nVaimolta syd\u00e4nt\u00e4s\u00e4rkev\u00e4 paljastus\n<\/p>\n<p class=\"section-date\">\n        <strong class=\"article-section\" data-section=\"ulkomaat\"><br \/>\n            ulkomaat<br \/>\n        <\/strong><br \/>\n        4.9. 20:30\n    <\/p>\n<p>Bruce Willisin vaimolta syd\u00e4nt\u00e4s\u00e4rkev\u00e4 paljastus: Luulin dementiaoireiden johtuvan minusta\n    <\/p>\n<p itemprop=\"description\" class=\"subtitle \">\n    Kun vakavasti sairaan Brucen oireet alkoivat, luuli vaimo heid\u00e4n avioliitossaan olevan vakavia ongelmia.\n<\/p>\n<p>        <\/a><\/p>\n<p class=\"article-content article-content-width !bg-background\">Bruce asuu erillisess\u00e4 yksikerroksisessa talossa, jossa h\u00e4n saa hoitoa ymp\u00e4ri vuorokauden. Emma kertoi aiemmin  <a href=\"https:\/\/abcnews.go.com\/GMA\/Culture\/bruce-willis-wife-update-health-dementia-caregiving\/story?id=124879469\" target=\"_blank\" rel=\"nofollow noopener\">haastattelussa<\/a> k\u00e4yv\u00e4ns\u00e4 miehens\u00e4 luona usein.<\/p>\n<p class=\"article-content article-content-width !bg-background\">\u2013 H\u00e4nen perheens\u00e4 k\u00e4y h\u00e4nen luonaan koko ajan, l\u00e4hde vahvistaa<\/p>\n<p class=\"article-content article-content-width !bg-background\">\u2013 Vaikkei h\u00e4n pysty t\u00e4ysin ilmaisemaan kiitollisuuttaan, h\u00e4n vaikuttaa tiedostavan, miten onnekas on saadessaan niin paljon tukea. H\u00e4n tuntee rakkauden.<\/p>\n<p>                <img decoding=\"async\" src=\"https:\/\/www.europesays.com\/fi\/wp-content\/uploads\/2025\/12\/2023407.webp\" width=\"576\" height=\"322\" alt=\"Brucen lempipuuhaa sairastumisen j\u00e4lkeen on ollut ajeluilla k\u00e4yminen avustajiensa kanssa.\" loading=\"lazy\" \/>            <\/p>\n<p>\n            Brucen lempipuuhaa sairastumisen j\u00e4lkeen on ollut ajeluilla k\u00e4yminen avustajiensa kanssa.<br \/>\n            All Over Press\n        <\/p>\n","protected":false},"excerpt":{"rendered":"All Over Press Brucen vaimo kertoo, ett\u00e4 jouluna heid\u00e4n huushollissaan py\u00f6rii Die Hard. Entisen toimintat\u00e4hti , 70, diagnoosi&hellip;\n","protected":false},"author":2,"featured_media":119174,"comment_status":"","ping_status":"","sticky":false,"template":"","format":"standard","meta":{"footnotes":""},"categories":[136],"tags":[1179,407,6867,6868,6869,137,33,31,30,5856,19964,408,4402,98,1311,3893,32,167,109],"class_list":{"0":"post-119173","1":"post","2":"type-post","3":"status-publish","4":"format-standard","5":"has-post-thumbnail","7":"category-julkkikset","8":"tag-bruce-willis","9":"tag-celebrities","10":"tag-dementia","11":"tag-die-hard","12":"tag-emma-heming-willis","13":"tag-entertainment","14":"tag-fi","15":"tag-finland","16":"tag-finnish","17":"tag-joulu","18":"tag-joulunvietto","19":"tag-julkkikset","20":"tag-muistisairaudet","21":"tag-perhe","22":"tag-rakkaus","23":"tag-sairaus","24":"tag-suomi","25":"tag-terveys","26":"tag-viihde"},"share_on_mastodon":{"url":"https:\/\/pubeurope.com\/@fi\/115737361507999577","error":""},"_links":{"self":[{"href":"https:\/\/www.europesays.com\/fi\/wp-json\/wp\/v2\/posts\/119173","targetHints":{"allow":["GET"]}}],"collection":[{"href":"https:\/\/www.europesays.com\/fi\/wp-json\/wp\/v2\/posts"}],"about":[{"href":"https:\/\/www.europesays.com\/fi\/wp-json\/wp\/v2\/types\/post"}],"author":[{"embeddable":true,"href":"https:\/\/www.europesays.com\/fi\/wp-json\/wp\/v2\/users\/2"}],"replies":[{"embeddable":true,"href":"https:\/\/www.europesays.com\/fi\/wp-json\/wp\/v2\/comments?post=119173"}],"version-history":[{"count":0,"href":"https:\/\/www.europesays.com\/fi\/wp-json\/wp\/v2\/posts\/119173\/revisions"}],"wp:featuredmedia":[{"embeddable":true,"href":"https:\/\/www.europesays.com\/fi\/wp-json\/wp\/v2\/media\/119174"}],"wp:attachment":[{"href":"https:\/\/www.europesays.com\/fi\/wp-json\/wp\/v2\/media?parent=119173"}],"wp:term":[{"taxonomy":"category","embeddable":true,"href":"https:\/\/www.europesays.com\/fi\/wp-json\/wp\/v2\/categories?post=119173"},{"taxonomy":"post_tag","embeddable":true,"href":"https:\/\/www.europesays.com\/fi\/wp-json\/wp\/v2\/tags?post=119173"}],"curies":[{"name":"wp","href":"https:\/\/api.w.org\/{rel}","templated":true}]}}