{"id":119194,"date":"2025-12-17T23:25:10","date_gmt":"2025-12-17T23:25:10","guid":{"rendered":"https:\/\/www.europesays.com\/fi\/119194\/"},"modified":"2025-12-17T23:25:10","modified_gmt":"2025-12-17T23:25:10","slug":"oscar-gaala-siirtyy-lahivuosina-youtubeen-uutisia-lyhyesti","status":"publish","type":"post","link":"https:\/\/www.europesays.com\/fi\/119194\/","title":{"rendered":"Oscar-gaala siirtyy l\u00e4hivuosina Youtubeen | Uutisia lyhyesti"},"content":{"rendered":"<p class=\"aw-1gybjub aw-1p7kakr kEtdKx cEmitX yle__article__paragraph\">Elokuva-akatemia ilmoittaa, ett\u00e4 Oscar-gaala siirtyy ABC-kanavalta Youtubeen vuodesta 2029 alkaen.<\/p>\n<p class=\"aw-1gybjub aw-1p7kakr kEtdKx cEmitX yle__article__paragraph\">ABC jatkaa Oscar-gaalan l\u00e4hett\u00e4mist\u00e4 vuoteen 2028 saakka, jolloin juhlitaan elokuva-alan t\u00e4rkeimm\u00e4n palkintotilaisuuden 100-vuotisjuhlaa.<\/p>\n<p class=\"aw-1gybjub aw-1p7kakr kEtdKx cEmitX yle__article__paragraph\">Vuodesta 2029 l\u00e4htien Youtube saa maailmanlaajuiset yksinoikeudet Oscar-gaalan suoratoistoon vuoteen 2033 asti.<\/p>\n<p class=\"aw-1gybjub aw-1p7kakr kEtdKx cEmitX yle__article__paragraph\">Vuodesta 2029 Youtubessa n\u00e4ytet\u00e4\u00e4n punaisen maton saapumiset, Governors Awards -tilaisuus sek\u00e4 Oscar-ehdokkaiden julkistukset.<\/p>\n<p class=\"aw-1gybjub aw-1p7kakr kEtdKx cEmitX yle__article__paragraph\">L\u00e4hde: AP<\/p>\n","protected":false},"excerpt":{"rendered":"Elokuva-akatemia ilmoittaa, ett\u00e4 Oscar-gaala siirtyy ABC-kanavalta Youtubeen vuodesta 2029 alkaen. ABC jatkaa Oscar-gaalan l\u00e4hett\u00e4mist\u00e4 vuoteen 2028 saakka, jolloin&hellip;\n","protected":false},"author":2,"featured_media":74,"comment_status":"","ping_status":"","sticky":false,"template":"","format":"standard","meta":{"footnotes":""},"categories":[130],"tags":[17149,21571,137,33,31,30,21570,1257,1271,32,109,920],"class_list":{"0":"post-119194","1":"post","2":"type-post","3":"status-publish","4":"format-standard","5":"has-post-thumbnail","7":"category-viihde","8":"tag-abc","9":"tag-elokuvapalkinnot","10":"tag-entertainment","11":"tag-fi","12":"tag-finland","13":"tag-finnish","14":"tag-oscar-gaala","15":"tag-oscar-palkinto","16":"tag-palkinnot","17":"tag-suomi","18":"tag-viihde","19":"tag-youtube"},"share_on_mastodon":{"url":"https:\/\/pubeurope.com\/@fi\/115737495022424341","error":""},"_links":{"self":[{"href":"https:\/\/www.europesays.com\/fi\/wp-json\/wp\/v2\/posts\/119194","targetHints":{"allow":["GET"]}}],"collection":[{"href":"https:\/\/www.europesays.com\/fi\/wp-json\/wp\/v2\/posts"}],"about":[{"href":"https:\/\/www.europesays.com\/fi\/wp-json\/wp\/v2\/types\/post"}],"author":[{"embeddable":true,"href":"https:\/\/www.europesays.com\/fi\/wp-json\/wp\/v2\/users\/2"}],"replies":[{"embeddable":true,"href":"https:\/\/www.europesays.com\/fi\/wp-json\/wp\/v2\/comments?post=119194"}],"version-history":[{"count":0,"href":"https:\/\/www.europesays.com\/fi\/wp-json\/wp\/v2\/posts\/119194\/revisions"}],"wp:featuredmedia":[{"embeddable":true,"href":"https:\/\/www.europesays.com\/fi\/wp-json\/wp\/v2\/media\/74"}],"wp:attachment":[{"href":"https:\/\/www.europesays.com\/fi\/wp-json\/wp\/v2\/media?parent=119194"}],"wp:term":[{"taxonomy":"category","embeddable":true,"href":"https:\/\/www.europesays.com\/fi\/wp-json\/wp\/v2\/categories?post=119194"},{"taxonomy":"post_tag","embeddable":true,"href":"https:\/\/www.europesays.com\/fi\/wp-json\/wp\/v2\/tags?post=119194"}],"curies":[{"name":"wp","href":"https:\/\/api.w.org\/{rel}","templated":true}]}}