{"id":119195,"date":"2025-12-17T23:28:23","date_gmt":"2025-12-17T23:28:23","guid":{"rendered":"https:\/\/www.europesays.com\/fi\/119195\/"},"modified":"2025-12-17T23:28:23","modified_gmt":"2025-12-17T23:28:23","slug":"big-friday-2026-yrittajat-fi","status":"publish","type":"post","link":"https:\/\/www.europesays.com\/fi\/119195\/","title":{"rendered":"Big Friday 2026 &#8211; Yrittajat.fi"},"content":{"rendered":"<p>Big Friday tulee j\u00e4lleen\u00a0<strong>perjantaina 30.1.2026 Kajaanihallille<\/strong>\u00a0teemanaan teko\u00e4lyn mahdollisuudet yritt\u00e4jyydess\u00e4 ja arjessa. T\u00e4n\u00e4 vuonna sukellamme siihen, miten AI muuttaa bisnest\u00e4, luovuutta ja ty\u00f6el\u00e4m\u00e4\u00e4 \u2014 ja ennen kaikkea siihen, miten jokainen meist\u00e4 voi hy\u00f6dynt\u00e4\u00e4 t\u00e4t\u00e4 murrosta omassa tekemisess\u00e4\u00e4n.<\/p>\n<p><strong>Big Fridayn lavalla n\u00e4hd\u00e4\u00e4n aiheeseen tiukasti kytkeytyvi\u00e4 huippupuhujia<\/strong><\/p>\n<p><strong>Jussi Pirhonen<\/strong>, Suomen Yritt\u00e4jien varapuheenjohtaja avaa pelin muistuttamalla, ett\u00e4 muutos \u2013 oli kyse teko\u00e4lyst\u00e4 tai toimintatapojen myll\u00e4\u00e4misest\u00e4 \u2013 on mahdollisuus, johon kannattaa tarttua nyt eik\u00e4 huomenna.<\/p>\n<p><strong>Antti Merilehto,<\/strong>\u00a0yksi Suomen tunnetuimmista teko\u00e4lyn ja ty\u00f6el\u00e4m\u00e4n asiantuntijoista, avaa selke\u00e4sti miss\u00e4 AI oikeasti on nyt ja mihin se on menossa.<\/p>\n<p><strong>Henri \u201dHenkka\u201d Hypp\u00f6nen<\/strong>, luovan ajattelun ja tulevaisuuden ty\u00f6el\u00e4m\u00e4n vision\u00e4\u00e4ri, pureutuu siihen, miten ihminen voi menesty\u00e4 teknologian rinnalla.<\/p>\n<p><strong>Joona Kotilainen<\/strong>, koomikko ja AI-sis\u00e4ll\u00f6ntuottaja, tuo teeman esiin humoristisella ja oivaltavalla twistill\u00e4 \u2014 n\u00e4ytt\u00e4en konkreettisesti, mit\u00e4 AI:lla voi tehd\u00e4 jo t\u00e4n\u00e4\u00e4n.<\/p>\n<p>Ilta huipentuu\u00a0<strong>DJ Ol\u00e1<\/strong>:n Disco Show\u2019hun. Ravintolapalveluista tapahtumassa vastaa\u00a0<strong>Ravintola\u00a0Ranch<\/strong>.<\/p>\n<p><strong>Katso ohjelma &amp; aikataulu!<\/strong><br \/>Tsekkaa tapahtumasivulta illan\u00a0tarkempi ohjelma ja aikataulu \u2013 niin tied\u00e4t, milloin kannattaa olla paikalla inspiroitumassa, verkostoitumassa ja nauttimassa illasta.<\/p>\n<p><strong>Varmista n\u00e4kyvyys \u2013 keidaspaikoista erikoistarjous j\u00e4senyritt\u00e4jille!<\/strong><br \/>J\u00e4senyritt\u00e4jille on tarjolla erikoistarjous keidaspaikoista, jotka tarjoavat loistavan mahdollisuuden tuoda yrityst\u00e4 ja palveluita esiin tapahtuman ytimess\u00e4. Paikat alkavat t\u00e4ytty\u00e4, mutta viel\u00e4 ehdit varata oman keitaasi \u2013 tai napata yhteisen paikan yritt\u00e4j\u00e4kaverin kanssa. Keidas on t\u00e4ydellinen kohtaamispaikka esiinty\u00e4, verkostoitua ja rakentaa uusia suhteita!<\/p>\n<p>Haluatko tehd\u00e4 Big Friday -kokemuksesta viel\u00e4kin el\u00e4myksellisemm\u00e4n ja saada yrityksellesi lis\u00e4n\u00e4kyvyytt\u00e4?\u00a0<strong>VIP-p\u00f6yt\u00e4<\/strong>\u00a0tarjoaa tyylikk\u00e4\u00e4n ja oman tilan porukallesi, jonottamatta ja parhaalla n\u00e4kyvyydell\u00e4 lavalle. Lis\u00e4ksi paketissa tulee mukana kevyt kumppanin\u00e4kyvyys tapahtumassa.<\/p>\n<p><strong>Helpota iltaasi \u2013 osta Ranchin ruoka- ja juomaliput ennakkoon!<\/strong><br \/>Tammikuun alussa tulevat myyntiin Ravintola Ranchin ennakkoon ostettavat ruoka- ja juomaliput. Ennakkoliput nopeuttavat asiointia tapahtumaravintolassa ja varmistavat, ett\u00e4 p\u00e4\u00e4set nauttimaan herkuista ilman jonoja \u2014 enemm\u00e4n aikaa itse el\u00e4mykselle!<\/p>\n<p><strong>Kokoa porukka ja tule mukaan!<\/strong><br \/>Maksuttomat bussikuljetukset kaikista Kainuun kunnista \u2014 kunhan l\u00e4htij\u00f6it\u00e4 on tarpeeksi. L\u00e4hde tiimin tai yritt\u00e4j\u00e4kavereiden kanssa viett\u00e4m\u00e4\u00e4n tammikuun mahtavin ilta inspiroivan ohjelman ja verkostoitumisen parissa!<\/p>\n<p><strong>Tapahtuma on maksuton \u2013 ilmoittaudu nyt!<\/strong><br \/>Big Friday on t\u00e4ysin maksuton osallistujille, ja ilmoittautuminen on nyt auki. Varmista paikkasi ajoissa ja tule mukaan kokemaan talven innostavin ilta!<\/p>\n<p>\n        {<br \/>\n        &#8221;name&#8221;:&#8221;Big Friday 2026&#8243;,<br \/>\n        &#8221;description&#8221;:&#8221;Linkki ilmoittautumiseen:\\n[url]https:\/\/link.webropolsurveys.com\/Participation\/Public\/f050485a-0af0-4de2-98f7-3925d9a3a8eb?displayId=Fin3543204[\/url]\\n\\nTapahtuman www-sivu:\\n[url]https:\/\/bigfriday.fi[\/url]&#8221;,<br \/>\n        &#8221;startDate&#8221;:&#8221;2026-01-30&#8243;,<br \/>\n        &#8221;startTime&#8221;:&#8221;15:30&#8243;,<br \/>\n        &#8221;endDate&#8221;:&#8221;2026-01-30&#8243;,<br \/>\n        &#8221;endTime&#8221;:&#8221;23:00&#8243;,<br \/>\n        &#8221;location&#8221;:&#8221;Ratakatu 2 87100 Kajaani&#8221;,<br \/>\n        &#8221;label&#8221;:&#8221;Lis\u00e4\u00e4 kalenteriin&#8221;,<br \/>\n        &#8221;options&#8221;:[<br \/>\n        &#8221;Apple&#8221;,<br \/>\n        &#8221;Google&#8221;,<br \/>\n        &#8221;iCal&#8221;,<br \/>\n        &#8221;Microsoft365&#8221;,<br \/>\n        &#8221;MicrosoftTeams&#8221;,<br \/>\n        &#8221;Outlook.com&#8221;,<br \/>\n        &#8221;Yahoo&#8221;<br \/>\n        ],<br \/>\n        &#8221;inline&#8221;:true,<br \/>\n\t\t&#8221;listStyle&#8221;:&#8221;modal&#8221;,<br \/>\n\t\t&#8221;trigger&#8221;:&#8221;click&#8221;,<br \/>\n\t\t&#8221;timeZone&#8221;:&#8221;Europe\/Helsinki&#8221;,<br \/>\n\t\t&#8221;iCalFileName&#8221;:&#8221;Yrittajat.fi &#8211; Big Friday 2026&#8243;<br \/>\n\t\t}\n\t<\/p>\n","protected":false},"excerpt":{"rendered":"Big Friday tulee j\u00e4lleen\u00a0perjantaina 30.1.2026 Kajaanihallille\u00a0teemanaan teko\u00e4lyn mahdollisuudet yritt\u00e4jyydess\u00e4 ja arjessa. T\u00e4n\u00e4 vuonna sukellamme siihen, miten AI muuttaa&hellip;\n","protected":false},"author":2,"featured_media":119196,"comment_status":"","ping_status":"","sticky":false,"template":"","format":"standard","meta":{"footnotes":""},"categories":[76],"tags":[79,77,33,31,30,32,78,1667,8341,21572,16134,2479,21573,15163,2691,2692],"class_list":{"0":"post-119195","1":"post","2":"type-post","3":"status-publish","4":"format-standard","5":"has-post-thumbnail","7":"category-talous","8":"tag-business","9":"tag-economy","10":"tag-fi","11":"tag-finland","12":"tag-finnish","13":"tag-suomi","14":"tag-talous","15":"tag-tapahtumat","16":"tag-tekou00e4ly","17":"tag-uudet-ju00e4senet","18":"tag-uudet-yritykset","19":"tag-verkostoituminen","20":"tag-yhteistyu00f6","21":"tag-yksinyrittu00e4ju00e4t","22":"tag-yrittu00e4ju00e4tarina","23":"tag-yrittu00e4minen"},"share_on_mastodon":{"url":"https:\/\/pubeurope.com\/@fi\/115737507062500571","error":""},"_links":{"self":[{"href":"https:\/\/www.europesays.com\/fi\/wp-json\/wp\/v2\/posts\/119195","targetHints":{"allow":["GET"]}}],"collection":[{"href":"https:\/\/www.europesays.com\/fi\/wp-json\/wp\/v2\/posts"}],"about":[{"href":"https:\/\/www.europesays.com\/fi\/wp-json\/wp\/v2\/types\/post"}],"author":[{"embeddable":true,"href":"https:\/\/www.europesays.com\/fi\/wp-json\/wp\/v2\/users\/2"}],"replies":[{"embeddable":true,"href":"https:\/\/www.europesays.com\/fi\/wp-json\/wp\/v2\/comments?post=119195"}],"version-history":[{"count":0,"href":"https:\/\/www.europesays.com\/fi\/wp-json\/wp\/v2\/posts\/119195\/revisions"}],"wp:featuredmedia":[{"embeddable":true,"href":"https:\/\/www.europesays.com\/fi\/wp-json\/wp\/v2\/media\/119196"}],"wp:attachment":[{"href":"https:\/\/www.europesays.com\/fi\/wp-json\/wp\/v2\/media?parent=119195"}],"wp:term":[{"taxonomy":"category","embeddable":true,"href":"https:\/\/www.europesays.com\/fi\/wp-json\/wp\/v2\/categories?post=119195"},{"taxonomy":"post_tag","embeddable":true,"href":"https:\/\/www.europesays.com\/fi\/wp-json\/wp\/v2\/tags?post=119195"}],"curies":[{"name":"wp","href":"https:\/\/api.w.org\/{rel}","templated":true}]}}