{"id":119205,"date":"2025-12-17T23:46:07","date_gmt":"2025-12-17T23:46:07","guid":{"rendered":"https:\/\/www.europesays.com\/fi\/119205\/"},"modified":"2025-12-17T23:46:07","modified_gmt":"2025-12-17T23:46:07","slug":"terasleidit-palaavat-kuuden-vuoden-jalkeen-uutissuomalainen","status":"publish","type":"post","link":"https:\/\/www.europesays.com\/fi\/119205\/","title":{"rendered":"Ter\u00e4sleidit palaavat kuuden vuoden j\u00e4lkeen | Uutissuomalainen"},"content":{"rendered":"<p>Sanalla komedia on Suomessa outo kaiku, sanoo k\u00e4sikirjoittaja-ohjaaja Pamela Tola. Kun puhutaan komediaelokuvasta, ajatellaan farssia ja banaaninkuoriin kompastelua.<\/p>\n<p>\u2013\u2009Ennen meill\u00e4 koettiin, ett\u00e4 komedia on aina kaupallista, ep\u00e4taidetta ja suunnilleen paheksuttavaa. N\u00e4kemys ei ole paljon muuttunut, Tola toteaa.<\/p>\n<p>\u2013\u2009Mutta komedian tarkoitus on parantaa yhteiskuntaa paljastamalla h\u00f6lm\u00f6yksi\u00e4 ja paheita.<\/p>\n<p>Siin\u00e4 Tola jatkaa vapaasti Aristoteleen Runousopissa esitt\u00e4mi\u00e4 havaintoja. Nauraminen on sosiaalinen mekanismi, jolla kommentoidaan yht\u00e4 lailla mattimeik\u00e4l\u00e4isten kuin vallanpit\u00e4jien taipumuksia.<\/p>\n<p>Eik\u00e4 hauskaa ole se, ett\u00e4 joku on nolo, vaan se, ett\u00e4 esitt\u00e4\u00e4 muuta kuin mit\u00e4 oikeasti on. Huumori antaa sek\u00e4 peilin ett\u00e4 uutta tarkastelukulmaa maailmaan, jossa el\u00e4mme.<\/p>\n<p>N\u00e4it\u00e4 pohdintoja mieless\u00e4\u00e4n Tola on viime aikoina ohjannut niin Luuserit-televisiosarjaa kuin nyt ensi-iltaan tulevan Ter\u00e4sleidit-jatko-osan.<\/p>\n<p>Ter\u00e4sleidit \u2013 kuin viimeist\u00e4 p\u00e4iv\u00e4\u00e4 kertoo paitsi naisten yst\u00e4vyydest\u00e4 ja sukulaisuussuhteiden kipeydest\u00e4, my\u00f6s siit\u00e4, miten yhteiskunnassa suhtaudutaan vanhempiin ihmisiin. Kaikki t\u00e4m\u00e4 suo komedian aineksia. Konkreettisessa kuoleman uhkassakin on vinoa hilpeytt\u00e4.<\/p>\n<p>\u2013\u2009Tietynlainen absurdius ja musta huumori vain tekee kerronnasta kiinnostavampaa, Tola kuvailee.<\/p>\n<p>\u2013\u2009Mit\u00e4 rankempi ja draamallisempi tarinan maailma on, sit\u00e4 enemm\u00e4n koomisia aspekteja on tarjolla. Nauraminen tuo v\u00e4limatkaa synkkien asioiden tarkasteluun.<\/p>\n<p>\t\t\t\tIrti k\u00f6p\u00f6yden leimasta<\/p>\n<p>Ensimm\u00e4inen Ter\u00e4sleidit oli valtava menestys. Kertomus Leena Uotilan, Seela Sellan ja Saara Pakkasvirran n\u00e4yttelemien ik\u00e4naisten pakomatkasta kes\u00e4iseen Suomeen ja itsen\u00e4isyyteen ehti saada alkuvuodesta 2020 noin 250\u2009000 katsojaa elokuvateattereissa, ennen kuin ne suljettiin pandemian vuoksi.<\/p>\n<p>Yll\u00e4tyksen\u00e4 suosio tuli ainakin tahoille, jotka eiv\u00e4t olleet hankkeeseen uskoneet. Tola on kertonut Ter\u00e4sleidien rahoituksen olleen pitk\u00e4 ja vaikea tie. H\u00e4nelle muun muassa sanottiin suoraan, ett\u00e4 aihe on suurelle yleis\u00f6lle ep\u00e4kiinnostava.<\/p>\n<p>Todistamisen taakkaa ei en\u00e4\u00e4 ollut, kun Tola punnitsi tarinan jatkamista. T\u00e4ll\u00e4 kertaa ensimm\u00e4inen hidaste olivat h\u00e4nen omat ep\u00e4ilyksens\u00e4.<\/p>\n<p>\u2013\u2009Pelk\u00e4sin, ett\u00e4 jatko-osa voisi tuhota Ter\u00e4sleidien hienon tarinan ja maailman, Tola sanoo.<\/p>\n<p>Toisaalta h\u00e4n koki, ett\u00e4 ensimm\u00e4isen elokuvan tie oli j\u00e4\u00e4nyt koronakev\u00e4\u00e4n\u00e4 kesken.<\/p>\n<p>\u2013\u2009T\u00e4rke\u00e4\u00e4 oli se ihana palaute, jota olin saanut. Kuulin elokuvateatterilevityksen ja my\u00f6hemmin televisioesityksen aikaan, miten merkitt\u00e4v\u00e4 kokemus elokuva oli monille ollut.<\/p>\n<p>Jatko-osan mahdollisuuksista Tola vakuuttui k\u00e4sikirjoittaja Karoliina Lindgrenin tehty\u00e4 pohjaty\u00f6n tarinan parissa.<\/p>\n<p>\u2013\u2009Kun l\u00e4hden tekem\u00e4\u00e4n jotain, minun pit\u00e4\u00e4 suhtautua siihen t\u00e4ydell\u00e4 intohimolla. Tiesin, ett\u00e4 jatko-osaan voi liitty\u00e4 k\u00f6p\u00f6yden leima, joten rima oli korkealla.<\/p>\n<p>\t\t\t\tKolmantena leidin\u00e4 Sanna-Kaisa Palo\u2028<\/p>\n<p>Jatko-osassa Pakkasvirta ei ole mukana. Kolmikoksi Inkerin (Uotila) ja h\u00e4nen sisarensa Railin (Sella) porukan t\u00e4ydent\u00e4\u00e4 Sanna-Kaisa Palon n\u00e4yttelem\u00e4 Kerttu. H\u00e4n on edesmenneen Sylvin yst\u00e4v\u00e4, jota Inkeri pit\u00e4\u00e4 aluksi hankalana h\u00f6ss\u00f6tt\u00e4j\u00e4n\u00e4.<\/p>\n<p>Pirjo Lonka palaa rooliinsa Inkerin tytt\u00e4ren\u00e4, joka p\u00e4\u00e4tt\u00e4\u00e4 keskitt\u00e4\u00e4 ylisuorittajaenergiansa \u00e4idin saattohoitoon. Palvelutalosta paennut Inkeri yritt\u00e4\u00e4 l\u00f6yt\u00e4\u00e4 romaanik\u00e4sikirjoituksen, jonka sijainnista ja sis\u00e4ll\u00f6st\u00e4 h\u00e4nell\u00e4 on vain hataria muistikuvia.<\/p>\n<p>Ter\u00e4sleidit \u2013 kuin viimeist\u00e4 p\u00e4iv\u00e4\u00e4 tulee ensi-iltaan melkein p\u00e4iv\u00e4lleen kuusi vuotta edelt\u00e4j\u00e4ns\u00e4 j\u00e4lkeen. Tekemisen ajankohta j\u00e4nnitti Tolaa Elokuvas\u00e4\u00e4ti\u00f6n kev\u00e4iseen rahoitusp\u00e4\u00e4t\u00f6kseen asti. Jos tuotantotuen my\u00f6nt\u00f6 olisi venynyt ja kuvaukset siirtyneet kes\u00e4\u00e4n 2026, n\u00e4yttelij\u00f6iden jaksamiseen liittyv\u00e4 riski olisi kasvanut.<\/p>\n<p>\u2013\u2009On v\u00e4h\u00e4n kapinallistakin tehd\u00e4 jatko-osaa tarinalle vanhemmista naisista. Jos jollekin elokuvalle pit\u00e4\u00e4 jatkoa tehd\u00e4, niin heist\u00e4 kertovalle, Tola sanoo.<\/p>\n<p>\t\t\t\tTeht\u00e4vien ja odotusten tasapainottelua<\/p>\n<p>Ter\u00e4sleidit &#8211; &#8211; &#8211; kuin viimeist\u00e4 p\u00e4iv\u00e4\u00e4 on Tolan viides pitk\u00e4 elokuva ohjaajana, kun mukaan lasketaan laulaja-lauluntekij\u00e4 Almasta kertova dokumentti Alma \u2013 Life Must Be Beautiful (2024). Jatko-osalle v\u00e4ist\u00e4m\u00e4tt\u00e4 asettuu ensimm\u00e4isen Ter\u00e4sleidien vetovoiman vuoksi my\u00f6s menestyspaineita.<\/p>\n<p>Ne ovat kuitenkin enemm\u00e4n tuotantoyhti\u00f6n huoli. <\/p>\n<p>\u2013\u2009Teen parhaan mahdollisen elokuvan aiheesta, johon uskon. On ihanaa, jos ihmiset katsovat sit\u00e4 ja pit\u00e4v\u00e4t siit\u00e4, Tola sanoo.<\/p>\n<p>\u2013\u2009Taiteiijana en voi kantaa sellaista vastuuta, ett\u00e4 elokuvan arvo liittyisi sen kaupalliseen menestykseen.<\/p>\n<p>Tolan edellinen n\u00e4ytelm\u00e4elokuva ohjaajana, J\u00e4rjett\u00f6m\u00e4n paska idea (2023), ei ollut hitti. <\/p>\n<p>\u2013\u2009Se oli alkujaankin yleis\u00f6mieless\u00e4 marginaalinen tarina. P\u00e4\u00e4henkil\u00f6 on hyvin negatiivinen ihminen, Tola kuvailee.<\/p>\n<p>H\u00e4n sanoo rakastavansa tuota elokuvaa ja sen n\u00e4yttelij\u00f6it\u00e4. P\u00e4\u00e4osia esittiv\u00e4t Alina Tomnikov ja Iina Kuustonen.<\/p>\n<p>\u2013\u2009Haasteellisen henkil\u00f6n ja raakojen ihmissuhteiden tutkiminen oli kiinnostavaa. Tiedostin, ett\u00e4 siin\u00e4 mentiin haurailla j\u00e4ill\u00e4.<\/p>\n<p>Tola tiet\u00e4\u00e4 omakohtaisesti, kuinka erilaisessa asemassa n\u00e4yttelij\u00e4 on kuin ohjaaja, jonka vastuulle elokuva asettuu sek\u00e4 taiteellisesti ett\u00e4 julkisuudessa. H\u00e4n kertoo paineisiin suhtautumisen vaatineen opettelua, miten ne eiv\u00e4t vie mukanaan.<\/p>\n<p>Ty\u00f6n alla on useita projekteja ohjaajana ja k\u00e4sikirjoittajana, sek\u00e4 elokuvia ett\u00e4 sarjoja. Elokuvan tekoprosessi on ohjaajalle v\u00e4hint\u00e4\u00e4n puolentoista vuoden pituinen ja intensiivisyydess\u00e4\u00e4n sellainen, ettei kaikissa v\u00e4leiss\u00e4 ehdi n\u00e4yttelem\u00e4\u00e4n muiden hankkeisiin.<\/p>\n<p>\u2013\u2009T\u00e4ll\u00e4 hetkell\u00e4 suurempi osa el\u00e4m\u00e4st\u00e4ni menee ohjaajan roolissa, mutta on ihanaa my\u00f6s n\u00e4ytell\u00e4 ja siin\u00e4 keskitty\u00e4 vain omaan tekemiseen, Tola sanoo.<\/p>\n","protected":false},"excerpt":{"rendered":"Sanalla komedia on Suomessa outo kaiku, sanoo k\u00e4sikirjoittaja-ohjaaja Pamela Tola. Kun puhutaan komediaelokuvasta, ajatellaan farssia ja banaaninkuoriin kompastelua.&hellip;\n","protected":false},"author":2,"featured_media":119206,"comment_status":"","ping_status":"","sticky":false,"template":"","format":"standard","meta":{"footnotes":""},"categories":[133],"tags":[153,2234,155,137,33,31,30,2433,108,154,32,485,206,140,156,109],"class_list":{"0":"post-119205","1":"post","2":"type-post","3":"status-publish","4":"format-standard","5":"has-post-thumbnail","7":"category-televisiot","8":"tag-audiovisuaalinen-media","9":"tag-elokuvagenre","10":"tag-elokuvat","11":"tag-entertainment","12":"tag-fi","13":"tag-finland","14":"tag-finnish","15":"tag-koronakuolema","16":"tag-kulttuuri","17":"tag-nayttelijat-teatteri","18":"tag-suomi","19":"tag-taide-yleista","20":"tag-televisiot","21":"tag-tv-ja-elokuvat","22":"tag-tv","23":"tag-viihde"},"share_on_mastodon":{"url":"https:\/\/pubeurope.com\/@fi\/115737577521861130","error":""},"_links":{"self":[{"href":"https:\/\/www.europesays.com\/fi\/wp-json\/wp\/v2\/posts\/119205","targetHints":{"allow":["GET"]}}],"collection":[{"href":"https:\/\/www.europesays.com\/fi\/wp-json\/wp\/v2\/posts"}],"about":[{"href":"https:\/\/www.europesays.com\/fi\/wp-json\/wp\/v2\/types\/post"}],"author":[{"embeddable":true,"href":"https:\/\/www.europesays.com\/fi\/wp-json\/wp\/v2\/users\/2"}],"replies":[{"embeddable":true,"href":"https:\/\/www.europesays.com\/fi\/wp-json\/wp\/v2\/comments?post=119205"}],"version-history":[{"count":0,"href":"https:\/\/www.europesays.com\/fi\/wp-json\/wp\/v2\/posts\/119205\/revisions"}],"wp:featuredmedia":[{"embeddable":true,"href":"https:\/\/www.europesays.com\/fi\/wp-json\/wp\/v2\/media\/119206"}],"wp:attachment":[{"href":"https:\/\/www.europesays.com\/fi\/wp-json\/wp\/v2\/media?parent=119205"}],"wp:term":[{"taxonomy":"category","embeddable":true,"href":"https:\/\/www.europesays.com\/fi\/wp-json\/wp\/v2\/categories?post=119205"},{"taxonomy":"post_tag","embeddable":true,"href":"https:\/\/www.europesays.com\/fi\/wp-json\/wp\/v2\/tags?post=119205"}],"curies":[{"name":"wp","href":"https:\/\/api.w.org\/{rel}","templated":true}]}}