{"id":119213,"date":"2025-12-17T23:55:09","date_gmt":"2025-12-17T23:55:09","guid":{"rendered":"https:\/\/www.europesays.com\/fi\/119213\/"},"modified":"2025-12-17T23:55:09","modified_gmt":"2025-12-17T23:55:09","slug":"venalaiset-rajavartijat-tulivat-luvatta-maahan","status":"publish","type":"post","link":"https:\/\/www.europesays.com\/fi\/119213\/","title":{"rendered":"Ven\u00e4l\u00e4iset rajavartijat tulivat luvatta maahan"},"content":{"rendered":"<p>Toistaiseksi ei ole tiedossa, miksi ven\u00e4l\u00e4iset rajavartijat ylittiv\u00e4t rajan, sanoo Viron sis\u00e4ministeri.<\/p>\n<p><img decoding=\"async\" class=\"image image-show image-preview\" src=\"https:\/\/www.europesays.com\/fi\/wp-content\/uploads\/2025\/12\/b54295a2066a5b121d3cad8aa883f5a2c6bde35179c85ec36c537eb15a96d488.jpg\" alt=\"\"\/><img decoding=\"async\" class=\"image image-show\" src=\"https:\/\/www.europesays.com\/fi\/wp-content\/uploads\/2025\/12\/1766015709_583_b54295a2066a5b121d3cad8aa883f5a2c6bde35179c85ec36c537eb15a96d488.jpg\" alt=\"\"\/><\/p>\n<p>Arkistokuva ven\u00e4l\u00e4isist\u00e4 ilmatyynyaluksista. Alukset voivat liikkua vedess\u00e4, j\u00e4\u00e4ll\u00e4 ja maalla. ZumaWire \/ MVPHOTOS<\/p>\n<p class=\"paragraph\">Kolme ven\u00e4l\u00e4ist\u00e4 rajavartijaa ylitti luvattomasti Viron rajan, Viron sis\u00e4ministeri <strong>Igor Taro<\/strong> sanoo.<\/p>\n<p class=\"paragraph\">Asiasta kertovat muun muassa Viron yleisradioyhti\u00f6 <a href=\"https:\/\/news.err.ee\/1609888417\/russian-border-guards-crossed-into-estonia-with-unclear-motives-minister-says\" target=\"_blank\" rel=\"noopener nofollow\">ERR<\/a> sek\u00e4 <a href=\"https:\/\/www.postimees.ee\/8381710\/video-vene-piirivalvurid-uletasid-narva-joel-ebaseaduslikult-ajutist-kontrolljoont-siseminister-taro-nende-motiivid-on-ebaselged\" target=\"_blank\" rel=\"noopener nofollow\">Postimees<\/a>.<\/p>\n<p class=\"paragraph\">Tapaus sattui median mukaan It\u00e4-Virumaalla keskiviikkona noin kymmenelt\u00e4 aamup\u00e4iv\u00e4ll\u00e4.<\/p>\n<p>N\u00e4in ylitys tapahtui<\/p>\n<p class=\"paragraph\">Ilmatyynyaluksella liikkuneet rajavartijat pys\u00e4htyiv\u00e4t median mukaan aallonmurtajalle Narvanjoella.<\/p>\n<p class=\"paragraph\">Kolme rajavartijaa nousi aluksesta ja k\u00e4veli aallonmurtajalla, virolaismediassa kerrotaan.<\/p>\n<p class=\"paragraph\">K\u00e4velyn aikana ven\u00e4l\u00e4iset ylittiv\u00e4t rajan, jossa Viro hallinnoi rakennetta, Taro sanoo. Aallonmurtaja on osittain Ven\u00e4j\u00e4n ja osin Viron hallinnassa.<\/p>\n<p class=\"paragraph\">Sen j\u00e4lkeen rajavartijat palasivat takaisin alukselle ja Ven\u00e4j\u00e4n puolelle Narvanjokea.<\/p>\n<p>Syy ei ole tiedossa<\/p>\n<p class=\"paragraph\">Tiedossa ei ole, miksi ven\u00e4l\u00e4iset ylittiv\u00e4t rajan, sis\u00e4ministeri Taro sanoo.<\/p>\n<p class=\"paragraph\">Ministeri ei osaa sanoa, oliko tapauksessa kyse Ven\u00e4j\u00e4n tahallisesta provokaatiosta.<\/p>\n<p class=\"paragraph\">\u2013 Asiasta ei ole selvyytt\u00e4. Sen vuoksi torstaille on sovittu rajaviranomaisten kokous, Taro sanoo.<\/p>\n<p class=\"paragraph\">Taron mukaan yksi virolaisten huolista on, ett\u00e4 ven\u00e4l\u00e4isten rajavartijoiden \u201dlaatu\u201d on muuttunut viime vuosina.<\/p>\n<p class=\"paragraph\">\u2013 Yksi huolenaiheemme Ven\u00e4j\u00e4n rajavartiolaitoksen suhteen on, ett\u00e4 sen henkil\u00f6st\u00f6n laatu on muuttunut eritt\u00e4in ep\u00e4tasaiseksi viime vuosina, Taro sanoo.<\/p>\n<p class=\"paragraph\">\u2013 Heill\u00e4 ei ole en\u00e4\u00e4 vakituista henkil\u00f6st\u00f6\u00e4 ymm\u00e4rrett\u00e4vist\u00e4 syist\u00e4. Ihmisi\u00e4 tuodaan muilta alueilta. Kyseess\u00e4 on toistuva ongelma.<\/p>\n<p class=\"paragraph\">Tapauksen j\u00e4lkeen alueella on ministerin mukaan lis\u00e4tty viranomaisvalvontaa.<\/p>\n<p class=\"paragraph\">\u2013 Tilanne ei aiheuttanut suoraa turvallisuusuhkaa, mutta poliisi ja rajavartiolaitos ovat lis\u00e4nneet merkitt\u00e4v\u00e4sti l\u00e4sn\u00e4oloaan sek\u00e4 partioitaan, Taro sanoo.<\/p>\n<p class=\"paragraph\">Viron ulkoministeri\u00f6 kutsuu Ven\u00e4j\u00e4n suurl\u00e4hetyst\u00f6n edustajan kuultavaksi, ERR kertoo.<\/p>\n","protected":false},"excerpt":{"rendered":"Toistaiseksi ei ole tiedossa, miksi ven\u00e4l\u00e4iset rajavartijat ylittiv\u00e4t rajan, sanoo Viron sis\u00e4ministeri. Arkistokuva ven\u00e4l\u00e4isist\u00e4 ilmatyynyaluksista. Alukset voivat liikkua&hellip;\n","protected":false},"author":2,"featured_media":119214,"comment_status":"","ping_status":"","sticky":false,"template":"","format":"standard","meta":{"footnotes":""},"categories":[14],"tags":[35,22,23,26,27,33,31,30,17,24,25,28,29,15,18,21,4281,637,878,5667,32,19,20,4280,56,16,59,60,61],"class_list":{"0":"post-119213","1":"post","2":"type-post","3":"status-publish","4":"format-standard","5":"has-post-thumbnail","7":"category-ulkomaat","8":"tag-24h","9":"tag-breaking-news","10":"tag-breakingnews","11":"tag-featured-news","12":"tag-featurednews","13":"tag-fi","14":"tag-finland","15":"tag-finnish","16":"tag-headlines","17":"tag-latest-news","18":"tag-latestnews","19":"tag-main-news","20":"tag-mainnews","21":"tag-news","22":"tag-otsikot","23":"tag-paauutiset","24":"tag-poliisitoimi-ja-rajojen-vartiointi","25":"tag-politiikka","26":"tag-puolustus-ja-rajavalvonta-maanpuolustus","27":"tag-rajojen-vartiointi-ja-vaestonsuojelu","28":"tag-suomi","29":"tag-top-stories","30":"tag-topstories","31":"tag-ulkoasiain-hallinto-maanpuolustus-ja-jarjestystoimi","32":"tag-ulkomaat","33":"tag-uutiset","34":"tag-world","35":"tag-world-news","36":"tag-worldnews"},"share_on_mastodon":{"url":"https:\/\/pubeurope.com\/@fi\/115737613252815374","error":""},"_links":{"self":[{"href":"https:\/\/www.europesays.com\/fi\/wp-json\/wp\/v2\/posts\/119213","targetHints":{"allow":["GET"]}}],"collection":[{"href":"https:\/\/www.europesays.com\/fi\/wp-json\/wp\/v2\/posts"}],"about":[{"href":"https:\/\/www.europesays.com\/fi\/wp-json\/wp\/v2\/types\/post"}],"author":[{"embeddable":true,"href":"https:\/\/www.europesays.com\/fi\/wp-json\/wp\/v2\/users\/2"}],"replies":[{"embeddable":true,"href":"https:\/\/www.europesays.com\/fi\/wp-json\/wp\/v2\/comments?post=119213"}],"version-history":[{"count":0,"href":"https:\/\/www.europesays.com\/fi\/wp-json\/wp\/v2\/posts\/119213\/revisions"}],"wp:featuredmedia":[{"embeddable":true,"href":"https:\/\/www.europesays.com\/fi\/wp-json\/wp\/v2\/media\/119214"}],"wp:attachment":[{"href":"https:\/\/www.europesays.com\/fi\/wp-json\/wp\/v2\/media?parent=119213"}],"wp:term":[{"taxonomy":"category","embeddable":true,"href":"https:\/\/www.europesays.com\/fi\/wp-json\/wp\/v2\/categories?post=119213"},{"taxonomy":"post_tag","embeddable":true,"href":"https:\/\/www.europesays.com\/fi\/wp-json\/wp\/v2\/tags?post=119213"}],"curies":[{"name":"wp","href":"https:\/\/api.w.org\/{rel}","templated":true}]}}