{"id":119215,"date":"2025-12-17T23:56:09","date_gmt":"2025-12-17T23:56:09","guid":{"rendered":"https:\/\/www.europesays.com\/fi\/119215\/"},"modified":"2025-12-17T23:56:09","modified_gmt":"2025-12-17T23:56:09","slug":"hameenkyron-kuntapaattaja-halusi-keventaa-tuntikausia-kestanytta-budjettikokousta-ja-kertoi-joulusadun-ehkaisykiellosta-pirkanmaa","status":"publish","type":"post","link":"https:\/\/www.europesays.com\/fi\/119215\/","title":{"rendered":"H\u00e4meenkyr\u00f6n kuntap\u00e4\u00e4tt\u00e4j\u00e4 halusi kevent\u00e4\u00e4 tuntikausia kest\u00e4nytt\u00e4 budjetti\u00adkokousta ja kertoi joulusadun ehk\u00e4isy\u00adkiellosta | Pirkanmaa"},"content":{"rendered":"<p class=\"aw-1gybjub aw-5vja16 kEtdKx kmuxyA yle__article__paragraph\">Puheenjohtaja halusi kannustaa h\u00e4meen\u00adkyr\u00f6l\u00e4isi\u00e4 huumorin keinoin lapsiluvun kasvattamiseen. <\/p>\n<p><img decoding=\"async\" alt=\"Kaksi kuvaa: Mies istuu ja katsoo kameraan. Miehell\u00e4 on harmaat viikset. H\u00e4meenkyr\u00f6n kunnan vaakuna, jossa kuvattuna sarvi ja t\u00e4hti.\" src=\"https:\/\/www.europesays.com\/fi\/wp-content\/uploads\/2025\/12\/39-15714336942c2161900f.jpeg\" class=\"aw-1l9m598 hKVVvP\"\/><\/p>\n<p>Avaa kuvien katselu<\/p>\n<p>H\u00e4meenkyr\u00f6n kunnanhallituksen puheenjohtaja Esa J\u00e4rvenp\u00e4\u00e4 kevensi valtuustokokousta joulusadulla. H\u00e4meenkyr\u00f6 on noin 10\u00a0300 asukkaan kunta Pirkanmaalla. Kuva: Marko Melto \/ Yle, kollaasi: Miikka Varila \/ Yle<\/p>\n<p class=\"aw-1gybjub aw-1p7kakr kEtdKx cEmitX yle__article__paragraph\">H\u00e4meenkyr\u00f6n l\u00e4hes kuusituntinen kunnanvaltuuston kokous p\u00e4\u00e4ttyi maanantaina 15. joulukuuta yll\u00e4tt\u00e4v\u00e4\u00e4n joulutervehdykseen.<\/p>\n<p class=\"aw-1gybjub aw-1p7kakr kEtdKx cEmitX yle__article__paragraph\">Viimeisen puheenvuoron piti H\u00e4meenkyr\u00f6n kunnanhallituksen puheenjohtaja <strong class=\"aw-ak79eh KyCXm yle__article__strong\">Esa J\u00e4rvenp\u00e4\u00e4<\/strong> (sd.).<\/p>\n<p class=\"aw-1gybjub aw-1p7kakr kEtdKx cEmitX yle__article__paragraph\">Siin\u00e4 h\u00e4n kertoi n\u00e4hneens\u00e4 unen, jossa joulupukki on huolissaan perheisiin syntyvien lasten m\u00e4\u00e4r\u00e4n v\u00e4hyydest\u00e4. Jos syntyvyys ei paranisi, joulupukki joutuisi k\u00e4ynnist\u00e4m\u00e4\u00e4n yt-menettelyn H\u00e4meenkyr\u00f6n lahjatehtaalle.<\/p>\n<p class=\"aw-1gybjub aw-1p7kakr kEtdKx cEmitX yle__article__paragraph\">J\u00e4rvenp\u00e4\u00e4 jatkoi tarinaa joulupukin ratkaisulla: kunnanvaltuusto voisi p\u00e4\u00e4tt\u00e4\u00e4 vuoden mittaisesta ehk\u00e4isyv\u00e4linekiellosta H\u00e4meenkyr\u00f6\u00f6n.<\/p>\n<p class=\"aw-1gybjub aw-1p7kakr kEtdKx cEmitX yle__article__paragraph\">Lopuksi J\u00e4rvenp\u00e4\u00e4 toivotti valtuustolle rauhallista joulun aikaa ja vuodenvaihdetta.<\/p>\n<p class=\"aw-1gybjub aw-1p7kakr kEtdKx cEmitX yle__article__paragraph\">Esa J\u00e4rvenp\u00e4\u00e4 kertoo kirjoittaneensa joulusadun pitk\u00e4n kokouksen lomassa. H\u00e4n painottaa kirjoittaneensa sadun kevent\u00e4\u00e4kseen pitk\u00e4\u00e4 ja raskasta kokousta, jossa k\u00e4siteltiin tulevien vuosien talousarviota.<\/p>\n<p class=\"aw-1gybjub aw-1p7kakr kEtdKx cEmitX yle__article__paragraph\">\u2013 Seh\u00e4n olisi todella todella h\u00f6lm\u00f6\u00e4 tehd\u00e4 semmoisia p\u00e4\u00e4t\u00f6sehdotuksia. Se on pelkk\u00e4 joulusatu. Siin\u00e4 ei ole mit\u00e4\u00e4n todellista p\u00e4\u00e4t\u00f6ksentekoon liittyv\u00e4\u00e4.<\/p>\n<p class=\"aw-1gybjub aw-1p7kakr kEtdKx cEmitX yle__article__paragraph\">H\u00e4meenkyr\u00f6 kuuluu Pirkanmaan hyvinvointialueeseen, jossa alle 25-vuotiaat saavat maksutonta ehk\u00e4isy\u00e4.<\/p>\n<p class=\"aw-1gybjub aw-1p7kakr kEtdKx cEmitX yle__article__paragraph\">J\u00e4rvenp\u00e4\u00e4 kertoo olleensa kannattamassa ehk\u00e4isyn maksuttomuutta ja pit\u00e4\u00e4 sit\u00e4 t\u00e4rke\u00e4n\u00e4 asiana.<\/p>\n<p class=\"aw-1gybjub aw-1p7kakr kEtdKx cEmitX yle__article__paragraph\">\u2013 Ajattelin lis\u00e4t\u00e4 jotain pelkk\u00e4\u00e4n joulutoivotukseen, ett\u00e4 saisi ihmisille hymyn aikaiseksi. Ik\u00e4v\u00e4\u00e4, jos k\u00e4\u00e4ntyy n\u00e4in, ett\u00e4 siit\u00e4 tuleekin surua. Olen todella pahoillani, jos n\u00e4in on k\u00e4ynyt.<\/p>\n<p class=\"aw-1gybjub aw-1p7kakr kEtdKx cEmitX yle__article__paragraph\">Valtuuston kokouksesta kertoi ensin verkkojulkaisu <a class=\"aw-iao6s4 iHOxEa yle__article__link\" href=\"https:\/\/timinsanomat.wordpress.com\/2025\/12\/17\/hameenkyron-kunnanhallituksen-puheenjohtaja-esa-jarvenpaa-joupukki-paatti-ehdottaa-valtuuston-paatettavaksi-vuoden-ehkaisykieltoa-etta-tontut-eivat-pajalla-joudu-yytee-neuvottelujen-piiriin-ja-lapsi\/\" role=\"link\" rel=\"nofollow noopener\" target=\"_blank\">Timin Sanomat<\/a>.<\/p>\n<p>Taustalla huoli alhaisesta syntyvyydest\u00e4<\/p>\n<p class=\"aw-1gybjub aw-1p7kakr kEtdKx cEmitX yle__article__paragraph\">Vaikka joulutervehdys oli tarkoitettu kokouksen tunnelman kevennykseksi, J\u00e4rvenp\u00e4\u00e4ll\u00e4 on my\u00f6s aito huoli kunnan syntyvyystilanteesta.<\/p>\n<p class=\"aw-1gybjub aw-1p7kakr kEtdKx cEmitX yle__article__paragraph\">H\u00e4n kertoo, ett\u00e4 vuoden 2025 marraskuun loppuun menness\u00e4 H\u00e4meenkyr\u00f6\u00f6n on syntynyt 57 lasta.<\/p>\n<p class=\"aw-1gybjub aw-1p7kakr kEtdKx cEmitX yle__article__paragraph\">\u2013 Se oli kuvaannollinen toivomus kuntalaisille nuorille pareille, ett\u00e4 jos nyt harkitsevat lasten tekoa, niin kannattaisi tehd\u00e4.<\/p>\n<p class=\"aw-1gybjub aw-1p7kakr kEtdKx cEmitX yle__article__paragraph\">J\u00e4rvenp\u00e4\u00e4n puheenvuoron j\u00e4lkeen kokoussalista <a class=\"aw-iao6s4 iHOxEa yle__article__link\" href=\"https:\/\/hameenkyro.fi\/linkki-kunnanvaltuuston-15-12-2025-kokoukseen\/\" role=\"link\" rel=\"nofollow noopener\" target=\"_blank\">kuului naurua<\/a>. Olihan kokousta takana jo 5,5 tuntia, sanoo valtuuston 2. varapuheenjohtaja <strong class=\"aw-ak79eh KyCXm yle__article__strong\">Kirsi Parhankangas<\/strong> (kok.).<\/p>\n<p class=\"aw-1gybjub aw-1p7kakr kEtdKx cEmitX yle__article__paragraph\">\u2013 Esa sanoi ennen puhettaan, ett\u00e4 se on huumorilla kirjoitettu. Tosiasiahan on, ett\u00e4 syntyvyys on kovasti laskenut.<\/p>\n<p class=\"aw-1gybjub aw-1p7kakr kEtdKx cEmitX yle__article__paragraph\">My\u00f6s J\u00e4rvenp\u00e4\u00e4n oman arvion mukaan satuun suhtauduttiin huumorilla.<\/p>\n<p class=\"aw-1gybjub aw-1p7kakr kEtdKx cEmitX yle__article__paragraph\">\u2013 Kyll\u00e4h\u00e4n minulle olisi tullut saman tien viesti\u00e4 ja muuta naapuripuolueelta, jos siin\u00e4 nyt jotain sellaista olisi, ett\u00e4 se vakavissaan olisi otettu.<\/p>\n","protected":false},"excerpt":{"rendered":"Puheenjohtaja halusi kannustaa h\u00e4meen\u00adkyr\u00f6l\u00e4isi\u00e4 huumorin keinoin lapsiluvun kasvattamiseen. Avaa kuvien katselu H\u00e4meenkyr\u00f6n kunnanhallituksen puheenjohtaja Esa J\u00e4rvenp\u00e4\u00e4 kevensi valtuustokokousta&hellip;\n","protected":false},"author":2,"featured_media":119216,"comment_status":"","ping_status":"","sticky":false,"template":"","format":"standard","meta":{"footnotes":""},"categories":[12],"tags":[22,23,21576,26,27,33,31,30,3800,17,5856,14472,71,1833,24,25,28,29,15,18,21,553,32,19,20,16,21575],"class_list":{"0":"post-119215","1":"post","2":"type-post","3":"status-publish","4":"format-standard","5":"has-post-thumbnail","7":"category-suomi","8":"tag-breaking-news","9":"tag-breakingnews","10":"tag-ehkaisymenetelmat","11":"tag-featured-news","12":"tag-featurednews","13":"tag-fi","14":"tag-finland","15":"tag-finnish","16":"tag-hameenkyro","17":"tag-headlines","18":"tag-joulu","19":"tag-joulupukki","20":"tag-kotimaa","21":"tag-kunnat","22":"tag-latest-news","23":"tag-latestnews","24":"tag-main-news","25":"tag-mainnews","26":"tag-news","27":"tag-otsikot","28":"tag-paauutiset","29":"tag-pirkanmaa","30":"tag-suomi","31":"tag-top-stories","32":"tag-topstories","33":"tag-uutiset","34":"tag-valtuustot"},"share_on_mastodon":{"url":"https:\/\/pubeurope.com\/@fi\/115737617046768910","error":""},"_links":{"self":[{"href":"https:\/\/www.europesays.com\/fi\/wp-json\/wp\/v2\/posts\/119215","targetHints":{"allow":["GET"]}}],"collection":[{"href":"https:\/\/www.europesays.com\/fi\/wp-json\/wp\/v2\/posts"}],"about":[{"href":"https:\/\/www.europesays.com\/fi\/wp-json\/wp\/v2\/types\/post"}],"author":[{"embeddable":true,"href":"https:\/\/www.europesays.com\/fi\/wp-json\/wp\/v2\/users\/2"}],"replies":[{"embeddable":true,"href":"https:\/\/www.europesays.com\/fi\/wp-json\/wp\/v2\/comments?post=119215"}],"version-history":[{"count":0,"href":"https:\/\/www.europesays.com\/fi\/wp-json\/wp\/v2\/posts\/119215\/revisions"}],"wp:featuredmedia":[{"embeddable":true,"href":"https:\/\/www.europesays.com\/fi\/wp-json\/wp\/v2\/media\/119216"}],"wp:attachment":[{"href":"https:\/\/www.europesays.com\/fi\/wp-json\/wp\/v2\/media?parent=119215"}],"wp:term":[{"taxonomy":"category","embeddable":true,"href":"https:\/\/www.europesays.com\/fi\/wp-json\/wp\/v2\/categories?post=119215"},{"taxonomy":"post_tag","embeddable":true,"href":"https:\/\/www.europesays.com\/fi\/wp-json\/wp\/v2\/tags?post=119215"}],"curies":[{"name":"wp","href":"https:\/\/api.w.org\/{rel}","templated":true}]}}