{"id":119224,"date":"2025-12-18T00:17:11","date_gmt":"2025-12-18T00:17:11","guid":{"rendered":"https:\/\/www.europesays.com\/fi\/119224\/"},"modified":"2025-12-18T00:17:11","modified_gmt":"2025-12-18T00:17:11","slug":"olympialaisten-avajaisissa-esiintyva-supernimi-paljastettiin","status":"publish","type":"post","link":"https:\/\/www.europesays.com\/fi\/119224\/","title":{"rendered":"Olympialaisten avajaisissa esiintyv\u00e4 supernimi paljastettiin"},"content":{"rendered":"<p>Mariah Carey n\u00e4hd\u00e4\u00e4n Milano-Cortinan avajaisissa.<\/p>\n<p><img decoding=\"async\" class=\"image image-show image-preview\" src=\"https:\/\/www.europesays.com\/fi\/wp-content\/uploads\/2025\/12\/d75ec4a0f8c495b34ca94d5646f63f80e701fd054bc1f5520cc2a72994a65877.jpg\" alt=\"\"\/><img decoding=\"async\" class=\"image image-show\" src=\"https:\/\/www.europesays.com\/fi\/wp-content\/uploads\/2025\/12\/1766017029_954_d75ec4a0f8c495b34ca94d5646f63f80e701fd054bc1f5520cc2a72994a65877.jpg\" alt=\"\"\/><\/p>\n<p>Mariah Carey viihdytt\u00e4\u00e4 urheiluv\u00e4ke\u00e4 olympialaisten avajaisissa. AOP<\/p>\n<p class=\"paragraph\">Popikoni <strong>Mariah Carey<\/strong> esiintyy 6. helmikuuta olympialaisten avajaisissa. Tapahtuma j\u00e4rjestet\u00e4\u00e4n Milanossa legendaarisella San Siro -stadionilla.<\/p>\n<p class=\"paragraph\">Viisinkertainen Grammy-voittaja tunnetaan muun muassa hiteist\u00e4\u00e4n \u201dAll I Want for Christmas Is You\u201d, \u201dWe Belong Together\u201d ja \u201dObsessed\u201d.<\/p>\n<p class=\"paragraph\">Olympialaisten avajaisissa ja p\u00e4\u00e4tt\u00e4j\u00e4isiss\u00e4 on n\u00e4hty vuosien varrella useita maailmant\u00e4hti\u00e4 kuten <strong>Lady Gaga<\/strong> ja <strong>Celine Dion<\/strong> sek\u00e4 huippub\u00e4ndej\u00e4 Spice Girlsist\u00e4 Kissiin.<\/p>\n<p class=\"paragraph\">Milano-Cortinan olympialaiset kisataan 6.2.\u201322.2.2026.<\/p>\n<p class=\"paragraph\">L\u00e4hde: <a href=\"https:\/\/www.olympics.com\/en\/milano-cortina-2026\/news\/mariah-carey-to-perform-at-the-milano-cortina-2026-opening-ceremony-which-other-artists-have-performed-at-the-olympics\" target=\"_blank\" rel=\"noopener nofollow\">Olympics.com<\/a><\/p>\n<p><a href=\"https:\/\/www.iltalehti.fi\/telkku\/?utm_source=iltalehti.fi&amp;utm_medium=almainternal&amp;utm_campaign=urheilu_artikkelibanneri&amp;utm_content=banner_612_a\" rel=\"nofollow noopener\" target=\"_blank\"><img decoding=\"async\" src=\"https:\/\/www.europesays.com\/fi\/wp-content\/uploads\/2025\/08\/7ef604e47d46ca174b7df4149bd3557dbde56a86d520f8e1b2125548b0a2e03a.png\" alt=\"TV-ohjelmat t\u00e4n\u00e4\u00e4n, TV-opas\"\/><\/a><\/p>\n","protected":false},"excerpt":{"rendered":"Mariah Carey n\u00e4hd\u00e4\u00e4n Milano-Cortinan avajaisissa. Mariah Carey viihdytt\u00e4\u00e4 urheiluv\u00e4ke\u00e4 olympialaisten avajaisissa. AOP Popikoni Mariah Carey esiintyy 6. helmikuuta&hellip;\n","protected":false},"author":2,"featured_media":119225,"comment_status":"","ping_status":"","sticky":false,"template":"","format":"standard","meta":{"footnotes":""},"categories":[130],"tags":[35,138,137,33,31,30,525,47,141,32,484,109],"class_list":{"0":"post-119224","1":"post","2":"type-post","3":"status-publish","4":"format-standard","5":"has-post-thumbnail","7":"category-viihde","8":"tag-24h","9":"tag-audio","10":"tag-entertainment","11":"tag-fi","12":"tag-finland","13":"tag-finnish","14":"tag-laulaminen-ja-laulajat","15":"tag-musiikki","16":"tag-muusikot-bandit","17":"tag-suomi","18":"tag-taiteellinen-ilmaisu-ja-mediat","19":"tag-viihde"},"share_on_mastodon":{"url":"https:\/\/pubeurope.com\/@fi\/115737699738605192","error":""},"_links":{"self":[{"href":"https:\/\/www.europesays.com\/fi\/wp-json\/wp\/v2\/posts\/119224","targetHints":{"allow":["GET"]}}],"collection":[{"href":"https:\/\/www.europesays.com\/fi\/wp-json\/wp\/v2\/posts"}],"about":[{"href":"https:\/\/www.europesays.com\/fi\/wp-json\/wp\/v2\/types\/post"}],"author":[{"embeddable":true,"href":"https:\/\/www.europesays.com\/fi\/wp-json\/wp\/v2\/users\/2"}],"replies":[{"embeddable":true,"href":"https:\/\/www.europesays.com\/fi\/wp-json\/wp\/v2\/comments?post=119224"}],"version-history":[{"count":0,"href":"https:\/\/www.europesays.com\/fi\/wp-json\/wp\/v2\/posts\/119224\/revisions"}],"wp:featuredmedia":[{"embeddable":true,"href":"https:\/\/www.europesays.com\/fi\/wp-json\/wp\/v2\/media\/119225"}],"wp:attachment":[{"href":"https:\/\/www.europesays.com\/fi\/wp-json\/wp\/v2\/media?parent=119224"}],"wp:term":[{"taxonomy":"category","embeddable":true,"href":"https:\/\/www.europesays.com\/fi\/wp-json\/wp\/v2\/categories?post=119224"},{"taxonomy":"post_tag","embeddable":true,"href":"https:\/\/www.europesays.com\/fi\/wp-json\/wp\/v2\/tags?post=119224"}],"curies":[{"name":"wp","href":"https:\/\/api.w.org\/{rel}","templated":true}]}}