{"id":119226,"date":"2025-12-18T00:20:32","date_gmt":"2025-12-18T00:20:32","guid":{"rendered":"https:\/\/www.europesays.com\/fi\/119226\/"},"modified":"2025-12-18T00:20:32","modified_gmt":"2025-12-18T00:20:32","slug":"valmet-automotive-alkaa-koota-sisu-auton-gt-sarjaa-uudenkaupungin-tehtaalla-koneet-ja-autot","status":"publish","type":"post","link":"https:\/\/www.europesays.com\/fi\/119226\/","title":{"rendered":"Valmet Automotive alkaa koota Sisu Auton GT-sarjaa Uudenkaupungin tehtaalla &#8211; Koneet ja autot"},"content":{"rendered":"<p>Sisu Auton tavoite on kolminkertaistaa tuotantokapasiteetti kahden vuoden kuluessa. <\/p>\n<p><a class=\"ArticleImage_imageContainer__e0EST\" href=\"https:\/\/www.europesays.com\/fi\/wp-content\/uploads\/2025\/12\/AA7uUDYdt3tLUP4TUCwFdUBDcEE.jpg\"><img decoding=\"async\" src=\"https:\/\/www.europesays.com\/fi\/wp-content\/uploads\/2025\/12\/AA7uUDYdt3tLUP4TUCwFdUBDcEE.jpg\" alt=\"Sisu GT -sarjan sotilasajoneuvojen valmistuksen arvioidaan ty\u00f6llist\u00e4v\u00e4n Uudenkaupungin tehtaalla vuositasolla runsaat 300 ty\u00f6ntekij\u00e4\u00e4. LEHTIKUVA \/ Heikki Saukkomaa. \" loading=\"lazy\"\/><\/a><\/p>\n<p>Sisu GT -sarjan sotilasajoneuvojen valmistuksen arvioidaan ty\u00f6llist\u00e4v\u00e4n Uudenkaupungin tehtaalla vuositasolla runsaat 300 ty\u00f6ntekij\u00e4\u00e4. LEHTIKUVA \/ Heikki Saukkomaa. \u00a0<\/p>\n<p class=\"RichTextParagraph_richTextParagraph__Wxs3t undefined\">Valmet Automotive ja Sisu Auto ovat allekirjoittaneet sopimuksen Sisu GT -sarjan sotilasajoneuvojen osavalmistuksesta ja kokoamisesta Uudenkaupungin autotehtaalla.<\/p>\n<p class=\"RichTextParagraph_richTextParagraph__Wxs3t undefined\">Sisu Auton tavoite on kolminkertaistaa tuotantokapasiteetti kahden vuoden kuluessa. Yhden noin 65-prosenttisesti kotimaisen Sisu GT -sarjan ajoneuvon kotimaisen ty\u00f6n m\u00e4\u00e4r\u00e4 on runsas henkil\u00f6ty\u00f6vuosi.<\/p>\n<p class=\"RichTextParagraph_richTextParagraph__Wxs3t undefined\">Valmistuksen arvioidaan ty\u00f6llist\u00e4v\u00e4n Uudenkaupungin tehtaalla vuositasolla runsaat 300 ty\u00f6ntekij\u00e4\u00e4. <\/p>\n","protected":false},"excerpt":{"rendered":"Sisu Auton tavoite on kolminkertaistaa tuotantokapasiteetti kahden vuoden kuluessa. Sisu GT -sarjan sotilasajoneuvojen valmistuksen arvioidaan ty\u00f6llist\u00e4v\u00e4n Uudenkaupungin tehtaalla&hellip;\n","protected":false},"author":2,"featured_media":119227,"comment_status":"","ping_status":"","sticky":false,"template":"","format":"standard","meta":{"footnotes":""},"categories":[76],"tags":[79,77,33,31,30,32,78],"class_list":{"0":"post-119226","1":"post","2":"type-post","3":"status-publish","4":"format-standard","5":"has-post-thumbnail","7":"category-talous","8":"tag-business","9":"tag-economy","10":"tag-fi","11":"tag-finland","12":"tag-finnish","13":"tag-suomi","14":"tag-talous"},"share_on_mastodon":{"url":"https:\/\/pubeurope.com\/@fi\/115737711672677831","error":""},"_links":{"self":[{"href":"https:\/\/www.europesays.com\/fi\/wp-json\/wp\/v2\/posts\/119226","targetHints":{"allow":["GET"]}}],"collection":[{"href":"https:\/\/www.europesays.com\/fi\/wp-json\/wp\/v2\/posts"}],"about":[{"href":"https:\/\/www.europesays.com\/fi\/wp-json\/wp\/v2\/types\/post"}],"author":[{"embeddable":true,"href":"https:\/\/www.europesays.com\/fi\/wp-json\/wp\/v2\/users\/2"}],"replies":[{"embeddable":true,"href":"https:\/\/www.europesays.com\/fi\/wp-json\/wp\/v2\/comments?post=119226"}],"version-history":[{"count":0,"href":"https:\/\/www.europesays.com\/fi\/wp-json\/wp\/v2\/posts\/119226\/revisions"}],"wp:featuredmedia":[{"embeddable":true,"href":"https:\/\/www.europesays.com\/fi\/wp-json\/wp\/v2\/media\/119227"}],"wp:attachment":[{"href":"https:\/\/www.europesays.com\/fi\/wp-json\/wp\/v2\/media?parent=119226"}],"wp:term":[{"taxonomy":"category","embeddable":true,"href":"https:\/\/www.europesays.com\/fi\/wp-json\/wp\/v2\/categories?post=119226"},{"taxonomy":"post_tag","embeddable":true,"href":"https:\/\/www.europesays.com\/fi\/wp-json\/wp\/v2\/tags?post=119226"}],"curies":[{"name":"wp","href":"https:\/\/api.w.org\/{rel}","templated":true}]}}