{"id":119270,"date":"2025-12-18T01:40:10","date_gmt":"2025-12-18T01:40:10","guid":{"rendered":"https:\/\/www.europesays.com\/fi\/119270\/"},"modified":"2025-12-18T01:40:10","modified_gmt":"2025-12-18T01:40:10","slug":"nuorisoavustuksiin-kuuluva-vuosiavustus-haettavana-1-1-28-2-2026","status":"publish","type":"post","link":"https:\/\/www.europesays.com\/fi\/119270\/","title":{"rendered":"Nuorisoavustuksiin kuuluva vuosiavustus haettavana 1.1.-28.2.2026"},"content":{"rendered":"<p>Oulun kaupungin nuorisoavustuksiin kuuluvan vuosiavustuksen hakuaika on tammi-helmikuun ajan, ja haku tapahtuu eAsioinnin kautta. Vuosiavustusta voidaan my\u00f6nt\u00e4\u00e4 nuorisoyhdistysten yleisen toiminnan tukemiseen, koulutus- ja kurssitoimintaan, leiritoimintaan, kansainv\u00e4liseen toimintaan ja ty\u00f6ntekij\u00f6iden palkkaamiseen.<\/p>\n<p>Vuosiavustuksen hakuaika on <strong>1.1.-28.2.2026<\/strong>. S\u00e4hk\u00f6isen hakemuksen j\u00e4tt\u00e4miseen tarvitset suomi.fi-valtuudet.\u00a0<\/p>\n<p><strong>N\u00e4in eAsiointi toimii:<\/strong><\/p>\n<p>Vuoden 2026 vuosiavustusta haetaan eAsioinnin kautta. Hakulomake l\u00f6ytyy 1.1.2026 alkaen <a href=\"https:\/\/easiointi.ouka.fi\/\" rel=\"nofollow noopener\" target=\"_blank\">eAsioinnin sivulta<\/a>.<\/p>\n<p>Palveluun kirjaudutaan pankkitunnuksilla, mobiilivarmenteella tai varmennekortilla. Ensimm\u00e4isell\u00e4 k\u00e4ytt\u00f6kerralla sinua pyydet\u00e4\u00e4n rekister\u00f6itym\u00e4\u00e4n. Yrityksen, yhteis\u00f6n tai toisen henkil\u00f6n puolesta asioitaessa tulee kirjautuneella olla t\u00e4h\u00e4n my\u00f6nnetyt Suomi.fi-valtuudet. My\u00f6nnettyn\u00e4 pit\u00e4\u00e4 olla &#8221;Avustushakemuksen tekeminen&#8221; -valtuusasia. Yleiset nimenkirjoitusoikeus-tyyppiset valtuudet riitt\u00e4v\u00e4t my\u00f6s.<\/p>\n<p><a href=\"https:\/\/www.suomi.fi\/ohjeet-ja-tuki\/valtuudet\/henkilon-valtuudet\/valtuuspyynnon-tekeminen-henkilona\/nain-pyydat-valtuuksia-henkilona\" rel=\"nofollow noopener\" target=\"_blank\">Hae Suomi.fi-valtuudet t\u00e4\u00e4lt\u00e4.<\/a><\/p>\n<p>eAsioinnin lomake kannattaa t\u00e4ytt\u00e4\u00e4 kerralla alusta loppuun, joten varaa aikaa ja hakemukseen tarvittavat materiaalit valmiiksi. Jos lomakkeen t\u00e4ytt\u00e4minen on hidasta tai se pys\u00e4htyy, suosittelemme kokeilemaan toista selainta. Lomake on mahdollista tallentaa luonnoksena ja palata t\u00e4ydent\u00e4m\u00e4\u00e4n sit\u00e4 my\u00f6hemmin.<\/p>\n<p>Saat tukea s\u00e4hk\u00f6isen hakulomakkeen t\u00e4ytt\u00e4miseen Oulu10-asiakaspalvelusta puhelimitse p. 08 558 558 00, s\u00e4hk\u00f6postilla: <a href=\"https:\/\/www.ouka.fi\/uutiset\/mailto:oulu10@ouka.fi%3cmailto:oulu10@ouka.fi\" rel=\"nofollow noopener\" target=\"_blank\">oulu10@ouka.fi<\/a> sek\u00e4 paikan p\u00e4\u00e4ll\u00e4 asiointipisteill\u00e4. <a href=\"https:\/\/www.ouka.fi\/asiakasohjaus-ja-neuvonta\/asiointipisteet\" rel=\"nofollow noopener\" target=\"_blank\">Katso Oulu10-asiointipisteet.<\/a><\/p>\n<p>Projektiavustusta ja Nuorten Nero -toimintarahaa voi hakea l\u00e4pi vuoden<\/p>\n<p>Projektiavustus on haettavissa l\u00e4pi vuoden. Sit\u00e4 my\u00f6nnet\u00e4\u00e4n tiettyn\u00e4 ajankohtana toimeenpantavan tapahtuman toteuttamiseen, uusien ty\u00f6muotojen kokeiluun ja muihin nuorten itsens\u00e4 toteuttamiin ja j\u00e4rjest\u00e4miin toimintoihin, jotka tukevat nuorten omaa osallistumista ja vaikuttamista. Projektiavustusta my\u00f6nnet\u00e4\u00e4n nuorisotoimintaan p\u00e4\u00e4s\u00e4\u00e4nt\u00f6isesti sellaisille nuorisoyhdistyksille ja nuorten ryhmille, jotka eiv\u00e4t saa vuosiavustusta.<\/p>\n<p><a href=\"https:\/\/www.ouka.fi\/nuorisopalveluiden-avustukset-ja-nero-toimintaraha\" rel=\"nofollow noopener\" target=\"_blank\">Lis\u00e4tietoa ja projektiavustuksen hakulomake Nuorisopalveluiden avustukset ja Nero-toimintaraha -sivulta.\u00a0<\/a><\/p>\n<p><strong>Projektiavustushakemukset toimitetaan Oulun kaupungin kirjaamoon:<\/strong><\/p>\n<p>OULUN KAUPUNGIN KIRJAAMO<br \/>Postiosoite: PL 71, 90015 Oulun kaupunki<br \/>K\u00e4yntiosoite: Kansankatu 55A<br \/>Aukioloajat: ma-pe 8.30-15.30<br \/>tai s\u00e4hk\u00f6postilla: <a href=\"https:\/\/www.ouka.fi\/uutiset\/mailto:kirjaamo@ouka.fi%3cmailto:kirjaamo@ouka.fi\" rel=\"nofollow noopener\" target=\"_blank\">kirjaamo@ouka.fi<\/a><\/p>\n<p>Nuorten Nero -toimintaraha on haettavissa l\u00e4pi vuoden. Se on tarkoitettu oululaisten nuorten projektien, tapahtumien ja erilaisten tilaisuuksien toteuttamiseen. Tavoitteena on k\u00e4ynnist\u00e4\u00e4 nuorten uutta toimintaa, joka muuten voisi j\u00e4\u00e4d\u00e4 syntym\u00e4tt\u00e4. Nuorten Nero -toimintarahaa haetaan eAsioinnin kautta.\u00a0<\/p>\n<p><a href=\"https:\/\/nuortenoulu.fi\/osallistu-ja-vaikuta\/nuorten-nero-toimintaraha\/\" data-entity-type=\"external\" rel=\"nofollow noopener\" target=\"_blank\">Lis\u00e4tietoa Nuorten Nero -toimintarahasta ja sen hakemisesta Nuorten Oulu -sivustolta.<\/a><\/p>\n<p><strong>Lis\u00e4tiedot:<\/strong><br \/>Vuosiavustus ja projektiavustus: Marko Tiusanen, <a href=\"https:\/\/www.ouka.fi\/uutiset\/mailto:marko.tiusanen@ouka.fi%3cmailto:marko.tiusanen@ouka.fi\" rel=\"nofollow noopener\" target=\"_blank\">marko.tiusanen@ouka.fi<\/a><br \/>Nuorten Nero -toimintaraha: Anu Puolanne, <a href=\"https:\/\/www.ouka.fi\/uutiset\/mailto:anu.puolanne@ouka.fi\" rel=\"nofollow noopener\" target=\"_blank\">anu.puolanne@ouka.fi<\/a><\/p>\n<p>\u00a0<\/p>\n","protected":false},"excerpt":{"rendered":"Oulun kaupungin nuorisoavustuksiin kuuluvan vuosiavustuksen hakuaika on tammi-helmikuun ajan, ja haku tapahtuu eAsioinnin kautta. Vuosiavustusta voidaan my\u00f6nt\u00e4\u00e4 nuorisoyhdistysten&hellip;\n","protected":false},"author":2,"featured_media":48259,"comment_status":"","ping_status":"","sticky":false,"template":"","format":"standard","meta":{"footnotes":""},"categories":[12],"tags":[22,23,26,27,33,31,30,17,24,25,28,29,15,18,21,32,19,20,16],"class_list":{"0":"post-119270","1":"post","2":"type-post","3":"status-publish","4":"format-standard","5":"has-post-thumbnail","7":"category-suomi","8":"tag-breaking-news","9":"tag-breakingnews","10":"tag-featured-news","11":"tag-featurednews","12":"tag-fi","13":"tag-finland","14":"tag-finnish","15":"tag-headlines","16":"tag-latest-news","17":"tag-latestnews","18":"tag-main-news","19":"tag-mainnews","20":"tag-news","21":"tag-otsikot","22":"tag-paauutiset","23":"tag-suomi","24":"tag-top-stories","25":"tag-topstories","26":"tag-uutiset"},"share_on_mastodon":{"url":"https:\/\/pubeurope.com\/@fi\/115738025977834367","error":""},"_links":{"self":[{"href":"https:\/\/www.europesays.com\/fi\/wp-json\/wp\/v2\/posts\/119270","targetHints":{"allow":["GET"]}}],"collection":[{"href":"https:\/\/www.europesays.com\/fi\/wp-json\/wp\/v2\/posts"}],"about":[{"href":"https:\/\/www.europesays.com\/fi\/wp-json\/wp\/v2\/types\/post"}],"author":[{"embeddable":true,"href":"https:\/\/www.europesays.com\/fi\/wp-json\/wp\/v2\/users\/2"}],"replies":[{"embeddable":true,"href":"https:\/\/www.europesays.com\/fi\/wp-json\/wp\/v2\/comments?post=119270"}],"version-history":[{"count":0,"href":"https:\/\/www.europesays.com\/fi\/wp-json\/wp\/v2\/posts\/119270\/revisions"}],"wp:featuredmedia":[{"embeddable":true,"href":"https:\/\/www.europesays.com\/fi\/wp-json\/wp\/v2\/media\/48259"}],"wp:attachment":[{"href":"https:\/\/www.europesays.com\/fi\/wp-json\/wp\/v2\/media?parent=119270"}],"wp:term":[{"taxonomy":"category","embeddable":true,"href":"https:\/\/www.europesays.com\/fi\/wp-json\/wp\/v2\/categories?post=119270"},{"taxonomy":"post_tag","embeddable":true,"href":"https:\/\/www.europesays.com\/fi\/wp-json\/wp\/v2\/tags?post=119270"}],"curies":[{"name":"wp","href":"https:\/\/api.w.org\/{rel}","templated":true}]}}