{"id":119278,"date":"2025-12-18T02:01:10","date_gmt":"2025-12-18T02:01:10","guid":{"rendered":"https:\/\/www.europesays.com\/fi\/119278\/"},"modified":"2025-12-18T02:01:10","modified_gmt":"2025-12-18T02:01:10","slug":"ylen-paikallisuutiset-nayttavat-koko-suomen-yle-on-tarjoillut-uutisia-alueellisesti-jo-vuosikymmenten-ajan-tarinoita-ylesta-yle-fi","status":"publish","type":"post","link":"https:\/\/www.europesays.com\/fi\/119278\/","title":{"rendered":"Ylen paikallisuutiset n\u00e4ytt\u00e4v\u00e4t koko Suomen \u2013 Yle on tarjoillut uutisia alueellisesti jo vuosikymmenten ajan \u2013 Tarinoita Ylest\u00e4 \u2013 yle.fi"},"content":{"rendered":"<p class=\"ydd-lead font-bold text-lg owl:text-xl\">  Paikallisella uutistoiminnalla on Yless\u00e4 pitk\u00e4 historia. Toimittajat v\u00e4litt\u00e4v\u00e4t tietoa paikallisista uutistapahtumista, penkovat syvemm\u00e4lt\u00e4 paikallista p\u00e4\u00e4t\u00f6ksentekoa ja ovat l\u00e4sn\u00e4 siell\u00e4, miss\u00e4 nopeat uutistilanteet kehittyv\u00e4t.<\/p>\n<p>Alueellista uutistoimintaa on tehty Ylen historian alkumetreilt\u00e4 alkaen ja siksi paikallisuudella on vankkumaton paikka Ylen pian satavuotisessa historiassa.<\/p>\n<p>J\u00e4rjest\u00e4ytyneemmin ja s\u00e4\u00e4nn\u00f6llisemmin <a class=\"link\" href=\"https:\/\/yle.fi\/a\/20-273832\" rel=\"nofollow noopener\" target=\"_blank\">alueellinen uutistoiminta alkoi muodostumaan 1960-luvulla<\/a>. Alueellisen uutistoiminnan aloittamisella seurattiin Ruotsin esimerkki\u00e4, sill\u00e4 siell\u00e4 oli havaittu, ett\u00e4 ihmiset tykk\u00e4siv\u00e4t kuunnella radiosta \u201dtuttuja asioita\u201d. Uutisia l\u00e4hetettiin aluksi kolme kertaa viikossa maanantaina, keskiviikkona ja perjantaina viidentoista minuutin mittaisina kello 17:n j\u00e4lkeen.<\/p>\n<p>Alueuutistoiminnan aloittaminen ei ollut 60-luvulla mik\u00e4\u00e4n itsest\u00e4\u00e4nselvyys. Ylen johdossa, kuten my\u00f6s hallintoneuvostossa, kyseenalaistettiin aluksi uutistoiminnan hajauttaminen maakuntiin, joissa oli jo ollut k\u00e4yt\u00f6ss\u00e4 kirjeenvaihtajat alueiden tapahtumista uutisoimassa. Paikallisradio Ylen aikaisen ensimm\u00e4inen l\u00e4hetys kuultiin 2.1.1975. Ylen aikainen edelsi nykyist\u00e4 Yle Helsinki\u00e4.<\/p>\n<p>    <img decoding=\"async\" alt=\"Kuvassa Ylen aikaisen vanha l\u00e4hetysauto, antennimasto ylh\u00e4\u00e4lle viritettyn\u00e4, punaisen talon pihalla.\" itemprop=\"image\" content=\"https:\/\/images.cdn.yle.fi\/image\/upload\/f_auto,fl_progressive\/fl_keep_iptc\/q_88\/w_2560\/w_700\/v1756970908\/39-151718168b93ebfd4b7f.jpg\" data-yle-id=\"39-151718168b93ebfd4b7f\" data-crop-coords=\"w_2560\" data-image-width=\"2560\" data-image-version=\"1756970908\" data-copyright=\"Seppo Sarkkinen\/YLE Kuvapalvelu.\" data-caption=\"Ensimm\u00e4inen paikallisradio, p\u00e4\u00e4kaupunkiseudun Ylen aikainen, aloitti koel\u00e4hetyksens\u00e4 Espoon mastosta jo vuonna 1975. Yleis\u00f6n l\u00f6yt\u00e4minen oli tuolloin kuitenkin ty\u00f6l\u00e4st\u00e4, koska vastaanottomien viritysnuppien s\u00e4\u00e4t\u00e4miseen ei oltu totuttu.\" data-ydd-modal-src=\"https:\/\/images.cdn.yle.fi\/image\/upload\/f_auto,fl_progressive\/q_auto\/w_2560\/w_1400\/w_1400,h_1063,c_fit\/v1756970908\/39-151718168b93ebfd4b7f.jpg\" data-ydd-modal-width=\"1400\" data-ydd-modal-height=\"1063\" class=\"ydd-image__image js-ydd-image lazyload\" viewbox=\"0 0 2560 1944\" width=\"100%\" height=\"100%\" fill=\"transparent\" src=\"https:\/\/www.europesays.com\/fi\/wp-content\/uploads\/2025\/12\/39-151718168b93ebfd4b7f.jpg\"\/><\/p>\n<p>                  Kuvateksti<br \/>\n          Ensimm\u00e4inen paikallisradio, p\u00e4\u00e4kaupunkiseudun Ylen aikainen, aloitti koel\u00e4hetyksens\u00e4 Espoon mastosta jo vuonna 1975. Yleis\u00f6n l\u00f6yt\u00e4minen oli tuolloin kuitenkin ty\u00f6l\u00e4st\u00e4, koska vastaanottomien viritysnuppien s\u00e4\u00e4t\u00e4miseen ei oltu totuttu.<\/p>\n<p>Kuva: Seppo Sarkkinen\/YLE Kuvapalvelu.<\/p>\n<p>            Ylen aikainen,alueet,radio,Radio- ja televisiotoiminta,Yle Radio Suomi<\/p>\n<p>T\u00e4ll\u00e4 hetkell\u00e4 Yle toimii yli <a class=\"link\" href=\"https:\/\/yle.fi\/aihe\/a\/20-10006895\" rel=\"nofollow noopener\" target=\"_blank\">kolmellakymmenell\u00e4 paikkakunnalla<\/a> ja varmistaa, ett\u00e4 koko Suomi n\u00e4kyy ja kuuluu koko Suomelle. Uutisia tarjoillaan l\u00e4helt\u00e4 l\u00e4helle ja l\u00e4helt\u00e4 kaikille. Suomenkielisi\u00e4 paikallistoimituksia on 27 paikkakunnalla ja uutisty\u00f6 kattaa kaikki 18 maakuntaa. Yhteisty\u00f6 on tiivist\u00e4 ruotsin- ja saamenkielisten toimitusten kanssa ja yhteenlaskettuna kyseess\u00e4 onkin Suomen suurin uutistoimitus.<\/p>\n<p>Paikallinen uutisty\u00f6 on ollut aina ajassa kiinni ja vastannut yleis\u00f6n muuttuviin tarpeisiin.<\/p>\n<p>\u201dAluetoiminnalla on hieno historia ja tekeminen on ollut jatkuvaa kehitt\u00e4mist\u00e4 sen mukaan, mit\u00e4 yleis\u00f6 meilt\u00e4 tarvitsee. Osaava henkil\u00f6kunta on tehnyt todella monta uudistusta ja ottanut haltuun uusia v\u00e4lineit\u00e4: kaikki l\u00e4hti radiosta, sitten alettiin tehd\u00e4 my\u00f6s alueellisia tv-uutisia ja sitten verkkoa \u2013 ja edelleen n\u00e4m\u00e4 kaikki ovat mukana paletissa\u201d, kertoo Ylen paikallisuutistoiminnan p\u00e4\u00e4toimittaja <strong>Riikka R\u00e4is\u00e4nen<\/strong>.<\/p>\n<p>\u201dKoko Suomen huomioonottaminen on ollut ensiarvoisen t\u00e4rke\u00e4\u00e4 Yleisradiolle aivan alusta l\u00e4htien, eiv\u00e4tk\u00e4 alueellisuuspainotukset ole h\u00e4lventyneet Suomen muuttuessa maaseutuperiferiasta j\u00e4lkiteolliseksi yhteiskunnaksi\u201d, dosentti <strong>Jukka Kortti<\/strong> kuvailee.<\/p>\n<p>Kortti on tuoreen Yle 100 -tutkimusteoksen toinen toimittaja ja osahankkeen vet\u00e4j\u00e4. Jukka Kortin ja <strong>Reetta H\u00e4nnisen<\/strong> toimittama teos <a class=\"link\" href=\"https:\/\/yle.fi\/aihe\/a\/20-10009085\" rel=\"nofollow noopener\" target=\"_blank\">Kansan \u00e4\u00e4ni ja kuva \u2013 Yle, Suomi ja suomalaiset 1926\u20132026<\/a> asettaa Ylen osaksi laajempaa mediahistoriaa ja yhteiskunnallista kehityst\u00e4.<\/p>\n<p>Teoksen mukaan alueellisuuteen panostaminen ilmeni yhti\u00f6n ensimm\u00e4isin\u00e4 vuosikymmenin\u00e4 etenkin siin\u00e4, miten radion kuuluvuutta maan kaikkiin kolkkiin kehitettiin, maakuntiin perustettiin paikallisstudioita ja esimerkiksi ohjelmatarjonnassa pyrittiin ottamaan huomioon maatalousv\u00e4est\u00f6n intressit.<\/p>\n<p>Paikallinen uutisjournalismi demokratian vahvistajana<\/p>\n<p>\u201dPaikallisella uutisjournalismilla sek\u00e4 n\u00e4kyv\u00e4ll\u00e4 ja kuuluvalla uutisl\u00e4sn\u00e4ololla kaikkialla Suomessa on demokratian kannalta suuri merkitys. Niin paikallisesti kuin valtakunnallisesti. Varmistamme, ett\u00e4 paikalliselle uutisjournalismille on tarjolla aiempaa enemm\u00e4n my\u00f6s valtakunnallista n\u00e4kyvyytt\u00e4 ja kuuluvuutta\u201d, toteaa Ylen paikallisuutistoiminnan p\u00e4\u00e4toimittaja Riikka R\u00e4is\u00e4nen.<\/p>\n<p>\u201dUusi valtakunnallinen aamup\u00e4ivien Koko Suomen radio on tuonut syyskuun alusta alkaen paikallisia uutistapahtumia entist\u00e4 paremmin koko Suomen tietoisuuteen. Marraskuussa aloittanut Radio Suomi l\u00e4hell\u00e4si -ohjelma puolestaan kuuluu iltap\u00e4ivisin jokaisessa maakunnassa omanlaisena, ja yli 70 % puhesis\u00e4ll\u00f6st\u00e4 on paikallista\u201d, R\u00e4is\u00e4nen jatkaa.<\/p>\n<p><a class=\"link\" href=\"https:\/\/yle.fi\/aihe\/a\/20-10008935\" rel=\"nofollow noopener\" target=\"_blank\">Uudet radio-ohjelmat<\/a> tekev\u00e4t koko Suomen n\u00e4kyv\u00e4ksi ja kuuluvaksi. Paikallisuus on l\u00e4sn\u00e4 moniv\u00e4lineisesti ja radiosis\u00e4lt\u00f6jen lis\u00e4ksi Ylen paikallistoimitukset huolehtivat, ett\u00e4 oman alueen asioista kerrotaan my\u00f6s verkossa ja televisiossa.<\/p>\n<p>Kattava paikallistoimitusten verkosto huolehtii osaltaan my\u00f6s Suomen huoltovarmuudesta<\/p>\n<p>Ylell\u00e4 on lakis\u00e4\u00e4teinen velvollisuus pysty\u00e4 toimimaan kaikissa olosuhteissa ja vahvat paikallistoimitukset varmistavat tiedonsaannin my\u00f6s kriiseiss\u00e4. Paikallinen toiminta onkin Ylen huoltovarmuuden ytimess\u00e4. <a class=\"link\" href=\"https:\/\/yle.fi\/aihe\/a\/20-10008767\" rel=\"nofollow noopener\" target=\"_blank\">Yle harjoittelee<\/a> toimintaansa poikkeuksellisissa tilanteissa s\u00e4\u00e4nn\u00f6llisesti ja ymp\u00e4ri maata hajautettu toimintamalli on yksi keskeisimmist\u00e4 tavoista varmistaa tiedonkulku erilaisissa kriisitilanteissa.<\/p>\n<p>\u201dKattavan paikallisen l\u00e4sn\u00e4olon ansiosta toimittajamme ovat nopeasti paikalla kertomassa ja n\u00e4ytt\u00e4m\u00e4ss\u00e4 mit\u00e4 tapahtuu. Menemme t\u00e4rkeiss\u00e4, isoissa aiheissa nopeasti syvemm\u00e4lle, tutkimme, pengomme ja selvit\u00e4mme. Tied\u00e4mme ja tunnemme alueet, joilla toimimme ja poikkeusoloissakin toimimme riippumattomasti journalististen periaatteiden mukaan\u201d, kuvaa R\u00e4is\u00e4nen.<\/p>\n<p>Paikallisuus on yksi Ylen uutistoiminnan kivijaloista. 18:sta maakunnasta l\u00e4hetett\u00e4v\u00e4t p\u00e4ivitt\u00e4iset radiouutiset sek\u00e4 10:lt\u00e4 alueelta tulevat televisiouutiset pysyv\u00e4t ohjelmistossa jatkossakin.<\/p>\n<p>Tarinoita Ylest\u00e4 -sarja taustoittaa ja kertoo Ylen monipuolisista osaajista, ohjelmista, kokeiluista ja ty\u00f6arjesta Yless\u00e4. Lue lis\u00e4\u00e4 <a class=\"link\" href=\"https:\/\/yle.fi\/aihe\/yleisradio\/tarinoita-ylesta\" rel=\"nofollow noopener\" target=\"_blank\">tarinoita Ylest\u00e4<\/a>!<\/p>\n","protected":false},"excerpt":{"rendered":"Paikallisella uutistoiminnalla on Yless\u00e4 pitk\u00e4 historia. Toimittajat v\u00e4litt\u00e4v\u00e4t tietoa paikallisista uutistapahtumista, penkovat syvemm\u00e4lt\u00e4 paikallista p\u00e4\u00e4t\u00f6ksentekoa ja ovat l\u00e4sn\u00e4&hellip;\n","protected":false},"author":2,"featured_media":119279,"comment_status":"","ping_status":"","sticky":false,"template":"","format":"standard","meta":{"footnotes":""},"categories":[130],"tags":[137,33,31,30,1258,32,109,1149,3736],"class_list":{"0":"post-119278","1":"post","2":"type-post","3":"status-publish","4":"format-standard","5":"has-post-thumbnail","7":"category-viihde","8":"tag-entertainment","9":"tag-fi","10":"tag-finland","11":"tag-finnish","12":"tag-radio-ja-televisiotoiminta","13":"tag-suomi","14":"tag-viihde","15":"tag-yle","16":"tag-yleisradioyhtiot"},"share_on_mastodon":{"url":"https:\/\/pubeurope.com\/@fi\/115738108620680614","error":""},"_links":{"self":[{"href":"https:\/\/www.europesays.com\/fi\/wp-json\/wp\/v2\/posts\/119278","targetHints":{"allow":["GET"]}}],"collection":[{"href":"https:\/\/www.europesays.com\/fi\/wp-json\/wp\/v2\/posts"}],"about":[{"href":"https:\/\/www.europesays.com\/fi\/wp-json\/wp\/v2\/types\/post"}],"author":[{"embeddable":true,"href":"https:\/\/www.europesays.com\/fi\/wp-json\/wp\/v2\/users\/2"}],"replies":[{"embeddable":true,"href":"https:\/\/www.europesays.com\/fi\/wp-json\/wp\/v2\/comments?post=119278"}],"version-history":[{"count":0,"href":"https:\/\/www.europesays.com\/fi\/wp-json\/wp\/v2\/posts\/119278\/revisions"}],"wp:featuredmedia":[{"embeddable":true,"href":"https:\/\/www.europesays.com\/fi\/wp-json\/wp\/v2\/media\/119279"}],"wp:attachment":[{"href":"https:\/\/www.europesays.com\/fi\/wp-json\/wp\/v2\/media?parent=119278"}],"wp:term":[{"taxonomy":"category","embeddable":true,"href":"https:\/\/www.europesays.com\/fi\/wp-json\/wp\/v2\/categories?post=119278"},{"taxonomy":"post_tag","embeddable":true,"href":"https:\/\/www.europesays.com\/fi\/wp-json\/wp\/v2\/tags?post=119278"}],"curies":[{"name":"wp","href":"https:\/\/api.w.org\/{rel}","templated":true}]}}