{"id":119292,"date":"2025-12-18T02:30:32","date_gmt":"2025-12-18T02:30:32","guid":{"rendered":"https:\/\/www.europesays.com\/fi\/119292\/"},"modified":"2025-12-18T02:30:32","modified_gmt":"2025-12-18T02:30:32","slug":"vuoden-parhaat-2025-nama-tuotteet-loistivat-tmn-testeissa-tana-vuonna","status":"publish","type":"post","link":"https:\/\/www.europesays.com\/fi\/119292\/","title":{"rendered":"Vuoden parhaat 2025 \u2013 N\u00e4m\u00e4 tuotteet loistivat TM:n testeiss\u00e4 t\u00e4n\u00e4 vuonna"},"content":{"rendered":"<p class=\"is-style-dropcap\">Tekniikan Maailma on kiist\u00e4m\u00e4tt\u00e4 Suomen johtava testilehti. Teemme testej\u00e4, pikakokeita, vertailuja ja koeajoja vuosittain enemm\u00e4n kuin kukaan muu.<\/p>\n<p>Kun harkitset uuden laitteen tai ajoneuvon hankintaa, l\u00f6yd\u00e4t todenn\u00e4k\u00f6isesti parhaat vaihtoehdot juuri TM:n testien ja vertailujen avulla.<\/p>\n<p>Vuoden 2025 aikana Tekniikan Maailmassa julkaistiin j\u00e4lleen mittava m\u00e4\u00e4r\u00e4 <a href=\"https:\/\/tekniikanmaailma.fi\/testit\/\" rel=\"nofollow noopener\" target=\"_blank\">testej\u00e4<\/a>: autoja, moottoripy\u00f6ri\u00e4, polkupy\u00f6ri\u00e4, suksia, televisioita, puhelimia, kuulokkeita, audiolaitteita, kodinkoneita, tietokoneita ja monia muita tuotteita. Testasimme yhteens\u00e4 noin 500 erilaista ajoneuvoa, laitetta ja vimpainta.<\/p>\n<p>Kun mukaan lasketaan samaan mediaperheeseen kuuluvat testilehdet <a href=\"https:\/\/rakennusmaailma.fi\/\" rel=\"nofollow noopener\" target=\"_blank\">TM Rakennusmaailma<\/a>, <a href=\"https:\/\/kipparilehti.fi\/\" rel=\"nofollow noopener\" target=\"_blank\">Kippari<\/a>, <a href=\"https:\/\/eralehti.fi\/\" rel=\"nofollow noopener\" target=\"_blank\">Er\u00e4<\/a> sek\u00e4 <a href=\"https:\/\/metsastysjakalastus.fi\/\" rel=\"nofollow noopener\" target=\"_blank\">Mets\u00e4stys ja Kalastus<\/a>, m\u00e4\u00e4r\u00e4 kasvaa viel\u00e4 useilla sadoilla. Monet n\u00e4ist\u00e4kin vertailuista julkaistaan <a href=\"https:\/\/tekniikanmaailma.fi\/digilehdet\/\" rel=\"nofollow noopener\" target=\"_blank\">TM- digilehdiss\u00e4<\/a>, joihin tilaajillamme on p\u00e4\u00e4sy.<\/p>\n<p>Olemme koonneet muutamia Tekniikan Maailman vuoden 2025 keskeisimpien vertailutestien voittajia, ja samalla kertaamme, millaiselta autojen ja elektroniikan vuosi 2025 n\u00e4ytti. Olemme my\u00f6s valinneet testiemme perusteella joukon laitteita ja autoja, joille olemme jakaneet kunniamainintoja.<\/p>\n<p>Testikatsauksen my\u00f6t\u00e4 Tekniikan Maailman toimitus haluaa my\u00f6s kiitt\u00e4\u00e4 lukijoitamme kuluneesta vuodesta ja toivottaa kaikki tervetulleiksi mukaan alkavaan, takuulla kiinnostavaan tekniikan vuoteen 2026!<\/p>\n<p class=\"is-style-triangle_before_text\"><a href=\"https:\/\/tekniikanmaailma.fi\/lehti\/22b-2025\/autovuosi-2025-kelpo-malleja-verkkaista-kauppaa\/\" rel=\"nofollow noopener\" target=\"_blank\">Autovuosi 2025 \u2013 Kelpo malleja, verkkaista kauppaa<\/a><\/p>\n<p class=\"is-style-triangle_before_text\"><a href=\"https:\/\/tekniikanmaailma.fi\/lehti\/22b-2025\/elektroniikan-vuosi-2025\/\" rel=\"nofollow noopener\" target=\"_blank\">Elektroniikan vuosi 2025<\/a><\/p>\n<p class=\"is-style-triangle_before_text\"><a href=\"https:\/\/tekniikanmaailma.fi\/lehti\/digilehti\/vuoden-parhaat-2025-tekniikan-maailma-tm-rakennusmaailma-ja-kippari-testaavat\/\" rel=\"nofollow noopener\" target=\"_blank\">Vuoden parhaat 2025 \u2013 Tekniikan Maailma, TM Rakennusmaailma ja Kippari testaavat<\/a><\/p>\n<p class=\"is-style-triangle_before_text\"><a href=\"https:\/\/tekniikanmaailma.fi\/lehti\/22b-2025\/lukijoiden-valinnat-2025\/\" rel=\"nofollow noopener\" target=\"_blank\">Lukijoiden valinnat 2025<\/a><\/p>\n","protected":false},"excerpt":{"rendered":"Tekniikan Maailma on kiist\u00e4m\u00e4tt\u00e4 Suomen johtava testilehti. Teemme testej\u00e4, pikakokeita, vertailuja ja koeajoja vuosittain enemm\u00e4n kuin kukaan muu.&hellip;\n","protected":false},"author":2,"featured_media":119293,"comment_status":"","ping_status":"","sticky":false,"template":"","format":"standard","meta":{"footnotes":""},"categories":[76],"tags":[79,77,33,31,30,32,78],"class_list":{"0":"post-119292","1":"post","2":"type-post","3":"status-publish","4":"format-standard","5":"has-post-thumbnail","7":"category-talous","8":"tag-business","9":"tag-economy","10":"tag-fi","11":"tag-finland","12":"tag-finnish","13":"tag-suomi","14":"tag-talous"},"share_on_mastodon":{"url":"https:\/\/pubeurope.com\/@fi\/115738222575655590","error":""},"_links":{"self":[{"href":"https:\/\/www.europesays.com\/fi\/wp-json\/wp\/v2\/posts\/119292","targetHints":{"allow":["GET"]}}],"collection":[{"href":"https:\/\/www.europesays.com\/fi\/wp-json\/wp\/v2\/posts"}],"about":[{"href":"https:\/\/www.europesays.com\/fi\/wp-json\/wp\/v2\/types\/post"}],"author":[{"embeddable":true,"href":"https:\/\/www.europesays.com\/fi\/wp-json\/wp\/v2\/users\/2"}],"replies":[{"embeddable":true,"href":"https:\/\/www.europesays.com\/fi\/wp-json\/wp\/v2\/comments?post=119292"}],"version-history":[{"count":0,"href":"https:\/\/www.europesays.com\/fi\/wp-json\/wp\/v2\/posts\/119292\/revisions"}],"wp:featuredmedia":[{"embeddable":true,"href":"https:\/\/www.europesays.com\/fi\/wp-json\/wp\/v2\/media\/119293"}],"wp:attachment":[{"href":"https:\/\/www.europesays.com\/fi\/wp-json\/wp\/v2\/media?parent=119292"}],"wp:term":[{"taxonomy":"category","embeddable":true,"href":"https:\/\/www.europesays.com\/fi\/wp-json\/wp\/v2\/categories?post=119292"},{"taxonomy":"post_tag","embeddable":true,"href":"https:\/\/www.europesays.com\/fi\/wp-json\/wp\/v2\/tags?post=119292"}],"curies":[{"name":"wp","href":"https:\/\/api.w.org\/{rel}","templated":true}]}}