{"id":119298,"date":"2025-12-18T02:33:15","date_gmt":"2025-12-18T02:33:15","guid":{"rendered":"https:\/\/www.europesays.com\/fi\/119298\/"},"modified":"2025-12-18T02:33:15","modified_gmt":"2025-12-18T02:33:15","slug":"poliisi-epailee-40-nuoren-joukko-hakkasi-ja-ryosti-nuoria-suunnitelmallisesti-helsingissa","status":"publish","type":"post","link":"https:\/\/www.europesays.com\/fi\/119298\/","title":{"rendered":"Poliisi ep\u00e4ilee: 40 nuoren joukko hakkasi ja ry\u00f6sti nuoria suunnitelmallisesti Helsingiss\u00e4"},"content":{"rendered":"<p>Rikosep\u00e4ilyt|Rikoksista ep\u00e4iltyn\u00e4 on noin 40 nuorta. Poliisi kutsuu rikos\u00adkokonaisuutta poikkeuksellisen suureksi.<\/p>\n<p>17.12. 13:39 | P\u00e4ivitetty 17.12. 15:04<\/p>\n<p class=\"article-body mb-nof-24 px-nof-16\">Useita nuoria ep\u00e4ill\u00e4\u00e4n ry\u00f6st\u00f6ist\u00e4 ja pahoinpitelyist\u00e4 eri puolilla Helsinki\u00e4 syksyn aikana, kertoo Helsingin poliisi. Poliisi kutsuu rikoskokonaisuutta poikkeuksellisen suureksi.<\/p>\n<p class=\"article-body mb-nof-24 px-nof-16\">Rikoksista ep\u00e4ill\u00e4\u00e4n noin 40:t\u00e4 nuorta. Suurin osa heist\u00e4 on maahanmuuttajataustaisia.<\/p>\n<p class=\"article-body mb-nof-24 px-nof-16\">Poliisi on selvitt\u00e4nyt 25:t\u00e4 rikosilmoitusta elokuun lopun ja marraskuun alun v\u00e4liselt\u00e4 ajalta.<\/p>\n<p class=\"article-body mb-nof-24 px-nof-16\">Uhreja on kuitenkin poliisin mukaan noin 40, kertoo rikosylitarkastaja <a class=\"article-personlink\" href=\"https:\/\/www.hs.fi\/haku\/?query=Markku%20Heinikari\" rel=\"nofollow noopener\" target=\"_blank\">Markku Heinikari<\/a>. Osa uhreista on saattanut j\u00e4tt\u00e4\u00e4 rikosilmoituksen tekem\u00e4tt\u00e4 sen takia, ett\u00e4 he eiv\u00e4t halua vanhempiensa tiet\u00e4v\u00e4n, miss\u00e4 he ovat olleet.<\/p>\n<p class=\"article-body mb-nof-24 px-nof-16\">Rikoksista ep\u00e4illyt ovat olleet tekohetkell\u00e4 14\u201318-vuotiaita. Vajaa puolet ep\u00e4illyist\u00e4 on ollut teon aikaan alle 15-vuotiaita.<\/p>\n<p class=\"article-body mb-nof-24 px-nof-16\">Ep\u00e4illyt rikokset ovat tapahtuneet paikoissa, joissa nuoret viett\u00e4v\u00e4t aikaa viikonloppuisin, kuten Alppipuistossa Alppilassa, Malmilla, Oulunkyl\u00e4ss\u00e4 ja Mustikkamaalla.<\/p>\n<p class=\"article-body mb-nof-24 px-nof-16\">Ep\u00e4iltyj\u00e4 tekoja on tapahtunut my\u00f6s esimerkiksi Triplan ja Kampin kauppakeskusten ulkopuolella. Ep\u00e4illyt ovat valinneet uhrin kauppakeskuksesta, mink\u00e4 j\u00e4lkeen h\u00e4net on viety ulos.<\/p>\n<p class=\"article-body mb-nof-24 px-nof-16\">Tapauksia on tutkittu muun muassa rikosnimikkeill\u00e4 t\u00f6rke\u00e4 ry\u00f6st\u00f6, t\u00f6rke\u00e4 pahoinpitely ja ry\u00f6st\u00f6. Uhrit ovat olleet 14\u201320-vuotiaita nuoria.<\/p>\n<p class=\"article-body mb-nof-24 px-nof-16\">\u201dRikoksen uhrit ovat valikoituneet t\u00e4ysin sattumanvaraisesti. Esitutkinnan perusteella ep\u00e4illyt ovat sopineet etuk\u00e4teen, ett\u00e4 he menev\u00e4t ry\u00f6st\u00e4m\u00e4\u00e4n ja pahoinpitelem\u00e4\u00e4n ihmisi\u00e4 nuorten suosimiin paikkoihin\u201d, kertoo rikoskomisario <a class=\"article-personlink\" href=\"https:\/\/www.hs.fi\/haku\/?query=Kari%20Martikainen\" rel=\"nofollow noopener\" target=\"_blank\">Kari Martikainen<\/a> tiedotteessa.<\/p>\n<p class=\"article-body mb-nof-24 px-nof-16\">Suurimmassa osassa tapauksista on ollut samanlainen tekotapa. Yksi tai kaksi ep\u00e4ilty\u00e4 on tervehtinyt uhria ja jutellut h\u00e4nelle kaverihengess\u00e4. Samaan aikaan suuri joukko muita ep\u00e4iltyj\u00e4 on ker\u00e4\u00e4ntynyt asianomistajan ymp\u00e4rille.<\/p>\n<p class=\"article-body mb-nof-24 px-nof-16\">Uhreja on ly\u00f6ty nyrkill\u00e4, kaadettu maahan ja potkittu. Ep\u00e4iltyjen porukka on ymp\u00e4r\u00f6inyt uhrin, jolloin he ovat olleet kyvytt\u00f6mi\u00e4 puolustamaan itse\u00e4\u00e4n. Joissakin tapauksissa uhrille aiheutuneet vammat ovat olleet vakavia.<\/p>\n<p class=\"article-body mb-nof-24 px-nof-16\">Ep\u00e4illyt ovat anastaneet uhreilta omaisuutta, kuten puhelimen, vaatteita tai s\u00e4hk\u00f6potkulaudan. Varastetuilla maksukorteilla ja rahoilla ep\u00e4illyt ovat ostaneet muun muassa lastenaterioita pikaruokaravintoloista.<\/p>\n<p class=\"article-body mb-nof-24 px-nof-16\">\u201dOsassa tapauksista ep\u00e4illyt ovat n\u00f6yryytt\u00e4neet uhria esimerkiksi pakottamalla riisumaan vaatteita. Asianomistajien p\u00e4\u00e4lle on saatettu sylke\u00e4 tai heid\u00e4t on pakotettu pyyt\u00e4m\u00e4\u00e4n anteeksi jotain asiaa. Ep\u00e4illyt ovat my\u00f6s videoineet tilanteita\u201d, sanoo Martikainen tiedotteessa.<\/p>\n<p class=\"article-body mb-nof-24 px-nof-16\">Esitutkintojen aikana vangittuna on ollut kahdeksan ep\u00e4ilty\u00e4. Kaksi henkil\u00f6\u00e4 on ollut m\u00e4\u00e4r\u00e4ttyn\u00e4 tehostettuun matkustuskieltoon.<\/p>\n<p class=\"article-body mb-nof-24 px-nof-16\">Rikoskokonaisuus siirtyy syytt\u00e4j\u00e4lle alkuvuonna 2026. Tammikuun aikana syyteharkintaan l\u00e4htee 16 tapausta.<\/p>\n","protected":false},"excerpt":{"rendered":"Rikosep\u00e4ilyt|Rikoksista ep\u00e4iltyn\u00e4 on noin 40 nuorta. Poliisi kutsuu rikos\u00adkokonaisuutta poikkeuksellisen suureksi. 17.12. 13:39 | P\u00e4ivitetty 17.12. 15:04 Useita&hellip;\n","protected":false},"author":2,"featured_media":96697,"comment_status":"","ping_status":"","sticky":false,"template":"","format":"standard","meta":{"footnotes":""},"categories":[5],"tags":[22,23,26,27,33,31,30,17,46,24,25,28,29,15,18,21,32,19,20,16],"class_list":{"0":"post-119298","1":"post","2":"type-post","3":"status-publish","4":"format-standard","5":"has-post-thumbnail","7":"category-otsikot","8":"tag-breaking-news","9":"tag-breakingnews","10":"tag-featured-news","11":"tag-featurednews","12":"tag-fi","13":"tag-finland","14":"tag-finnish","15":"tag-headlines","16":"tag-helsingin-sanomat","17":"tag-latest-news","18":"tag-latestnews","19":"tag-main-news","20":"tag-mainnews","21":"tag-news","22":"tag-otsikot","23":"tag-paauutiset","24":"tag-suomi","25":"tag-top-stories","26":"tag-topstories","27":"tag-uutiset"},"share_on_mastodon":{"url":"https:\/\/pubeurope.com\/@fi\/115738234252637749","error":""},"_links":{"self":[{"href":"https:\/\/www.europesays.com\/fi\/wp-json\/wp\/v2\/posts\/119298","targetHints":{"allow":["GET"]}}],"collection":[{"href":"https:\/\/www.europesays.com\/fi\/wp-json\/wp\/v2\/posts"}],"about":[{"href":"https:\/\/www.europesays.com\/fi\/wp-json\/wp\/v2\/types\/post"}],"author":[{"embeddable":true,"href":"https:\/\/www.europesays.com\/fi\/wp-json\/wp\/v2\/users\/2"}],"replies":[{"embeddable":true,"href":"https:\/\/www.europesays.com\/fi\/wp-json\/wp\/v2\/comments?post=119298"}],"version-history":[{"count":0,"href":"https:\/\/www.europesays.com\/fi\/wp-json\/wp\/v2\/posts\/119298\/revisions"}],"wp:featuredmedia":[{"embeddable":true,"href":"https:\/\/www.europesays.com\/fi\/wp-json\/wp\/v2\/media\/96697"}],"wp:attachment":[{"href":"https:\/\/www.europesays.com\/fi\/wp-json\/wp\/v2\/media?parent=119298"}],"wp:term":[{"taxonomy":"category","embeddable":true,"href":"https:\/\/www.europesays.com\/fi\/wp-json\/wp\/v2\/categories?post=119298"},{"taxonomy":"post_tag","embeddable":true,"href":"https:\/\/www.europesays.com\/fi\/wp-json\/wp\/v2\/tags?post=119298"}],"curies":[{"name":"wp","href":"https:\/\/api.w.org\/{rel}","templated":true}]}}